{"id":18709,"date":"2025-08-17T11:52:28","date_gmt":"2025-08-17T15:52:28","guid":{"rendered":"https:\/\/agromt.news\/?p=18709"},"modified":"2025-08-17T11:52:28","modified_gmt":"2025-08-17T15:52:28","slug":"feira-do-empreendedor-2025-reune-inovacao-e-negocios-em-sao-paulo","status":"publish","type":"post","link":"https:\/\/agromt.news\/?p=18709","title":{"rendered":"Feira do Empreendedor 2025 re\u00fane inova\u00e7\u00e3o e neg\u00f3cios em S\u00e3o Paulo"},"content":{"rendered":"<p> <br \/>\n<br \/><img decoding=\"async\" src=\"https:\/\/agromt.news\/wp-content\/uploads\/2025\/08\/Feira-do-Empreendedor-2025-reune-inovacao-e-negocios-em-Sao.png\" \/><\/p>\n<div>\n<p>A <a href=\"https:\/\/www.feirasenegocios.com.br\/evento\/feira-do-empreendedor\/\">Feira do Empreendedor<\/a> 2025 j\u00e1 tem data marcada. O evento acontece de 15 a 18 de outubro, das 10h \u00e0s 20h, no S\u00e3o Paulo Expo, com programa\u00e7\u00e3o tamb\u00e9m online e gratuita. Considerada a maior feira de empreendedorismo da Am\u00e9rica Latina, a expectativa \u00e9 atrair mais de 110 mil visitantes e gerar cerca de R$ 45 milh\u00f5es em neg\u00f3cios.<\/p>\n<p>Organizada pelo Sebrae-SP, a Feira do Empreendedor \u00e9 um ponto de encontro para empres\u00e1rios, investidores, startups e quem deseja abrir ou expandir um neg\u00f3cio. Durante quatro dias, o p\u00fablico poder\u00e1 conhecer tend\u00eancias de mercado, participar de palestras com especialistas, visitar espa\u00e7os de inova\u00e7\u00e3o e acessar oportunidades de cr\u00e9dito e capacita\u00e7\u00e3o.<\/p>\n<ul class=\"wp-block-list\">\n<li><em>Participe do Porteira Aberta Empreender: envie perguntas, sugest\u00f5es e conte sua hist\u00f3ria de empreendedorismo pelo <\/em><a href=\"https:\/\/api.whatsapp.com\/send?phone=5511932796720&amp;PorteiraAbertaEmpreender=SuaMensagem\"><strong>WhatsApp<\/strong><\/a><\/li>\n<\/ul>\n<\/div>\n<div>\n<p>Al\u00e9m da vers\u00e3o presencial no S\u00e3o Paulo Expo, a feira ter\u00e1 uma plataforma digital que garante a participa\u00e7\u00e3o de empreendedores de todo o Brasil. No ambiente virtual, ser\u00e1 poss\u00edvel visitar estandes, acompanhar transmiss\u00f5es ao vivo e interagir com empresas expositoras.<\/p>\n<p>Segundo os organizadores, a entrada \u00e9 gratuita, mas \u00e9 necess\u00e1rio <a href=\"https:\/\/www.canalrural.com.br\/empreendedorismo\/sebrae-sp-abre-inscricoes-para-a-feira-do-empreendedor-2025\/\">realizar inscri\u00e7\u00e3o<\/a> antecipada para garantir a participa\u00e7\u00e3o. A programa\u00e7\u00e3o completa ser\u00e1 divulgada nos pr\u00f3ximos meses no site oficial do evento.<\/p>\n<p>Com grande impacto econ\u00f4mico e social, a Feira do Empreendedor 2025 refor\u00e7a o papel do empreendedorismo como motor de inova\u00e7\u00e3o e desenvolvimento no pa\u00eds.<\/p>\n<\/p><\/div>\n<p><br \/>\n<br \/><a href=\"https:\/\/www.canalrural.com.br\/empreendedorismo\/feira-do-empreendedor-2025-reune-inovacao-e-negocios-em-sao-paulo\/\">Source link <\/a><\/p>\n","protected":false},"excerpt":{"rendered":"<p>A Feira do Empreendedor 2025 j\u00e1 tem data marcada. O evento acontece de 15 a 18 de outubro, das 10h<\/p>\n","protected":false},"author":1,"featured_media":18710,"comment_status":"open","ping_status":"open","sticky":false,"template":"","format":"standard","meta":{"_monsterinsights_skip_tracking":false,"_monsterinsights_sitenote_active":false,"_monsterinsights_sitenote_note":"","_monsterinsights_sitenote_category":0,"_uf_show_specific_survey":0,"_uf_disable_surveys":false,"footnotes":""},"categories":[1],"tags":[],"class_list":["post-18709","post","type-post","status-publish","format-standard","has-post-thumbnail","hentry","category-news"],"_links":{"self":[{"href":"https:\/\/agromt.news\/index.php?rest_route=\/wp\/v2\/posts\/18709"}],"collection":[{"href":"https:\/\/agromt.news\/index.php?rest_route=\/wp\/v2\/posts"}],"about":[{"href":"https:\/\/agromt.news\/index.php?rest_route=\/wp\/v2\/types\/post"}],"author":[{"embeddable":true,"href":"https:\/\/agromt.news\/index.php?rest_route=\/wp\/v2\/users\/1"}],"replies":[{"embeddable":true,"href":"https:\/\/agromt.news\/index.php?rest_route=%2Fwp%2Fv2%2Fcomments&post=18709"}],"version-history":[{"count":0,"href":"https:\/\/agromt.news\/index.php?rest_route=\/wp\/v2\/posts\/18709\/revisions"}],"wp:featuredmedia":[{"embeddable":true,"href":"https:\/\/agromt.news\/index.php?rest_route=\/wp\/v2\/media\/18710"}],"wp:attachment":[{"href":"https:\/\/agromt.news\/index.php?rest_route=%2Fwp%2Fv2%2Fmedia&parent=18709"}],"wp:term":[{"taxonomy":"category","embeddable":true,"href":"https:\/\/agromt.news\/index.php?rest_route=%2Fwp%2Fv2%2Fcategories&post=18709"},{"taxonomy":"post_tag","embeddable":true,"href":"https:\/\/agromt.news\/index.php?rest_route=%2Fwp%2Fv2%2Ftags&post=18709"}],"curies":[{"name":"wp","href":"https:\/\/api.w.org\/{rel}","templated":true}]}}