{"id":18708,"date":"2025-08-17T11:37:41","date_gmt":"2025-08-17T15:37:41","guid":{"rendered":"https:\/\/agromt.news\/?p=18708"},"modified":"2025-08-17T11:37:41","modified_gmt":"2025-08-17T15:37:41","slug":"moagem-no-centro-sul-atinge-5022-milhoes-de-toneladas-na-segunda-metade-de-julho","status":"publish","type":"post","link":"https:\/\/agromt.news\/?p=18708","title":{"rendered":"Moagem no Centro-Sul atinge 50,22 milh\u00f5es de toneladas na segunda metade de julho"},"content":{"rendered":"<p> <br \/>\n<\/p>\n<div>\n<p style=\"text-align:justify\">\u00a0Na segunda quinzena de julho, as unidades produtoras da regi\u00e3o Centro-Sul processaram 50,22 milh\u00f5es de toneladas ante a 51,59 milh\u00f5es da safra 2024\/2025 \u2013 o que representa uma queda de 2,66%. No acumulado da safra 2025\/2026 at\u00e9 1\u00ba de agosto, a moagem atingiu 306,24 milh\u00f5es de toneladas, ante 334,95 milh\u00f5es de toneladas registradas no mesmo per\u00edodo no ciclo anterior \u2013 retra\u00e7\u00e3o de 8,57%.&#13;\n<\/p>\n<p style=\"text-align:justify\">Operaram na segunda quinzena de julho 257 unidades produtoras na regi\u00e3o Centro-Sul, sendo 237 unidades com processamento de cana, dez empresas que fabricam etanol a partir do <a href=\"https:\/\/www.agrolink.com.br\/culturas\/milho?utm_source=agrolink-detalhe-noticia&amp;utm_medium=detalhe-noticia&amp;utm_campaign=links-internos&#9;\" target=\"_blank\" rel=\"noopener\">milho<\/a> e dez usinas flex. No mesmo per\u00edodo, na safra 24\/25, operaram 261 unidades produtoras, sendo 241 unidades com processamento de cana, nove empresas que fabricam etanol a partir do <a href=\"https:\/\/www.agrolink.com.br\/culturas\/milho?utm_source=agrolink-detalhe-noticia&amp;utm_medium=detalhe-noticia&amp;utm_campaign=links-internos&#9;\" target=\"_blank\" rel=\"noopener\">milho<\/a> e 11 usinas flex.<\/p>\n<p style=\"text-align:justify\">Em rela\u00e7\u00e3o \u00e0 qualidade da mat\u00e9ria-prima, o n\u00edvel de A\u00e7\u00facares Totais Recuper\u00e1veis (ATR) registrado na segunda quinzena de julho atingiu apenas 139,62 kg de ATR por tonelada de <a href=\"https:\/\/www.agrolink.com.br\/culturas\/cana-de-acucar\/?utm_source=agrolink-detalhe-noticia&amp;utm_medium=detalhe-noticia&amp;utm_campaign=links-internos\" target=\"_blank\" rel=\"noopener\">cana-de-a\u00e7\u00facar<\/a>, contra 147,29 kg por tonelada na safra 2024\/2025 \u2013 uma queda de 5,21%. No acumulado da safra, o indicador marca 126,85 kg de ATR por tonelada, registrando retra\u00e7\u00e3o de 4,77% na compara\u00e7\u00e3o com o valor observado na mesma posi\u00e7\u00e3o no ciclo anterior.<\/p>\n<p style=\"text-align:justify\">O diretor de Intelig\u00eancia Setorial da UNICA, Luciano Rodrigues, destaca que \u201co n\u00edvel de ATR da safra 2025\/2026 \u00e9 o menor observado em 10 anos. S\u00f3 no ciclo 2015\/2016, registramos um indicador qualidade inferior ao contabilizado at\u00e9 o momento no Centro-Sul\u201d. \u00a0<\/p>\n<p style=\"text-align:justify\">O executivo esclarece que o setor vive uma situa\u00e7\u00e3o at\u00edpica nesta safra, pois normalmente h\u00e1 uma rela\u00e7\u00e3o inversa entre produtividade agr\u00edcola e qualidade da mat\u00e9ria-prima. \u201cNeste ano, o regime de chuvas foi desfavor\u00e1vel em ambas as fases cr\u00edticas do ciclo da cana-de-a\u00e7\u00facar. No ver\u00e3o, a precipita\u00e7\u00e3o abaixo do ideal comprometeu o desenvolvimento das lavouras e reduziu a produtividade (TCH). J\u00e1 durante a colheita, o clima mais \u00famido prejudicou a concentra\u00e7\u00e3o de ATR na planta. Como consequ\u00eancia, a safra 2025\/2026 apresenta queda simult\u00e2nea nos indicadores de qualidade (ATR) e de produtividade (TCH)\u201d, explica Rodrigues.&#13;\n<\/p>\n<p style=\"text-align:justify\">De fato, dados apurados pelo Centro de Tecnologia Canavieira (CTC) indicam que, no acumulado de abril a julho, a produtividade agr\u00edcola registrou queda de 10% na m\u00e9dia do Centro-Sul na compara\u00e7\u00e3o com o valor observado em igual per\u00edodo do ciclo 2024\/2025, atingindo apenas 79,84 toneladas de cana por hectare neste ciclo.<\/p>\n<p style=\"text-align:justify\">\u201cA queda de 10% no TCH somada \u00e0 perda de 5% no ATR geraram uma redu\u00e7\u00e3o pr\u00f3xima a 15% na quantidade de ATR por hectare colhido (TAH), prejudicando a quantidade de produtos extra\u00edda por unidade de \u00e1rea. Com exce\u00e7\u00e3o do norte do Paran\u00e1 e da regi\u00e3o de Assis em S\u00e3o Paulo, a queda de TAH \u00e9 generalizada em todo o Centro-Sul, chegando a atingir 18,0% em Goi\u00e1s, 18,8% em S\u00e3o Jos\u00e9 do Rio Preto, 23,4% em Minas Gerais e 25,2% em Ribeir\u00e3o Preto\u201d, explica Rodrigues.<\/p>\n<p style=\"text-align:justify\"><strong>Produ\u00e7\u00e3o de a\u00e7\u00facar e etanol<\/strong><\/p>\n<p style=\"text-align:justify\">A produ\u00e7\u00e3o de a\u00e7\u00facar na segunda quinzena de julho totalizou 3,61 milh\u00f5es de toneladas, registrando queda de 0,80% na compara\u00e7\u00e3o com a quantidade registrada em igual per\u00edodo na safra 2024\/2025 (3,64 milh\u00f5es de toneladas). No acumulado desde o in\u00edcio da safra at\u00e9 1\u00aa de agosto, a fabrica\u00e7\u00e3o do ado\u00e7ante totalizou 19,27 milh\u00f5es de toneladas, contra 20,89 milh\u00f5es de toneladas do ciclo anterior \u2013 redu\u00e7\u00e3o expressiva de 7,76%.<\/p>\n<p style=\"text-align:justify\">Na segunda metade de julho, a fabrica\u00e7\u00e3o de etanol pelas unidades do Centro-Sul atingiu 2,28 bilh\u00f5es de litros, sendo 1,40 bilh\u00e3o de litros de etanol hidratado (-13,54%) e 880,40 milh\u00f5es de litros de etanol anidro (-6,57%). No acumulado do atual ciclo agr\u00edcola, a fabrica\u00e7\u00e3o do biocombust\u00edvel totalizou 13,88 bilh\u00f5es de litros (-11,96%), sendo 8,84 bilh\u00f5es de etanol hidratado (-11,85%) e 5,05 bilh\u00f5es de anidro (-12,15%).&#13;\n<\/p>\n<p style=\"text-align:justify\">Do total de etanol obtido na segunda quinzena de julho, 17,21% foram fabricados a partir do milho, registrando produ\u00e7\u00e3o de 392,43 milh\u00f5es de litros neste ano, contra 344,76 milh\u00f5es de litros no mesmo per\u00edodo do ciclo 2024\/2025 \u2013 aumento de 13,83%. No acumulado desde o in\u00edcio da safra, a produ\u00e7\u00e3o de etanol de milho atingiu 2,95 bilh\u00f5es de litros.<\/p>\n<p style=\"text-align:justify\"><strong>Vendas de etanol<\/strong><\/p>\n<p style=\"text-align:justify\">No m\u00eas de julho, as vendas de etanol totalizaram 2,93 bilh\u00f5es de litros. O volume comercializado de etanol anidro no per\u00edodo foi de 1,09 bilh\u00e3o de litros \u2013 avan\u00e7o de 1,06% \u2013 enquanto o etanol hidratado registrou venda de 1,84 milh\u00e3o de litros.<\/p>\n<p style=\"text-align:justify\">No mercado dom\u00e9stico, o volume de etanol hidratado vendido pelas unidades do Centro-Sul totalizou 1,75 bilh\u00e3o de litros, o que representa uma retra\u00e7\u00e3o de 5,58% em rela\u00e7\u00e3o ao mesmo per\u00edodo da safra anterior. As vendas de etanol anidro, por sua vez, atingiram a marca de 1,07 bilh\u00e3o de litros, registrando um avan\u00e7o de 6,02%.<\/p>\n<p style=\"text-align:justify\">No acumulado desde o in\u00edcio da safra at\u00e9 primeiro de agosto, a comercializa\u00e7\u00e3o de etanol pelas unidades do Centro-Sul somou 11,48 bilh\u00f5es de litros (-2,73%). O volume acumulado de etanol hidratado totalizou 7,32 bilh\u00f5es de litros (-5,20%), enquanto o de anidro alcan\u00e7ou 4,16 bilh\u00f5es de litros (+1,96%).<\/p>\n<\/p><\/div>\n<p><script data-cfasync=\"false\">\n    !function (f, b, e, v, n, t, s) {\n        if (f.fbq) return; n = f.fbq = function () {\n            n.callMethod ?\n                n.callMethod.apply(n, arguments) : n.queue.push(arguments)\n        };\n        if (!f._fbq) f._fbq = n; n.push = n; n.loaded = !0; n.version = '2.0';\n        n.queue = []; t = b.createElement(e); t.async = !0;\n        t.src = v; s = b.getElementsByTagName(e)[0];\n        s.parentNode.insertBefore(t, s)\n    }(window, document, 'script',\n        'https:\/\/connect.facebook.net\/en_US\/fbevents.js');\n    fbq('init', '522546078623747');\n    fbq('track', 'PageView');\n<\/script><br \/>\n<br \/><br \/>\n<br \/><a href=\"https:\/\/www.agrolink.com.br\/noticias\/moagem-no-centro-sul-atinge-50-22-milhoes-de-toneladas-na-segunda-metade-de-julho_504988.html\">Source link <\/a><\/p>\n","protected":false},"excerpt":{"rendered":"<p>\u00a0Na segunda quinzena de julho, as unidades produtoras da regi\u00e3o Centro-Sul processaram 50,22 milh\u00f5es de toneladas ante a 51,59 milh\u00f5es<\/p>\n","protected":false},"author":1,"featured_media":11483,"comment_status":"open","ping_status":"open","sticky":false,"template":"","format":"standard","meta":{"_monsterinsights_skip_tracking":false,"_monsterinsights_sitenote_active":false,"_monsterinsights_sitenote_note":"","_monsterinsights_sitenote_category":0,"_uf_show_specific_survey":0,"_uf_disable_surveys":false,"footnotes":""},"categories":[8,1,14],"tags":[],"class_list":["post-18708","post","type-post","status-publish","format-standard","has-post-thumbnail","hentry","category-agro","category-news","category-politica-agro"],"_links":{"self":[{"href":"https:\/\/agromt.news\/index.php?rest_route=\/wp\/v2\/posts\/18708"}],"collection":[{"href":"https:\/\/agromt.news\/index.php?rest_route=\/wp\/v2\/posts"}],"about":[{"href":"https:\/\/agromt.news\/index.php?rest_route=\/wp\/v2\/types\/post"}],"author":[{"embeddable":true,"href":"https:\/\/agromt.news\/index.php?rest_route=\/wp\/v2\/users\/1"}],"replies":[{"embeddable":true,"href":"https:\/\/agromt.news\/index.php?rest_route=%2Fwp%2Fv2%2Fcomments&post=18708"}],"version-history":[{"count":0,"href":"https:\/\/agromt.news\/index.php?rest_route=\/wp\/v2\/posts\/18708\/revisions"}],"wp:featuredmedia":[{"embeddable":true,"href":"https:\/\/agromt.news\/index.php?rest_route=\/wp\/v2\/media\/11483"}],"wp:attachment":[{"href":"https:\/\/agromt.news\/index.php?rest_route=%2Fwp%2Fv2%2Fmedia&parent=18708"}],"wp:term":[{"taxonomy":"category","embeddable":true,"href":"https:\/\/agromt.news\/index.php?rest_route=%2Fwp%2Fv2%2Fcategories&post=18708"},{"taxonomy":"post_tag","embeddable":true,"href":"https:\/\/agromt.news\/index.php?rest_route=%2Fwp%2Fv2%2Ftags&post=18708"}],"curies":[{"name":"wp","href":"https:\/\/api.w.org\/{rel}","templated":true}]}}