{"id":18705,"date":"2025-08-17T10:40:54","date_gmt":"2025-08-17T14:40:54","guid":{"rendered":"https:\/\/agromt.news\/?p=18705"},"modified":"2025-08-17T10:40:54","modified_gmt":"2025-08-17T14:40:54","slug":"ciclone-com-temporais-e-calor-de-40oc-estao-na-previsao-do-tempo-para-a-semana-confira","status":"publish","type":"post","link":"https:\/\/agromt.news\/?p=18705","title":{"rendered":"Ciclone com temporais e calor de 40\u00baC est\u00e3o na previs\u00e3o do tempo para a semana; confira"},"content":{"rendered":"<p> <br \/>\n<br \/><img decoding=\"async\" src=\"https:\/\/agromt.news\/wp-content\/uploads\/2024\/10\/Previsao-aponta-temporais-e-ventos-de-70-kmh-no-Nordeste.jpg\" \/><\/p>\n<div>\n<p>A semana entre 18 e 22 de agosto ser\u00e1 marcada por extremos clim\u00e1ticos no Brasil. O destaque da previs\u00e3o do tempo fica para a forma\u00e7\u00e3o de um ciclone extratropical no Sul, que deve provocar temporais, queda de granizo e rajadas de vento acima de 70 km\/h, com acumulados que podem superar 150 mil\u00edmetros em apenas dois dias no Rio Grande do Sul e em Santa Catarina. <\/p>\n<p>Enquanto isso, no Centro-Oeste e no interior do Sudeste, o veranico mant\u00e9m as temperaturas elevadas, chegando a 40 \u00b0C em algumas cidades, aumentando o risco de inc\u00eandios e trazendo estresse t\u00e9rmico ao gado. No Nordeste e no Norte, a previs\u00e3o \u00e9 de chuva no litoral e de tempo firme no interior, com calor intenso e baixa umidade do ar.<\/p>\n<p>Confira os detalhes da previs\u00e3o do tempo para cada regi\u00e3o do pa\u00eds, com informa\u00e7\u00f5es da <strong><a href=\"https:\/\/www.canalrural.com.br\/autor\/climatempo\/\">Climatempo <\/a><\/strong>e an\u00e1lise do meteorologista do Canal Rural, Arthur M\u00fcller.<\/p>\n<h3 class=\"wp-block-heading\" id=\"h-sul\">Sul<\/h3>\n<p>O tempo segue inst\u00e1vel na regi\u00e3o Sul do pa\u00eds. As chuvas atingem o litoral de Santa Catarina, enquanto pancadas mais intensas avan\u00e7am pelo Rio Grande do Sul e se espalham para as demais \u00e1reas. O norte do Paran\u00e1 ainda ter\u00e1 per\u00edodos de sol, mas o cen\u00e1rio muda a partir de ter\u00e7a-feira (19), com a forma\u00e7\u00e3o de um ciclone extratropical entre o Rio Grande do Sul e o Uruguai.<\/p>\n<p>Esse sistema deve provocar temporais em toda a regi\u00e3o, com risco de queda de granizo e rajadas de vento que podem superar os 70 km\/h. Os acumulados devem ultrapassar 150 mil\u00edmetros em apenas dois dias no Rio Grande do Sul e em Santa Catarina, aumentando a possibilidade de alagamentos e preju\u00edzos no campo. <\/p>\n<p>No Paran\u00e1, a chuva ser\u00e1 mais concentrada no centro-oeste, com at\u00e9 50 mil\u00edmetros, favorecendo a reposi\u00e7\u00e3o h\u00eddrica, mas atrasando a colheita do milho de segunda safra.<\/p>\n<\/div>\n<div>\n<h3 class=\"wp-block-heading\" id=\"h-sudeste\">Sudeste<\/h3>\n<p>O padr\u00e3o de sol e nuvens predomina no Sudeste, mas novas \u00e1reas de instabilidade podem provocar chuva fraca e isolada no litoral de S\u00e3o Paulo, Rio de Janeiro e Esp\u00edrito Santo, al\u00e9m da Zona da Mata de Minas Gerais.<\/p>\n<p>Na quarta-feira (20), o avan\u00e7o de uma frente fria deve trazer acumulados de at\u00e9 40 mil\u00edmetros em S\u00e3o Paulo e Paran\u00e1, com risco de temporais, ventania e granizo. No interior paulista e mineiro, o veranico mant\u00e9m as temperaturas elevadas, com m\u00e1ximas em torno de 38 \u00b0C, aumentando o risco de inc\u00eandios e estresse t\u00e9rmico no gado. <\/p>\n<p>Ainda assim, atividades como a colheita do caf\u00e9, moagem da cana-de-a\u00e7\u00facar e a colheita do trigo, milho de segunda safra e algod\u00e3o devem prosseguir normalmente.<\/p>\n<h3 class=\"wp-block-heading\" id=\"h-centro-oeste\">Centro-Oeste<\/h3>\n<p>O tempo firme predomina na maior parte da regi\u00e3o, com temperaturas acima de 40 \u00b0C em Mato Grosso, Goi\u00e1s e Mato Grosso do Sul. A umidade relativa do ar atinge n\u00edveis cr\u00edticos, abaixo de 20%, o que aumenta o risco de inc\u00eandios florestais.<\/p>\n<p>Na quarta-feira, a frente fria que avan\u00e7a do Sul pode provocar temporais em Mato Grosso do Sul e no oeste de Mato Grosso, com acumulados de at\u00e9 40 mil\u00edmetros. As rajadas de vento e a queda de granizo podem prejudicar opera\u00e7\u00f5es agr\u00edcolas. Apesar do calor, as colheitas de caf\u00e9, trigo, algod\u00e3o e milho de segunda safra, al\u00e9m da moagem da cana-de-a\u00e7\u00facar, seguem em andamento.<\/p>\n<h3 class=\"wp-block-heading\" id=\"h-nordeste\">Nordeste<\/h3>\n<p>No Nordeste, a chuva perde for\u00e7a em Salvador (BA), mas ainda pode ocorrer de forma isolada em Sergipe e Pernambuco. Ondas de leste mant\u00eam a instabilidade no litoral da Bahia, Sergipe, Alagoas, Pernambuco e Rio Grande do Norte, com acumulados de at\u00e9 60 mil\u00edmetros ao longo da semana.<\/p>\n<p>J\u00e1 no interior, o calor chega a 38 \u00b0C, com baixa umidade e risco de inc\u00eandios. As opera\u00e7\u00f5es agr\u00edcolas seguem sem grandes preju\u00edzos, especialmente na colheita do algod\u00e3o. A tend\u00eancia \u00e9 que as chuvas retornem \u00e0s \u00e1reas produtoras da regi\u00e3o apenas no fim de setembro.<\/p>\n<h3 class=\"wp-block-heading\" id=\"h-norte\">Norte<\/h3>\n<p>A instabilidade continua em partes da regi\u00e3o, com risco de temporais no Amazonas, Acre, Rond\u00f4nia e norte do Par\u00e1. Em Roraima, a chuva pode atingir 50 mil\u00edmetros, mantendo a umidade do solo. No Tocantins, centro-sul do Par\u00e1 e Rond\u00f4nia, o tempo firme e as temperaturas pr\u00f3ximas a 38 \u00b0C aumentam o risco de inc\u00eandios e de estresse no gado.<\/p>\n<p>As atividades agr\u00edcolas podem ser realizadas, mas os produtores devem evitar o uso do fogo at\u00e9 a retomada gradual das chuvas, prevista para outubro.<\/p>\n<div data-icp-cta=\"1\" id=\"icp-cta-unique\">Voc\u00ea quer entender como usar o clima a seu favor?<b> <\/b><a href=\"https:\/\/climacampo.canalrural.com.br\/climacampo_-01\">Preparamos um e-book exclusivo<\/a> para ajudar produtores rurais a se antecipar \u00e0s mudan\u00e7as do tempo e planejar melhor suas a\u00e7\u00f5es. Com base em previs\u00f5es meteorol\u00f3gicas confi\u00e1veis, ele oferece orienta\u00e7\u00f5es pr\u00e1ticas para proteger sua lavoura e otimizar seus resultados.<\/div>\n<\/div>\n<p><br \/>\n<br \/><a href=\"https:\/\/www.canalrural.com.br\/tempo\/ciclone-com-temporais-e-calor-de-40oc-estao-na-previsao-do-tempo-para-a-semana-confira\/\">Source link <\/a><\/p>\n","protected":false},"excerpt":{"rendered":"<p>A semana entre 18 e 22 de agosto ser\u00e1 marcada por extremos clim\u00e1ticos no Brasil. O destaque da previs\u00e3o do<\/p>\n","protected":false},"author":1,"featured_media":3164,"comment_status":"open","ping_status":"open","sticky":false,"template":"","format":"standard","meta":{"_monsterinsights_skip_tracking":false,"_monsterinsights_sitenote_active":false,"_monsterinsights_sitenote_note":"","_monsterinsights_sitenote_category":0,"_uf_show_specific_survey":0,"_uf_disable_surveys":false,"footnotes":""},"categories":[1],"tags":[],"class_list":["post-18705","post","type-post","status-publish","format-standard","has-post-thumbnail","hentry","category-news"],"_links":{"self":[{"href":"https:\/\/agromt.news\/index.php?rest_route=\/wp\/v2\/posts\/18705"}],"collection":[{"href":"https:\/\/agromt.news\/index.php?rest_route=\/wp\/v2\/posts"}],"about":[{"href":"https:\/\/agromt.news\/index.php?rest_route=\/wp\/v2\/types\/post"}],"author":[{"embeddable":true,"href":"https:\/\/agromt.news\/index.php?rest_route=\/wp\/v2\/users\/1"}],"replies":[{"embeddable":true,"href":"https:\/\/agromt.news\/index.php?rest_route=%2Fwp%2Fv2%2Fcomments&post=18705"}],"version-history":[{"count":0,"href":"https:\/\/agromt.news\/index.php?rest_route=\/wp\/v2\/posts\/18705\/revisions"}],"wp:featuredmedia":[{"embeddable":true,"href":"https:\/\/agromt.news\/index.php?rest_route=\/wp\/v2\/media\/3164"}],"wp:attachment":[{"href":"https:\/\/agromt.news\/index.php?rest_route=%2Fwp%2Fv2%2Fmedia&parent=18705"}],"wp:term":[{"taxonomy":"category","embeddable":true,"href":"https:\/\/agromt.news\/index.php?rest_route=%2Fwp%2Fv2%2Fcategories&post=18705"},{"taxonomy":"post_tag","embeddable":true,"href":"https:\/\/agromt.news\/index.php?rest_route=%2Fwp%2Fv2%2Ftags&post=18705"}],"curies":[{"name":"wp","href":"https:\/\/api.w.org\/{rel}","templated":true}]}}