{"id":18704,"date":"2025-08-17T09:44:38","date_gmt":"2025-08-17T13:44:38","guid":{"rendered":"https:\/\/agromt.news\/?p=18704"},"modified":"2025-08-17T09:44:38","modified_gmt":"2025-08-17T13:44:38","slug":"agro-gera-mais-empregos-e-reduz-dependencia-do-bolsa-familia","status":"publish","type":"post","link":"https:\/\/agromt.news\/?p=18704","title":{"rendered":"Agro gera mais empregos e reduz depend\u00eancia do Bolsa Fam\u00edlia"},"content":{"rendered":"<p> <br \/>\n<\/p>\n<div>\n<p>O Brasil registrou em julho de 2025 o menor \u00edndice de depend\u00eancia do <strong><a href=\"http:\/\/www.canalrural.com.br\/tag\/bolsa-familia\/\">Bolsa Fam\u00edlia<\/a><\/strong> desde 2021. Atualmente, existem 40 fam\u00edlias benefici\u00e1rias para cada 100 pessoas com carteira assinada, contra 50 no in\u00edcio de 2023. Esse dado reflete uma realidade clara: o mercado de trabalho est\u00e1 absorvendo mais brasileiros, e nos estados onde o agroneg\u00f3cio \u00e9 forte esse movimento \u00e9 ainda mais evidente.Queda da depend\u00eancia do programa<\/p>\n<p>O n\u00famero de fam\u00edlias atendidas pelo Bolsa Fam\u00edlia caiu para 19,6 milh\u00f5es, o menor desde julho de 2022. Essa redu\u00e7\u00e3o tem tr\u00eas explica\u00e7\u00f5es principais:<\/p>\n<ul class=\"wp-block-list\">\n<li>Aquecimento da economia e da renda: mais pessoas ingressaram no mercado de trabalho.<\/li>\n<li>Queda do desemprego: em n\u00edveis historicamente baixos.<\/li>\n<li>Pente-fino e Regra de Prote\u00e7\u00e3o: revis\u00e3o de cadastros e transi\u00e7\u00e3o gradual de fam\u00edlias que passaram a ter renda formal.<\/li>\n<\/ul>\n<p>Essas mudan\u00e7as mostram que o programa social continua importante, mas o caminho de sa\u00edda da pobreza passa, sobretudo, pela gera\u00e7\u00e3o de emprego formal.<\/p>\n<h2 class=\"wp-block-heading\" id=\"h-agro-alavanca-de-empregos-e-renda\">Agro: alavanca de empregos e renda<\/h2>\n<p>Nos estados que s\u00e3o pot\u00eancia no agroneg\u00f3cio, o cen\u00e1rio \u00e9 ainda mais claro. <strong>S\u00e3o Paulo, Paran\u00e1, Santa Catarina, Rio Grande do Sul, Mato Grosso, Goi\u00e1s e Mato Grosso do Sul <\/strong>apresentam hoje mais trabalhadores formais do que benefici\u00e1rios do Bolsa Fam\u00edlia.<\/p>\n<p>Alguns destaques:<\/p>\n<ul class=\"wp-block-list\">\n<li><strong>Santa Catarina<\/strong> possui 12 trabalhadores formais para cada benefici\u00e1rio do Bolsa Fam\u00edlia, a menor taxa de depend\u00eancia proporcional do pa\u00eds.<\/li>\n<li><strong>S\u00e3o Paulo<\/strong> tem 12,3 milh\u00f5es de trabalhadores a mais do que fam\u00edlias benefici\u00e1rias, liderando a transi\u00e7\u00e3o do assistencialismo para o mercado de trabalho formal.<\/li>\n<\/ul>\n<p>Esses estados concentram grande parte da produ\u00e7\u00e3o agropecu\u00e1ria nacional e, por consequ\u00eancia, impulsionam cadeias produtivas inteiras: transporte, agroind\u00fastria, com\u00e9rcio e servi\u00e7os.<\/p>\n<\/div>\n<div>\n<p>Outro dado relevante vem do cruzamento entre Caged (empregos formais) e Cadastro \u00danico. No primeiro semestre de 2025, o Brasil gerou mais de 700 mil vagas formais ocupadas por benefici\u00e1rios do Bolsa Fam\u00edlia, o equivalente a 58% de todos os novos empregos no per\u00edodo.<\/p>\n<p>Entre os estados, <strong>S\u00e3o Paulo, Minas Gerais, Rio de Janeiro, Bahia e Paran\u00e1<\/strong> lideram as contrata\u00e7\u00f5es desse p\u00fablico, somando mais de 390 mil vagas. Isso mostra que o programa social, ao mesmo tempo em que ampara, tamb\u00e9m funciona como porta de entrada para o emprego formal quando a economia oferece oportunidade.<\/p>\n<p>A leitura desses n\u00fameros evidencia um ponto fundamental: o agroneg\u00f3cio tem sido um dos maiores motores da inclus\u00e3o social no Brasil. A pujan\u00e7a do campo, somada \u00e0 industrializa\u00e7\u00e3o de alimentos e exporta\u00e7\u00f5es, n\u00e3o apenas gera divisas, mas tamb\u00e9m cria empregos formais que retiram fam\u00edlias da depend\u00eancia cr\u00f4nica de programas sociais.<\/p>\n<p>Em estados onde o agro \u00e9 mais din\u00e2mico, como <strong>Mato Grosso e Paran\u00e1<\/strong>, a propor\u00e7\u00e3o de pessoas no Bolsa Fam\u00edlia \u00e9 significativamente menor, comprovando que a melhor pol\u00edtica social \u00e9 a gera\u00e7\u00e3o de oportunidades produtivas.<\/p>\n<p>O desafio, daqui em diante, \u00e9 consolidar esse movimento. O Bolsa Fam\u00edlia deve permanecer como rede de prote\u00e7\u00e3o, mas a porta de sa\u00edda passa necessariamente pelo fortalecimento da economia real \u2014 e nisso o agro brasileiro tem sido protagonista.<br \/>O Brasil est\u00e1 diante de um ponto de inflex\u00e3o. Pela primeira vez desde 2021, o n\u00famero de fam\u00edlias dependentes do Bolsa Fam\u00edlia caiu de forma consistente, enquanto os empregos formais aumentaram em todos os estados.<\/p>\n<p>O recado \u00e9 claro: onde o agro \u00e9 forte, h\u00e1 menos pobreza e mais oportunidades. A for\u00e7a do campo n\u00e3o apenas alimenta o mundo, mas tamb\u00e9m promove inclus\u00e3o, dignidade e crescimento social dentro do pr\u00f3prio pa\u00eds.<\/p>\n<div class=\"wp-block-media-text is-stacked-on-mobile\">\n<figure class=\"wp-block-media-text__media\"><img fetchpriority=\"high\" decoding=\"async\" width=\"683\" height=\"1024\" alt=\"Miguel Daoud\" class=\"wp-image-4095706 size-full\"  data-lazy- src=\"https:\/\/agromt.news\/wp-content\/uploads\/2025\/04\/Como-guerras-e-crises-moldaram-o-preco-das-commodities-nos.jpg\"\/><img decoding=\"async\" width=\"683\" height=\"1024\" src=\"https:\/\/agromt.news\/wp-content\/uploads\/2025\/04\/Como-guerras-e-crises-moldaram-o-preco-das-commodities-nos.jpg\" alt=\"Miguel Daoud\" class=\"wp-image-4095706 size-full\"  \/><\/figure>\n<div class=\"wp-block-media-text__content\">\n<p class=\"has-text-align-center\">*<em><strong>Miguel Daoud<\/strong>\u00a0\u00e9 comentarista de Economia e Pol\u00edtica\u00a0do Canal Rural<\/em><\/p>\n<\/div>\n<\/div>\n<hr class=\"wp-block-separator has-alpha-channel-opacity\"\/>\n<p><em>O\u00a0<strong>Canal Rural<\/strong>\u00a0n\u00e3o se responsabiliza pelas opini\u00f5es e conceitos emitidos nos textos desta sess\u00e3o, sendo os conte\u00fados de inteira responsabilidade de seus autores. A empresa se reserva o direito de fazer ajustes no texto para adequa\u00e7\u00e3o \u00e0s normas de publica\u00e7\u00e3o.<\/em><\/p>\n<\/p><\/div>\n<p><br \/>\n<br \/><a href=\"https:\/\/www.canalrural.com.br\/opiniao-noticias\/agro-gera-mais-empregos-e-reduz-dependencia-do-bolsa-familia\/\">Source link <\/a><\/p>\n","protected":false},"excerpt":{"rendered":"<p>O Brasil registrou em julho de 2025 o menor \u00edndice de depend\u00eancia do Bolsa Fam\u00edlia desde 2021. Atualmente, existem 40<\/p>\n","protected":false},"author":1,"featured_media":16396,"comment_status":"open","ping_status":"open","sticky":false,"template":"","format":"standard","meta":{"_monsterinsights_skip_tracking":false,"_monsterinsights_sitenote_active":false,"_monsterinsights_sitenote_note":"","_monsterinsights_sitenote_category":0,"_uf_show_specific_survey":0,"_uf_disable_surveys":false,"footnotes":""},"categories":[1],"tags":[],"class_list":["post-18704","post","type-post","status-publish","format-standard","has-post-thumbnail","hentry","category-news"],"_links":{"self":[{"href":"https:\/\/agromt.news\/index.php?rest_route=\/wp\/v2\/posts\/18704"}],"collection":[{"href":"https:\/\/agromt.news\/index.php?rest_route=\/wp\/v2\/posts"}],"about":[{"href":"https:\/\/agromt.news\/index.php?rest_route=\/wp\/v2\/types\/post"}],"author":[{"embeddable":true,"href":"https:\/\/agromt.news\/index.php?rest_route=\/wp\/v2\/users\/1"}],"replies":[{"embeddable":true,"href":"https:\/\/agromt.news\/index.php?rest_route=%2Fwp%2Fv2%2Fcomments&post=18704"}],"version-history":[{"count":0,"href":"https:\/\/agromt.news\/index.php?rest_route=\/wp\/v2\/posts\/18704\/revisions"}],"wp:featuredmedia":[{"embeddable":true,"href":"https:\/\/agromt.news\/index.php?rest_route=\/wp\/v2\/media\/16396"}],"wp:attachment":[{"href":"https:\/\/agromt.news\/index.php?rest_route=%2Fwp%2Fv2%2Fmedia&parent=18704"}],"wp:term":[{"taxonomy":"category","embeddable":true,"href":"https:\/\/agromt.news\/index.php?rest_route=%2Fwp%2Fv2%2Fcategories&post=18704"},{"taxonomy":"post_tag","embeddable":true,"href":"https:\/\/agromt.news\/index.php?rest_route=%2Fwp%2Fv2%2Ftags&post=18704"}],"curies":[{"name":"wp","href":"https:\/\/api.w.org\/{rel}","templated":true}]}}