{"id":18685,"date":"2025-08-16T14:36:24","date_gmt":"2025-08-16T18:36:24","guid":{"rendered":"https:\/\/agromt.news\/?p=18685"},"modified":"2025-08-16T14:36:24","modified_gmt":"2025-08-16T18:36:24","slug":"inscricoes-abertas-para-prova-de-eficiencia-alimentar-em-animais-jovens","status":"publish","type":"post","link":"https:\/\/agromt.news\/?p=18685","title":{"rendered":"inscri\u00e7\u00f5es abertas para prova de efici\u00eancia alimentar em animais jovens"},"content":{"rendered":"<p> <br \/>\n<\/p>\n<div>\n<p>A Associa\u00e7\u00e3o Brasileira de Angus e Ultrablack, em parceria com a <strong><a href=\"http:\/\/www.canalrural.com.br\/tag\/embrapa\/\">Embrapa<\/a><\/strong> Pecu\u00e1ria Sul, abriu as inscri\u00e7\u00f5es para a primeira <strong>Prova de Efici\u00eancia Alimentar para Animais Jovens<\/strong>, que ser\u00e1 realizada em Bag\u00e9 (RS). O prazo para inscri\u00e7\u00e3o vai at\u00e9 <strong>22 de agosto<\/strong>, oferecendo aos pecuaristas uma oportunidade estrat\u00e9gica de aliar produtividade e sustentabilidade.<\/p>\n<p>O objetivo \u00e9 identificar os animais mais eficientes no aproveitamento do alimento, um dos principais fatores que impactam diretamente a lucratividade e a competitividade da pecu\u00e1ria de corte.<\/p>\n<h3 class=\"wp-block-heading\" id=\"h-avaliacao-detalhada-e-foco-em-pecuaria-de-precisao\">Avalia\u00e7\u00e3o detalhada e foco em pecu\u00e1ria de precis\u00e3o<\/h3>\n<p>A chegada dos animais participantes est\u00e1 prevista para ocorrer entre <strong>8 e 12 de setembro<\/strong>. A prova ser\u00e1 realizada de <strong>15 de setembro a 14 de dezembro<\/strong>, com avalia\u00e7\u00e3o de bovinos nascidos entre 15 de junho e 15 de setembro de 2024.<\/p>\n<p>Durante o per\u00edodo, cada exemplar das ra\u00e7as angus e ultrablack passar\u00e1 por um acompanhamento t\u00e9cnico rigoroso para mensurar o desempenho individual em efici\u00eancia alimentar \u2014 indicador fundamental para ganhos econ\u00f4micos e ambientais.<\/p>\n<p>O presidente da Associa\u00e7\u00e3o Brasileira de Angus e Ultrablack, <strong>Jos\u00e9 Paulo Dornelles Cairoli<\/strong>, destaca que a iniciativa responde a desafios crescentes do setor.<\/p>\n<blockquote class=\"wp-block-quote is-layout-flow wp-block-quote-is-layout-flow\">\n<p>\u201cIdentificar animais mais eficientes no aproveitamento do alimento \u00e9 uma ferramenta estrat\u00e9gica para reduzir gastos com alimenta\u00e7\u00e3o, que hoje representa o principal custo da atividade. Al\u00e9m disso, esses animais s\u00e3o mais lucrativos e produtivos\u201d, afirma.<\/p>\n<\/blockquote>\n<figure class=\"wp-block-image size-large\"><img fetchpriority=\"high\" decoding=\"async\" width=\"1024\" height=\"682\" alt=\"\" class=\"wp-image-4116806\"  data-lazy- src=\"https:\/\/agromt.news\/wp-content\/uploads\/2025\/08\/inscricoes-abertas-para-prova-de-eficiencia-alimentar-em-animais-jovens.jpg\"\/><img decoding=\"async\" width=\"1024\" height=\"682\" src=\"https:\/\/agromt.news\/wp-content\/uploads\/2025\/08\/inscricoes-abertas-para-prova-de-eficiencia-alimentar-em-animais-jovens.jpg\" alt=\"\" class=\"wp-image-4116806\"  \/><figcaption class=\"wp-element-caption\"><em>Foto: Eduardo Rocha\/Associa\u00e7\u00e3o Brasileira de\u00a0Angus\u00a0e Ultrablack<\/em><\/figcaption><\/figure>\n<h3 class=\"wp-block-heading\" id=\"h-requisitos-para-participacao\">Requisitos para participa\u00e7\u00e3o<\/h3>\n<p>Podem participar animais que estejam entre os <strong>50% superiores em Ganho de Peso do Nascimento \u00e0 Desmama (GND)<\/strong> e no m\u00e1ximo entre os <strong>50% na caracter\u00edstica de conforma\u00e7\u00e3o \u00e0 desmama<\/strong>.<\/p>\n<p>O transporte de ida e volta ser\u00e1 subsidiado pela associa\u00e7\u00e3o.<\/p>\n<\/div>\n<div>\n<p>Segundo o chefe-geral da Embrapa Pecu\u00e1ria Sul, <strong>Fernando Cardoso<\/strong>, a prova amplia o n\u00famero de animais avaliados ao longo do ano, com diferentes idades.<\/p>\n<blockquote class=\"wp-block-quote is-layout-flow wp-block-quote-is-layout-flow\">\n<p>\u201cA partir do banco de dados formado, podemos fazer predi\u00e7\u00f5es gen\u00f4micas para outros exemplares, inclusive os que n\u00e3o tenham medidas, multiplicando a capacidade de sele\u00e7\u00e3o dentro da ra\u00e7a\u201d, afirma.<\/p>\n<\/blockquote>\n<h3 class=\"wp-block-heading\" id=\"h-criterios-de-avaliacao\">Crit\u00e9rios de avalia\u00e7\u00e3o<\/h3>\n<p>A avalia\u00e7\u00e3o dos bovinos ser\u00e1 feita com base em m\u00faltiplos indicadores:<\/p>\n<ul class=\"wp-block-list\">\n<li>Ganho de peso;<\/li>\n<li>Consumo alimentar;<\/li>\n<li>Caracter\u00edsticas de carca\u00e7a;<\/li>\n<li>Exame androl\u00f3gico;<\/li>\n<li>Avalia\u00e7\u00e3o gen\u00f4mica.<\/li>\n<\/ul>\n<p>Todos os participantes dever\u00e3o apresentar exames negativos para <strong>brucelose<\/strong> e <strong>tuberculose<\/strong>. O manejo ser\u00e1 em regime de confinamento, com alimenta\u00e7\u00e3o \u00e0 vontade.<\/p>\n<h3 class=\"wp-block-heading\" id=\"h-investimento-e-condicoes-de-pagamento\">Investimento e condi\u00e7\u00f5es de pagamento<\/h3>\n<p>O investimento varia de acordo com a forma de pagamento e a quantidade de animais inscritos:<\/p>\n<ul class=\"wp-block-list\">\n<li><strong>\u00c0 vista<\/strong>: R$ 2.100,00 para o primeiro animal e R$ 1.950,00 a partir do segundo.<\/li>\n<li><strong>Parcelado<\/strong> (at\u00e9 quatro vezes): R$ 2.250,00 para o primeiro e R$ 2.050,00 para os demais.<\/li>\n<\/ul>\n<p>O pagamento ser\u00e1 efetuado somente ap\u00f3s o in\u00edcio da prova.<\/p>\n<\/p><\/div>\n<p><br \/>\n<br \/><a href=\"https:\/\/www.canalrural.com.br\/pecuaria\/angus-e-ultrablack-inscricoes-abertas-para-prova-de-eficiencia-alimentar-em-animais-jovens\/\">Source link <\/a><\/p>\n","protected":false},"excerpt":{"rendered":"<p>A Associa\u00e7\u00e3o Brasileira de Angus e Ultrablack, em parceria com a Embrapa Pecu\u00e1ria Sul, abriu as inscri\u00e7\u00f5es para a primeira<\/p>\n","protected":false},"author":1,"featured_media":18686,"comment_status":"open","ping_status":"open","sticky":false,"template":"","format":"standard","meta":{"_monsterinsights_skip_tracking":false,"_monsterinsights_sitenote_active":false,"_monsterinsights_sitenote_note":"","_monsterinsights_sitenote_category":0,"_uf_show_specific_survey":0,"_uf_disable_surveys":false,"footnotes":""},"categories":[1],"tags":[],"class_list":["post-18685","post","type-post","status-publish","format-standard","has-post-thumbnail","hentry","category-news"],"_links":{"self":[{"href":"https:\/\/agromt.news\/index.php?rest_route=\/wp\/v2\/posts\/18685"}],"collection":[{"href":"https:\/\/agromt.news\/index.php?rest_route=\/wp\/v2\/posts"}],"about":[{"href":"https:\/\/agromt.news\/index.php?rest_route=\/wp\/v2\/types\/post"}],"author":[{"embeddable":true,"href":"https:\/\/agromt.news\/index.php?rest_route=\/wp\/v2\/users\/1"}],"replies":[{"embeddable":true,"href":"https:\/\/agromt.news\/index.php?rest_route=%2Fwp%2Fv2%2Fcomments&post=18685"}],"version-history":[{"count":0,"href":"https:\/\/agromt.news\/index.php?rest_route=\/wp\/v2\/posts\/18685\/revisions"}],"wp:featuredmedia":[{"embeddable":true,"href":"https:\/\/agromt.news\/index.php?rest_route=\/wp\/v2\/media\/18686"}],"wp:attachment":[{"href":"https:\/\/agromt.news\/index.php?rest_route=%2Fwp%2Fv2%2Fmedia&parent=18685"}],"wp:term":[{"taxonomy":"category","embeddable":true,"href":"https:\/\/agromt.news\/index.php?rest_route=%2Fwp%2Fv2%2Fcategories&post=18685"},{"taxonomy":"post_tag","embeddable":true,"href":"https:\/\/agromt.news\/index.php?rest_route=%2Fwp%2Fv2%2Ftags&post=18685"}],"curies":[{"name":"wp","href":"https:\/\/api.w.org\/{rel}","templated":true}]}}