{"id":18669,"date":"2025-08-16T11:03:53","date_gmt":"2025-08-16T15:03:53","guid":{"rendered":"https:\/\/agromt.news\/?p=18669"},"modified":"2025-08-16T11:03:53","modified_gmt":"2025-08-16T15:03:53","slug":"estudo-revela-forca-das-cooperativas-do-brasil-no-campo-e-nas-redes-sociais","status":"publish","type":"post","link":"https:\/\/agromt.news\/?p=18669","title":{"rendered":"Estudo revela for\u00e7a das cooperativas do Brasil no campo e nas redes sociais"},"content":{"rendered":"<p> <br \/>\n<br \/><img decoding=\"async\" src=\"https:\/\/agromt.news\/wp-content\/uploads\/2025\/08\/Estudo-revela-forca-das-cooperativas-do-Brasil-no-campo-e.jpg\" \/><\/p>\n<div>\n<p>Uma em cada oito pessoas no mundo est\u00e1 vinculada a alguma forma de cooperativa, o que representa 12% da popula\u00e7\u00e3o global. Tal ecossistema movimenta US$ 2,17 trilh\u00f5es anualmente, sendo respons\u00e1vel por 280 milh\u00f5es de empregos.<\/p>\n<p>Os dados fazem parte de estudo in\u00e9dito conduzido pela Macfor, que mapeou dados globais, nacionais e comportamentais sobre o tema.<\/p>\n<p>No Brasil, o impacto maior do cooperativismo \u00e9 no agroneg\u00f3cio, com mais de 12 milh\u00f5es de associados organizados em aproximadamente 1.200 entidades espalhadas pelo territ\u00f3rio<br \/>nacional. Contudo, o comportamento digital das pessoas mostra que o termo \u201ccooperativa\u201d furou a bolha, ganhando ainda mais expressividade. <\/p>\n<p>Prova disso \u00e9 que em 2025, a palavra registrou cerca de <strong>25 milh\u00f5es<\/strong> de buscas no Google, sendo 20% delas originadas no Brasil. Esse desempenho coloca o pa\u00eds \u00e0 frente at\u00e9 mesmo de mercados tradicionais do cooperativismo, como os <strong><a href=\"https:\/\/www.canalrural.com.br\/tag\/estados-unidos\/\">Estados Unidos<\/a><\/strong>, onde o termo teve pouco mais de <strong>23 milh\u00f5es<\/strong> de buscas.<\/p>\n<p>Essa alta expressividade digital revela o interesse crescente do brasileiro em compreender o tema. As buscas mais frequentes giram em torno de perguntas b\u00e1sicas, como \u201co que \u00e9 cooperativa\u201d e \u201ccomo funciona\u201d. <\/p>\n<p>De acordo com o estudo, as pesquisas no buscador evidenciam que, embora o setor esteja consolidado em diversas regi\u00f5es, ainda h\u00e1 um espa\u00e7o relevante para a\u00e7\u00f5es de esclarecimento e aproxima\u00e7\u00e3o do p\u00fablico.<\/p>\n<h2 class=\"wp-block-heading\" id=\"h-debate-nas-redes-sociais\">Debate nas redes sociais<\/h2>\n<p>As redes sociais tamb\u00e9m se mostram um terreno f\u00e9rtil para o debate cooperativista, tra\u00e7a o levantamento da Macfor. Facebook, Instagram e TikTok despontam como os principais canais de discuss\u00e3o, ampliando o alcance das cooperativas para al\u00e9m dos c\u00edrculos tradicionais e conectando o tema a p\u00fablicos mais jovens e diversificados.<\/p>\n<p>E o tom desse debate digital \u00e9, majoritariamente, positivo. De acordo com o monitoramento<br \/>da empresa, <strong>76%<\/strong> das emo\u00e7\u00f5es expressas nas redes sobre cooperativas s\u00e3o positivas, com destaque para sentimentos de amor e alegria (uma percep\u00e7\u00e3o rara em debates econ\u00f4micos<br \/>e que refor\u00e7a o car\u00e1ter comunit\u00e1rio), humano e transformador do cooperativismo. <\/p>\n<\/div>\n<div>\n<p>De acordo com a an\u00e1lise, a alta parcela de coment\u00e1rios neutros, por sua vez, confirma o espa\u00e7o para ampliar o conhecimento e o engajamento das pessoas.<\/p>\n<h2 class=\"wp-block-heading\" id=\"h-potencial-das-cooperativas\">Potencial das cooperativas<\/h2>\n<p>O estudo tamb\u00e9m chama aten\u00e7\u00e3o para a queda nas buscas pelo termo \u201ccooperativa\u201d no final de dezembro, que se explica pela migra\u00e7\u00e3o do interesse coletivo para temas festivos, pelo recesso institucional, pela pausa no ciclo agr\u00edcola e pela redu\u00e7\u00e3o dos est\u00edmulos de m\u00eddia no per\u00edodo. <\/p>\n<p>Contudo, o levantamento da Macfor mostra que o Natal representa uma janela estrat\u00e9gica para as cooperativas criarem campanhas alinhadas aos seus valores de solidariedade e coletividade, ampliando sua visibilidade e conex\u00e3o emocional com a sociedade.<\/p>\n<h2 class=\"wp-block-heading\" id=\"h-indicadores-socioeconomicos\">Indicadores socioecon\u00f4micos<\/h2>\n<p>Al\u00e9m do potencial nas redes, o estudo mostra que o cooperativismo brasileiro se concentra, sobretudo, em regi\u00f5es historicamente associadas ao agroneg\u00f3cio e ao desenvolvimento rural.<\/p>\n<p>Nessa esfera, Paran\u00e1, Santa Catarina, Rio Grande do Sul, Rond\u00f4nia, Mato Grosso do Sul, Mato Grosso, Minas Gerais, Pernambuco, S\u00e3o Paulo e Esp\u00edrito Santo lideram o ranking de interesse e presen\u00e7a de cooperativas.<\/p>\n<p>E essa presen\u00e7a n\u00e3o \u00e9 apenas quantitativa, j\u00e1 que munic\u00edpios com atua\u00e7\u00e3o estruturada de cooperativas apresentam indicadores sociais e econ\u00f4micos consistentemente superiores.<\/p>\n<p>Segundo o estudo, essas localidades possuem melhores taxas de alfabetiza\u00e7\u00e3o e saneamento b\u00e1sico, renda domiciliar per capita mais elevada e PIB per capita <strong>21,67%<\/strong> acima da m\u00e9dia nacional. <\/p>\n<p>Al\u00e9m disso, \u00e9 poss\u00edvel observar que munic\u00edpios que contam com agro cooperativas possuem \u00cdndice de Desenvolvimento Humano (IDH) equivalentes \u00e0 m\u00e9dia do pa\u00eds, de 0,78, ou seja, esses estabelecimentos aproximam \u00e1reas rurais mais afastadas da m\u00e9dia nacional, que considera desde as metr\u00f3poles com mais infraestrutura \u00e0s cidades mais carentes.<\/p>\n<\/p><\/div>\n<p><br \/>\n<br \/><a href=\"https:\/\/www.canalrural.com.br\/agricultura\/estudo-revela-forca-do-cooperativismo-brasileiro-no-campo-e-nas-redes-sociais\/\">Source link <\/a><\/p>\n","protected":false},"excerpt":{"rendered":"<p>Uma em cada oito pessoas no mundo est\u00e1 vinculada a alguma forma de cooperativa, o que representa 12% da popula\u00e7\u00e3o<\/p>\n","protected":false},"author":1,"featured_media":15776,"comment_status":"open","ping_status":"open","sticky":false,"template":"","format":"standard","meta":{"_monsterinsights_skip_tracking":false,"_monsterinsights_sitenote_active":false,"_monsterinsights_sitenote_note":"","_monsterinsights_sitenote_category":0,"_uf_show_specific_survey":0,"_uf_disable_surveys":false,"footnotes":""},"categories":[1],"tags":[],"class_list":["post-18669","post","type-post","status-publish","format-standard","has-post-thumbnail","hentry","category-news"],"_links":{"self":[{"href":"https:\/\/agromt.news\/index.php?rest_route=\/wp\/v2\/posts\/18669"}],"collection":[{"href":"https:\/\/agromt.news\/index.php?rest_route=\/wp\/v2\/posts"}],"about":[{"href":"https:\/\/agromt.news\/index.php?rest_route=\/wp\/v2\/types\/post"}],"author":[{"embeddable":true,"href":"https:\/\/agromt.news\/index.php?rest_route=\/wp\/v2\/users\/1"}],"replies":[{"embeddable":true,"href":"https:\/\/agromt.news\/index.php?rest_route=%2Fwp%2Fv2%2Fcomments&post=18669"}],"version-history":[{"count":0,"href":"https:\/\/agromt.news\/index.php?rest_route=\/wp\/v2\/posts\/18669\/revisions"}],"wp:featuredmedia":[{"embeddable":true,"href":"https:\/\/agromt.news\/index.php?rest_route=\/wp\/v2\/media\/15776"}],"wp:attachment":[{"href":"https:\/\/agromt.news\/index.php?rest_route=%2Fwp%2Fv2%2Fmedia&parent=18669"}],"wp:term":[{"taxonomy":"category","embeddable":true,"href":"https:\/\/agromt.news\/index.php?rest_route=%2Fwp%2Fv2%2Fcategories&post=18669"},{"taxonomy":"post_tag","embeddable":true,"href":"https:\/\/agromt.news\/index.php?rest_route=%2Fwp%2Fv2%2Ftags&post=18669"}],"curies":[{"name":"wp","href":"https:\/\/api.w.org\/{rel}","templated":true}]}}