{"id":18661,"date":"2025-08-16T04:25:23","date_gmt":"2025-08-16T08:25:23","guid":{"rendered":"https:\/\/agromt.news\/?p=18661"},"modified":"2025-08-16T04:25:23","modified_gmt":"2025-08-16T08:25:23","slug":"energia-solar-cresce-com-novos-modelos-de-financiamento","status":"publish","type":"post","link":"https:\/\/agromt.news\/?p=18661","title":{"rendered":"Energia solar cresce com novos modelos de financiamento"},"content":{"rendered":"<p> <br \/>\n<\/p>\n<div>\n<div class=\"row\">\n<div class=\"col-lg col-infos mt-0 mt-lg-0\">\n<div class=\"section-sub-title\">\n<p itemprop=\"description\">&#13;<br \/>\n                                Cada alternativa atende a diferentes perfis&#13;\n                            <\/p>\n<\/p><\/div>\n<div class=\"container\">\n<div class=\"row\">\n<div class=\"col-lg p-0\">\n<div>\n<div class=\"block-news-main-infos mt-3 text-start\">\n<p>                                            <strong class=\"fn\" itemprop=\"author\" style=\"color: rgb(112, 112, 112); \">&#13;<br \/>\n                                                <a href=\"https:\/\/www.agrolink.com.br\/noticias\/javascript:;\" class=\"text-uppercase\" target=\"_blank\" style=\"color: rgb(112, 112, 112); \" rel=\"noopener\">Agrolink<\/a>&#13;<br \/>\n&#13;<br \/>\n                                                    &#8211; Leonardo Gottems&#13;<br \/>\n&#13;<br \/>\n                                            <\/strong><br \/>\n                                        <\/p>\n<p>                                            <abbr><time datetime=\"2025-08-15T11:12\" itemprop=\"datePublished dateModified\">Publicado em 15\/08\/2025 \u00e0s 11:12h.<\/time><\/abbr><br \/>\n                                            <\/p><\/div>\n<\/p><\/div>\n<\/p><\/div>\n<div class=\"col-lg p-0 text-lg-end\">\n<div>\n<div id=\"mdEnviarPagina\" class=\"modal fade\" role=\"dialog\">\n<div class=\"modal-dialog\">\n<div class=\"modal-content\">\n<div class=\"modal-body\">\n<p><strong>Estimado usu\u00e1rio.<\/strong><br \/>Preencha o formul\u00e1rio abaixo para remeter a p\u00e1gina.<\/p>\n<\/p><\/div>\n<\/p><\/div>\n<\/p><\/div>\n<\/div><\/div>\n<\/p><\/div>\n<\/p><\/div>\n<\/p><\/div>\n<\/p><\/div>\n<\/p><\/div>\n<div class=\"row justify-content-md-center mt-3\">\n<div class=\"col-lg-auto col-image block-news-main-image\">\n<p>                                <img decoding=\"async\" src=\"https:\/\/www.agrolink.com.br\/upload\/imagens-resizes\/890c91fe679944028e654daf6fb137e2_858x483.jpg\" class=\"lazyload img-fluid\" alt=\"Cada alternativa atende a diferentes perfis\"\/><br \/>\n                                                <span class=\"d-block mt-1\">Cada alternativa atende a diferentes perfis &#8211; Foto: Divulga\u00e7\u00e3o<\/span><\/p><\/div>\n<\/p><\/div>\n<div class=\"section-description section-description-noticias mt-3\">\n<p>O crescimento da energia solar no Brasil vai al\u00e9m da queda de pre\u00e7os dos equipamentos e da maior consci\u00eancia ambiental. Modelos de aquisi\u00e7\u00e3o variados, que incluem financiamentos longos, cons\u00f3rcios e arrendamento de sistemas, t\u00eam ampliado o acesso de fam\u00edlias, pequenos empreendedores e produtores rurais. Segundo a Associa\u00e7\u00e3o Brasileira de Administradoras de Cons\u00f3rcios (ABAC), a ades\u00e3o a cons\u00f3rcios solares cresceu 43% em 2024.&#13;\n<\/p>\n<p>Dados da Ag\u00eancia Nacional de Energia El\u00e9trica (ANEEL) mostram que, em junho, mais de 6,5 milh\u00f5es de consumidores brasileiros se beneficiavam de cr\u00e9ditos de micro e minigera\u00e7\u00e3o distribu\u00edda (MMGD), incluindo 4 milh\u00f5es de fam\u00edlias, por meio de 3,71 milh\u00f5es de sistemas conectados \u00e0 rede, com pot\u00eancia pr\u00f3xima de 41,48 GW. Rodrigo Bourscheidt, CEO da Energy+, destaca que a integra\u00e7\u00e3o entre integradoras, institui\u00e7\u00f5es financeiras e programas de cr\u00e9dito espec\u00edficos impulsiona grande parte dessa expans\u00e3o.<\/p>\n<p>Entre os modelos de aquisi\u00e7\u00e3o mais utilizados est\u00e3o financiamentos banc\u00e1rios com prazos de at\u00e9 84 meses, cons\u00f3rcios sem juros, cr\u00e9dito pr\u00f3prio de fintechs e integradoras, leasing de sistemas solares e gera\u00e7\u00e3o compartilhada via cooperativas. Cada alternativa atende a diferentes perfis, tornando o investimento vi\u00e1vel mesmo para quem antes via barreiras econ\u00f4micas.&#13;\n<\/p>\n<p>\u201cA diversifica\u00e7\u00e3o de mecanismos de aquisi\u00e7\u00e3o permite que a energia solar atenda a diferentes perfis de consumo, do pequeno agricultor que deseja reduzir a conta de luz no campo, ao empres\u00e1rio urbano que busca previsibilidade de custos e um posicionamento mais sustent\u00e1vel no mercado\u201d, finaliza o CEO da Energy+.<br \/>&#13;<br \/>\n\u00a0<\/p>\n<\/p><\/div>\n<\/p><\/div>\n<p><script data-cfasync=\"false\">\n    !function (f, b, e, v, n, t, s) {\n        if (f.fbq) return; n = f.fbq = function () {\n            n.callMethod ?\n                n.callMethod.apply(n, arguments) : n.queue.push(arguments)\n        };\n        if (!f._fbq) f._fbq = n; n.push = n; n.loaded = !0; n.version = '2.0';\n        n.queue = []; t = b.createElement(e); t.async = !0;\n        t.src = v; s = b.getElementsByTagName(e)[0];\n        s.parentNode.insertBefore(t, s)\n    }(window, document, 'script',\n        'https:\/\/connect.facebook.net\/en_US\/fbevents.js');\n    fbq('init', '522546078623747');\n    fbq('track', 'PageView');\n<\/script><br \/>\n<br \/><br \/>\n<br \/><a href=\"https:\/\/www.agrolink.com.br\/noticias\/energia-solar-cresce-com-novos-modelos-de-financiamento_504975.html\">Source link <\/a><\/p>\n","protected":false},"excerpt":{"rendered":"<p>&#13; Cada alternativa atende a diferentes perfis&#13; &#13; Agrolink&#13; &#13; &#8211; Leonardo Gottems&#13; &#13; Publicado em 15\/08\/2025 \u00e0s 11:12h. Estimado<\/p>\n","protected":false},"author":1,"featured_media":18662,"comment_status":"open","ping_status":"open","sticky":false,"template":"","format":"standard","meta":{"_monsterinsights_skip_tracking":false,"_monsterinsights_sitenote_active":false,"_monsterinsights_sitenote_note":"","_monsterinsights_sitenote_category":0,"_uf_show_specific_survey":0,"_uf_disable_surveys":false,"footnotes":""},"categories":[8,1,14],"tags":[],"class_list":["post-18661","post","type-post","status-publish","format-standard","has-post-thumbnail","hentry","category-agro","category-news","category-politica-agro"],"_links":{"self":[{"href":"https:\/\/agromt.news\/index.php?rest_route=\/wp\/v2\/posts\/18661"}],"collection":[{"href":"https:\/\/agromt.news\/index.php?rest_route=\/wp\/v2\/posts"}],"about":[{"href":"https:\/\/agromt.news\/index.php?rest_route=\/wp\/v2\/types\/post"}],"author":[{"embeddable":true,"href":"https:\/\/agromt.news\/index.php?rest_route=\/wp\/v2\/users\/1"}],"replies":[{"embeddable":true,"href":"https:\/\/agromt.news\/index.php?rest_route=%2Fwp%2Fv2%2Fcomments&post=18661"}],"version-history":[{"count":0,"href":"https:\/\/agromt.news\/index.php?rest_route=\/wp\/v2\/posts\/18661\/revisions"}],"wp:featuredmedia":[{"embeddable":true,"href":"https:\/\/agromt.news\/index.php?rest_route=\/wp\/v2\/media\/18662"}],"wp:attachment":[{"href":"https:\/\/agromt.news\/index.php?rest_route=%2Fwp%2Fv2%2Fmedia&parent=18661"}],"wp:term":[{"taxonomy":"category","embeddable":true,"href":"https:\/\/agromt.news\/index.php?rest_route=%2Fwp%2Fv2%2Fcategories&post=18661"},{"taxonomy":"post_tag","embeddable":true,"href":"https:\/\/agromt.news\/index.php?rest_route=%2Fwp%2Fv2%2Ftags&post=18661"}],"curies":[{"name":"wp","href":"https:\/\/api.w.org\/{rel}","templated":true}]}}