{"id":18658,"date":"2025-08-16T00:30:34","date_gmt":"2025-08-16T04:30:34","guid":{"rendered":"https:\/\/agromt.news\/?p=18658"},"modified":"2025-08-16T00:30:34","modified_gmt":"2025-08-16T04:30:34","slug":"o-que-esta-por-tras-da-valorizacao","status":"publish","type":"post","link":"https:\/\/agromt.news\/?p=18658","title":{"rendered":"o que est\u00e1 por tr\u00e1s da valoriza\u00e7\u00e3o?"},"content":{"rendered":"<p> <br \/>\n<\/p>\n<div>\n<div class=\"row\">\n<div class=\"col-lg col-infos mt-0 mt-lg-0\">\n<div class=\"section-sub-title\">\n<p itemprop=\"description\">&#13;<br \/>\n                                Alta dos pre\u00e7os est\u00e1 diretamente ligada ao cen\u00e1rio internacional &#13;\n                            <\/p>\n<\/p><\/div>\n<div class=\"container\">\n<div class=\"row\">\n<div class=\"col-lg p-0\">\n<div>\n<div class=\"block-news-main-infos mt-3 text-start\">\n<p>                                            <strong class=\"fn\" itemprop=\"author\" style=\"color: rgb(112, 112, 112); \">&#13;<br \/>\n                                                <a href=\"https:\/\/www.agrolink.com.br\/noticias\/javascript:;\" class=\"text-uppercase\" target=\"_blank\" style=\"color: rgb(112, 112, 112); \" rel=\"noopener\">Agrolink<\/a>&#13;<br \/>\n&#13;<br \/>\n                                                    &#8211; Aline Merladete&#13;<br \/>\n&#13;<br \/>\n                                            <\/strong><br \/>\n                                        <\/p>\n<p>                                            <abbr><time datetime=\"2025-08-15T13:47\" itemprop=\"datePublished dateModified\">Publicado em 15\/08\/2025 \u00e0s 13:47h.<\/time><\/abbr><br \/>\n                                            <\/p><\/div>\n<\/p><\/div>\n<\/p><\/div>\n<div class=\"col-lg p-0 text-lg-end\">\n<div>\n<div id=\"mdEnviarPagina\" class=\"modal fade\" role=\"dialog\">\n<div class=\"modal-dialog\">\n<div class=\"modal-content\">\n<div class=\"modal-body\">\n<p><strong>Estimado usu\u00e1rio.<\/strong><br \/>Preencha o formul\u00e1rio abaixo para remeter a p\u00e1gina.<\/p>\n<\/p><\/div>\n<\/p><\/div>\n<\/p><\/div>\n<\/div><\/div>\n<\/p><\/div>\n<\/p><\/div>\n<\/p><\/div>\n<\/p><\/div>\n<\/p><\/div>\n<div class=\"row justify-content-md-center mt-3\">\n<div class=\"col-lg-auto col-image block-news-main-image\">\n<p>                                <img decoding=\"async\" src=\"https:\/\/www.agrolink.com.br\/upload\/imagens-resizes\/42b98d229caa4b778770d5ece452ff54_858x483.jpg\" class=\"lazyload img-fluid\"\/><br \/>\n                                                <span class=\"publicity-photo d-block mt-1\">Foto: Pixabay<\/span><\/p><\/div>\n<\/p><\/div>\n<div class=\"section-description section-description-noticias mt-3\">\n<p style=\"text-align:justify\">Mesmo com uma queda expressiva no volume exportado, o <a href=\"https:\/\/www.agrolink.com.br\/culturas\/cafe\/?utm_source=agrolink-detalhe-noticia&amp;utm_medium=detalhe-noticia&amp;utm_campaign=links-internos\" target=\"_blank\" rel=\"noopener\">caf\u00e9<\/a> brasileiro manteve seu protagonismo no com\u00e9rcio internacional. De janeiro a julho de 2025, o pa\u00eds embarcou 22,15 milh\u00f5es de sacas de 60 kg, n\u00famero que representa uma retra\u00e7\u00e3o de 21,4% em compara\u00e7\u00e3o com o mesmo per\u00edodo do ano passado. No entanto, o recuo n\u00e3o impediu que o setor registrasse um aumento significativo na receita: foram US$ 8,55 bilh\u00f5es em sete meses \u2014 um salto de 36% no faturamento.&#13;\n<\/p>\n<p style=\"text-align:justify\">De acordo com informa\u00e7\u00f5es do Observat\u00f3rio do Caf\u00e9, o pre\u00e7o m\u00e9dio da saca teve forte valoriza\u00e7\u00e3o e saltou de US$ 223,16 em 2024 para US$ 386,24 neste ano. A alta dos pre\u00e7os est\u00e1 diretamente ligada ao cen\u00e1rio internacional de oferta ajustada e demanda consistente, o que elevou a competitividade do gr\u00e3o brasileiro.<\/p>\n<p style=\"text-align:justify\">Entre os principais destinos do caf\u00e9 nacional, os Estados Unidos seguem na lideran\u00e7a, com a compra de 3,71 milh\u00f5es de sacas \u2014 o equivalente a 16,8% de todo o volume exportado. Em seguida, aparecem Alemanha, It\u00e1lia, Jap\u00e3o e B\u00e9lgica, pa\u00edses que tradicionalmente ocupam o topo do ranking de importadores. Completam a lista Holanda, Turquia, R\u00fassia, Espanha e Coreia do Sul, refletindo a capilaridade do produto brasileiro no cen\u00e1rio global.&#13;\n<\/p>\n<p style=\"text-align:justify\">Mais do que uma performance comercial, os dados revelam a import\u00e2ncia de estrat\u00e9gias de posicionamento e valoriza\u00e7\u00e3o do produto. A diferen\u00e7a entre o volume exportado e o valor gerado evidencia como o mercado internacional est\u00e1 disposto a pagar mais por qualidade e confiabilidade na entrega \u2014 dois atributos cada vez mais valorizados no agro global.<\/p>\n<\/p><\/div>\n<\/p><\/div>\n<p><script data-cfasync=\"false\">\n    !function (f, b, e, v, n, t, s) {\n        if (f.fbq) return; n = f.fbq = function () {\n            n.callMethod ?\n                n.callMethod.apply(n, arguments) : n.queue.push(arguments)\n        };\n        if (!f._fbq) f._fbq = n; n.push = n; n.loaded = !0; n.version = '2.0';\n        n.queue = []; t = b.createElement(e); t.async = !0;\n        t.src = v; s = b.getElementsByTagName(e)[0];\n        s.parentNode.insertBefore(t, s)\n    }(window, document, 'script',\n        'https:\/\/connect.facebook.net\/en_US\/fbevents.js');\n    fbq('init', '522546078623747');\n    fbq('track', 'PageView');\n<\/script><br \/>\n<br \/><br \/>\n<br \/><a href=\"https:\/\/www.agrolink.com.br\/noticias\/cafe-brasileiro-dribla-o-volume-com-alta-valorizacao_504978.html\">Source link <\/a><\/p>\n","protected":false},"excerpt":{"rendered":"<p>&#13; Alta dos pre\u00e7os est\u00e1 diretamente ligada ao cen\u00e1rio internacional &#13; &#13; Agrolink&#13; &#13; &#8211; Aline Merladete&#13; &#13; Publicado em<\/p>\n","protected":false},"author":1,"featured_media":11941,"comment_status":"open","ping_status":"open","sticky":false,"template":"","format":"standard","meta":{"_monsterinsights_skip_tracking":false,"_monsterinsights_sitenote_active":false,"_monsterinsights_sitenote_note":"","_monsterinsights_sitenote_category":0,"_uf_show_specific_survey":0,"_uf_disable_surveys":false,"footnotes":""},"categories":[8,1,14],"tags":[],"class_list":["post-18658","post","type-post","status-publish","format-standard","has-post-thumbnail","hentry","category-agro","category-news","category-politica-agro"],"_links":{"self":[{"href":"https:\/\/agromt.news\/index.php?rest_route=\/wp\/v2\/posts\/18658"}],"collection":[{"href":"https:\/\/agromt.news\/index.php?rest_route=\/wp\/v2\/posts"}],"about":[{"href":"https:\/\/agromt.news\/index.php?rest_route=\/wp\/v2\/types\/post"}],"author":[{"embeddable":true,"href":"https:\/\/agromt.news\/index.php?rest_route=\/wp\/v2\/users\/1"}],"replies":[{"embeddable":true,"href":"https:\/\/agromt.news\/index.php?rest_route=%2Fwp%2Fv2%2Fcomments&post=18658"}],"version-history":[{"count":0,"href":"https:\/\/agromt.news\/index.php?rest_route=\/wp\/v2\/posts\/18658\/revisions"}],"wp:featuredmedia":[{"embeddable":true,"href":"https:\/\/agromt.news\/index.php?rest_route=\/wp\/v2\/media\/11941"}],"wp:attachment":[{"href":"https:\/\/agromt.news\/index.php?rest_route=%2Fwp%2Fv2%2Fmedia&parent=18658"}],"wp:term":[{"taxonomy":"category","embeddable":true,"href":"https:\/\/agromt.news\/index.php?rest_route=%2Fwp%2Fv2%2Fcategories&post=18658"},{"taxonomy":"post_tag","embeddable":true,"href":"https:\/\/agromt.news\/index.php?rest_route=%2Fwp%2Fv2%2Ftags&post=18658"}],"curies":[{"name":"wp","href":"https:\/\/api.w.org\/{rel}","templated":true}]}}