{"id":18657,"date":"2025-08-15T22:34:37","date_gmt":"2025-08-16T02:34:37","guid":{"rendered":"https:\/\/agromt.news\/?p=18657"},"modified":"2025-08-15T22:34:37","modified_gmt":"2025-08-16T02:34:37","slug":"especialistas-debatem-o-potencial-da-integracao-lavoura-pecuaria-para-solos-arenosos","status":"publish","type":"post","link":"https:\/\/agromt.news\/?p=18657","title":{"rendered":"Especialistas debatem o potencial da Integra\u00e7\u00e3o Lavoura-Pecu\u00e1ria para solos arenosos"},"content":{"rendered":"<p> <br \/>\n<\/p>\n<div>\n<p style=\"text-align:justify\">O futuro da agricultura e da pecu\u00e1ria no Brasil passa pela integra\u00e7\u00e3o dos dois sistemas. \u00c9 o que mostram os resultados de pesquisas e experi\u00eancias de campo apresentadas no 7\u00ba Semin\u00e1rio T\u00e9cnico em Integra\u00e7\u00e3o Lavoura-Pecu\u00e1ria (ILP), realizado em 8 de agosto, na C\u00e2mara de Vereadores de Nova Alvorada do Sul, Mato Grosso do Su. O evento reuniu produtores e lideran\u00e7as agropecu\u00e1rias da regi\u00e3o e do Paran\u00e1.&#13;\n<\/p>\n<p style=\"text-align:justify\">\u201cA Integra\u00e7\u00e3o Lavoura Pecu\u00e1ria (ILP) tem um potencial de conserva\u00e7\u00e3o ambiental e ganho de produtividade, inclusive em solos arenosos, que demandam um cuidado muito maior. O plantio direto (n\u00e3o revolvimento do solo, rota\u00e7\u00e3o de cultura, cobertura com palhada) precisa ser praticado\u201d, disse o pesquisador da Embrapa Agropecu\u00e1ria Oeste e coordenador do evento, Lu\u00eds Armando Zago Machado, em sua palestra \u201cDiversifica\u00e7\u00e3o na rota\u00e7\u00e3o dos sistemas integrados&#8221;.\u00a0<\/p>\n<p style=\"text-align:justify\">Ele enfatizou a import\u00e2ncia das diversifica\u00e7\u00f5es de culturas, por mais desafiador que seja e que demanda pr\u00e1tica. \u201c\u00c1reas com limita\u00e7\u00f5es relevantes, associadas aos solos arenosos e altas temperaturas s\u00e3o desafiadoras. Mas, a rota\u00e7\u00e3o de culturas com a diversifica\u00e7\u00e3o de cultivos, tais como: mandioca, amendoim e cana-de-a\u00e7\u00facar s\u00e3o alternativas que contribuem com o desenvolvimento de pastagens, aumento da produtividade, associada a conserva\u00e7\u00e3o ambiental\u201d, explicou Zago.<\/p>\n<p style=\"text-align:justify\">O nitrog\u00eanio tamb\u00e9m foi destacado pelo pesquisador \u201cele \u00e9 um grande desafio para os agricultores, especialmente, para intensifica\u00e7\u00e3o da produ\u00e7\u00e3o, porque o nitrog\u00eanio mineral \u00e9 caro, 80% \u00e9 importado, tem uma instabilidade muito grande e \u00e9 fundamental para a agricultura. Algumas alternativas s\u00e3o o cultivo de leguminosas, tais como: guandu, crotal\u00e1ria e estilosantes. Sistemas, como o Antecipasto, que tem sua ado\u00e7\u00e3o ampliada em v\u00e1rios estados, tais como: Mato Grosso, Roraima e Bahia.\u00a0<\/p>\n<p style=\"text-align:justify\">Mandioca no ILP O especialista t\u00e9cnico da cultura da mandioca da Copasul, de Navira\u00ed (MS), Clayton Sim\u00e3o Zebalho falou sobre o cultivo de mandioca como estrat\u00e9gia para recupera\u00e7\u00e3o de pastagens degradadas. Ele trouxe dados de produtividade e rentabilidade, falou da import\u00e2ncia da mandioca para a alimenta\u00e7\u00e3o, panorama produtivo mundial e nacional, apresentou informa\u00e7\u00f5es sobre a produ\u00e7\u00e3o de mandioca industrial. Por\u00e9m, em sua fala, enfatizou a import\u00e2ncia de adotar estrat\u00e9gias que contribuam com o aumento da produtividade.\u00a0<\/p>\n<p style=\"text-align:justify\">\u201cUm ciclo de mandioca tem um potencial produtivo que pode chegar a at\u00e9 61 toneladas por hectare. Se a m\u00e9dia atual tem sido de 25 toneladas, temos uma lacuna de 36 toneladas\u201d, destacou. Para ele, preparo do solo, com palhada de qualidade, posicionamento adequado de cultivares e a ado\u00e7\u00e3o de estrat\u00e9gias de manejo adequadas em todas as etapas do cultivo fazem muita diferen\u00e7a nesse sentido. Rentabilidade e comercializa\u00e7\u00e3o da mandioca tamb\u00e9m foi abordada por Clayton, que tamb\u00e9m possu\u00ed um perfil no instagram com informa\u00e7\u00f5es sobre a cultura denominada @universo_da_mandioca.<\/p>\n<p style=\"text-align:justify\">O produtor rural de Paranava\u00ed (PR), Victor Machado Vendramin, destacou que mandiocultores que fazem o manejo adequado e utilizando o plantio direto, t\u00eam obtido produtividade de 60 toneladas por hectare. Segundo ele, dados revelam ainda que o cultivo sob palhada apresenta um potencial de redu\u00e7\u00e3o da temperatura do solo em at\u00e9 2\u00baC&#13;\n<\/p>\n<p style=\"text-align:justify\">ILP O produtor rural da fazenda Cabeceira, localizada em Maracaju (MS), Ake Van Der Vinne, apresentou informa\u00e7\u00f5es\u00a0 sobre rota\u00e7\u00e3o de culturas e diversifica\u00e7\u00e3o com o uso de mix forrageiro Ele apresentou detalhes do mix forrageiro e os benef\u00edcios de cada uma. Ele falou do mix de plantas de cobertura composto de ervilha, ervilhaca, guandu an\u00e3o, crotal\u00e1ria ochroleuca, canola, trigo mourisco, chic\u00f3ria e milho mo\u00eddo. Ele destacou a vantagem da utiliza\u00e7\u00e3o do mix por animais em pastejo (&#8220;rolo vaca&#8221;), em rela\u00e7\u00e3o ao rolo faca, mesmo para cultura seguinte, a soja.\u00a0<\/p>\n<p style=\"text-align:justify\">Em sua fala, Ake comparou o custo de produ\u00e7\u00e3o de gram\u00edneas e o custo de produ\u00e7\u00e3o com o uso de mix de cobertura. Apesar do investimento maior para o uso do mix de cobertura, por hectare, ele explicou que \u201cpode ser que vendo os dados o produtor pense que ficou muito mais caro, mas n\u00e3o \u00e9 bem assim. A qualidade do pasto que vem depois \u00e9 muito superior\u201d. Ele fez uma conta de cabe\u00e7a e explicou para a plateia: \u201ccada animal vai produzir a mais, em m\u00e9dia, 200g\/dia, pensando em tr\u00eas animais por hectare, temos um incremento de 600g\/dia, no prazo de 90 dias, d\u00e1 45 kg a mais. Isso \u00e9 um bom lucro\u201d.<\/p>\n<p style=\"text-align:justify\">Ele disse ainda que o uso de ILP, no longo prazo, favorece os produtos biol\u00f3gicos para controle de pragas e doen\u00e7as na soja, al\u00e9m de ser eficiente no controle das plantas daninhas. Para finalizar sua apresenta\u00e7\u00e3o, Ake apresentou o calend\u00e1rio de manejo pecu\u00e1rio utilizado em sua propriedade e que tem possibilitado ciclos pecu\u00e1rios (cria, recria e engorda) de 17 meses, com resultados de 18 arrobas\/cabe\u00e7a. \u00a0 Cultivo de amendoim A cultura do amendoim foi o tema das duas apresenta\u00e7\u00f5es do per\u00edodo vespertino. O pesquisador do IAC, de Ribeir\u00e3o Preto (SP), Denizart Bolonhezi falou sobre a cultura do amendoim na abertura de \u00e1rea de rota\u00e7\u00e3o. Ele apresentou relevantes conceitos de agricultura regenerativa e explicou que \u00e9 complementar a agricultura conservacionista, pois primeiro \u00e9 preciso conservar para depois regenerar. Destacando que o amendoim contribui com essa finalidade e que o cultivo da leguminosa apresenta in\u00fameras vantagens, tais como: a planta \u00e9 do g\u00eanero Arachis sendo nativa da Am\u00e9rica do Sul; disponibilidade de solu\u00e7\u00f5es tecnol\u00f3gicas em termos de melhoramento gen\u00e9tico: cultivares e sementes; intera\u00e7\u00e3o com biota em solos tropicais; toler\u00e2ncia \u00e0 seca, al\u00e9m de sistema radicular robusto e pequeno. Ele explicou que a resili\u00eancia do cultivo de amendoim \u00e9 ampliada pela palhada em plantio direto, proporcionando maior toler\u00e2ncia \u00e0 seca e acrescentou que essa capacidade de adapta\u00e7\u00e3o \u00e0s adversidades clim\u00e1ticas \u00e9 crucial..\u00a0<\/p>\n<p style=\"text-align:justify\">O caso de sucesso sobre o uso do amendoim no ILP, foi apresentado pelo produtor rural da fazenda Santa Bernadette, localizada em Nova Alvorada do Sul (MS) Roberto Junqueira. Ele abordou aspectos do mercado produtor, do manejo e da rentabilidade da cultura do amendoim. Ele explicou que, desde 2018, j\u00e1 foram renovadas quatro mil hectares de pastagens degradadas com o uso do ILP na propriedade. Com o uso do amendoim conseguiram dobrar a capacidade de unidade animal por hectare e todos os custos de produ\u00e7\u00e3o relacionados ao preparo e a corre\u00e7\u00e3o do solo foram pagos com a produ\u00e7\u00e3o do amendoim.\u00a0<\/p>\n<p style=\"text-align:justify\">Lideran\u00e7as presentes\u00a0 O presidente do Sindicato Rural de Nova Alvorada do Sul, Leandro Lyrio, destacou que a tecnologia desempenha um papel muito importante para a produtividade agropecu\u00e1ria e acrescentou que \u201ceventos como esse viabilizam o acesso a essas informa\u00e7\u00f5es e a parceria com a Embrapa \u00e9 fundamental\u201d.<\/p>\n<p style=\"text-align:justify\">O Chefe Geral da Embrapa Agropecu\u00e1ria Oeste, Harley Nonato enfatizou a import\u00e2ncia das parcerias para o fortalecimento regional e avan\u00e7o do ILP na regi\u00e3o. \u201cEstamos fortalecendo as parcerias em Nova Alvorada do Sul, que possu\u00ed um amplo potencial produtivo tanto por sua posi\u00e7\u00e3o geogr\u00e1fica quanto pelas caracter\u00edsticas altamente produtivas do solo local\u201d. Ele disse que a Embrapa Agropecu\u00e1ria Oeste conta com uma Unidade Refer\u00eancia Tecnol\u00f3gica (URT), no munic\u00edpio, com intuito de facilitar a ado\u00e7\u00e3o das tecnologias que a Unidade tem pesquisado. \u201cEventos como esse s\u00e3o fundamentais para podermos trocar experi\u00eancias\u201d, completou Harley.&#13;\n<\/p>\n<p style=\"text-align:justify\">O prefeito de Nova Alvorada do Sul, Jos\u00e9 Paulo Paleari, agradeceu os produtores do munic\u00edpio e arredores, al\u00e9m de empresas da iniciativa privada e representantes institucionais presentes no evento e completou \u201csempre tivemos um sonho de ser um munic\u00edpio que pode alavancar e demonstrar seu potencial produtivo estadual, sendo mais que um munic\u00edpio entroncamento. N\u00f3s somos refer\u00eancia no agro e a presen\u00e7a da Embrapa refor\u00e7a esse compromisso. Este \u00e9 o primeiro Semin\u00e1rio que estamos realizando com a Embrapa no munic\u00edpio e acreditamos que esse \u00e9 o primeiro de muitos\u201d.<\/p>\n<p style=\"text-align:justify\">O presidente da C\u00e2mara de Vereadores de Nova Alvorada do Sul, vereador Israel Gomes de Sousa, agradeceu a presen\u00e7a dos participantes e dos apoiadores do evento e disse que a C\u00e2mara de Vereadores est\u00e1 dispon\u00edvel para outras atividades t\u00e9cnicas e relvantes como esta.\u00a0<\/p>\n<p style=\"text-align:justify\">Realiza\u00e7\u00e3o O Semin\u00e1rio \u00e9 uma realiza\u00e7\u00e3o da Embrapa Agropecu\u00e1ria Oeste e Sindicato Rural de Nova Alvorada do Sul, conta com apoio da Prefeitura Municipal e da C\u00e2mara de Vereadores de Nova Alvorada do Sul. Os patrocinadores da 7\u00aa edi\u00e7\u00e3o do Semin\u00e1rio s\u00e3o: Sementes Alvorada, Agro Jangada, Cargill, Sicredi e Cooperativa Alfa.<\/p>\n<p style=\"text-align:justify\">\u00a0<\/p>\n<\/p><\/div>\n<p><script data-cfasync=\"false\">\n    !function (f, b, e, v, n, t, s) {\n        if (f.fbq) return; n = f.fbq = function () {\n            n.callMethod ?\n                n.callMethod.apply(n, arguments) : n.queue.push(arguments)\n        };\n        if (!f._fbq) f._fbq = n; n.push = n; n.loaded = !0; n.version = '2.0';\n        n.queue = []; t = b.createElement(e); t.async = !0;\n        t.src = v; s = b.getElementsByTagName(e)[0];\n        s.parentNode.insertBefore(t, s)\n    }(window, document, 'script',\n        'https:\/\/connect.facebook.net\/en_US\/fbevents.js');\n    fbq('init', '522546078623747');\n    fbq('track', 'PageView');\n<\/script><br \/>\n<br \/><br \/>\n<br \/><a href=\"https:\/\/www.agrolink.com.br\/noticias\/especialistas-debatem-o-potencial-da-integracao-lavoura-pecuaria-para-solos-arenosos_504977.html\">Source link <\/a><\/p>\n","protected":false},"excerpt":{"rendered":"<p>O futuro da agricultura e da pecu\u00e1ria no Brasil passa pela integra\u00e7\u00e3o dos dois sistemas. \u00c9 o que mostram os<\/p>\n","protected":false},"author":1,"featured_media":3039,"comment_status":"open","ping_status":"open","sticky":false,"template":"","format":"standard","meta":{"_monsterinsights_skip_tracking":false,"_monsterinsights_sitenote_active":false,"_monsterinsights_sitenote_note":"","_monsterinsights_sitenote_category":0,"_uf_show_specific_survey":0,"_uf_disable_surveys":false,"footnotes":""},"categories":[8,1,14],"tags":[],"class_list":["post-18657","post","type-post","status-publish","format-standard","has-post-thumbnail","hentry","category-agro","category-news","category-politica-agro"],"_links":{"self":[{"href":"https:\/\/agromt.news\/index.php?rest_route=\/wp\/v2\/posts\/18657"}],"collection":[{"href":"https:\/\/agromt.news\/index.php?rest_route=\/wp\/v2\/posts"}],"about":[{"href":"https:\/\/agromt.news\/index.php?rest_route=\/wp\/v2\/types\/post"}],"author":[{"embeddable":true,"href":"https:\/\/agromt.news\/index.php?rest_route=\/wp\/v2\/users\/1"}],"replies":[{"embeddable":true,"href":"https:\/\/agromt.news\/index.php?rest_route=%2Fwp%2Fv2%2Fcomments&post=18657"}],"version-history":[{"count":0,"href":"https:\/\/agromt.news\/index.php?rest_route=\/wp\/v2\/posts\/18657\/revisions"}],"wp:featuredmedia":[{"embeddable":true,"href":"https:\/\/agromt.news\/index.php?rest_route=\/wp\/v2\/media\/3039"}],"wp:attachment":[{"href":"https:\/\/agromt.news\/index.php?rest_route=%2Fwp%2Fv2%2Fmedia&parent=18657"}],"wp:term":[{"taxonomy":"category","embeddable":true,"href":"https:\/\/agromt.news\/index.php?rest_route=%2Fwp%2Fv2%2Fcategories&post=18657"},{"taxonomy":"post_tag","embeddable":true,"href":"https:\/\/agromt.news\/index.php?rest_route=%2Fwp%2Fv2%2Ftags&post=18657"}],"curies":[{"name":"wp","href":"https:\/\/api.w.org\/{rel}","templated":true}]}}