{"id":18655,"date":"2025-08-15T20:37:13","date_gmt":"2025-08-16T00:37:13","guid":{"rendered":"https:\/\/agromt.news\/?p=18655"},"modified":"2025-08-15T20:37:13","modified_gmt":"2025-08-16T00:37:13","slug":"expointer-tera-inauguracao-do-memorial-do-queijo-gaucho-e-recorde-nacional-com-o-maior-monumento-de-queijo-do-brasil","status":"publish","type":"post","link":"https:\/\/agromt.news\/?p=18655","title":{"rendered":"Expointer ter\u00e1 inaugura\u00e7\u00e3o do Memorial do Queijo Ga\u00facho e recorde nacional com o maior monumento de queijo do Brasil"},"content":{"rendered":"<p> <br \/>\n<\/p>\n<div>\n<div class=\"row\">\n<div class=\"col-lg col-infos mt-0 mt-lg-0\">\n<div class=\"section-sub-title\">\n<p itemprop=\"description\">&#13;<br \/>\n                                Memorial nasce com o prop\u00f3sito de ser mais do que um espa\u00e7o de visita\u00e7\u00e3o&#13;\n                            <\/p>\n<\/p><\/div>\n<div class=\"container\">\n<div class=\"row\">\n<div class=\"col-lg p-0 text-lg-end\">\n<div>\n<div id=\"mdEnviarPagina\" class=\"modal fade\" role=\"dialog\">\n<div class=\"modal-dialog\">\n<div class=\"modal-content\">\n<div class=\"modal-body\">\n<p><strong>Estimado usu\u00e1rio.<\/strong><br \/>Preencha o formul\u00e1rio abaixo para remeter a p\u00e1gina.<\/p>\n<\/p><\/div>\n<\/p><\/div>\n<\/p><\/div>\n<\/div><\/div>\n<\/p><\/div>\n<\/p><\/div>\n<\/p><\/div>\n<\/p><\/div>\n<\/p><\/div>\n<div class=\"row justify-content-md-center mt-3\">\n<div class=\"col-lg-auto col-image block-news-main-image\">\n<p>                                <img decoding=\"async\" src=\"https:\/\/www.agrolink.com.br\/upload\/imagens-resizes\/795b8bf8c4ca45bb914ad923c2181514_858x483.jpg\" class=\"lazyload img-fluid\"\/><br \/>\n                                                <span class=\"publicity-photo d-block mt-1\">Foto: Divulga\u00e7\u00e3o<\/span><\/p><\/div>\n<\/p><\/div>\n<div class=\"section-description section-description-noticias mt-3\">\n<p style=\"text-align:justify\">A Associa\u00e7\u00e3o das Pequenas e M\u00e9dias Ind\u00fastrias de Latic\u00ednios do Rio Grande do Sul (APIL) prepara um momento hist\u00f3rico para o setor l\u00e1cteo e para o turismo ga\u00facho. No dia 04 de setembro de 2025, durante a 48\u00aa Expointer, ser\u00e1 inaugurado o Memorial do Queijo Ga\u00facho, um espa\u00e7o permanente de valoriza\u00e7\u00e3o da hist\u00f3ria, da cultura e da tradi\u00e7\u00e3o queijeira do Estado e do Brasil.&#13;\n<\/p>\n<p style=\"text-align:justify\">Instalado junto \u00e0 Casa da APIL, no Parque de Exposi\u00e7\u00f5es Assis Brasil, em Esteio, o memorial nasce com o prop\u00f3sito de ser mais do que um espa\u00e7o de visita\u00e7\u00e3o \u2014 ser\u00e1 um ponto de encontro para turistas, apreciadores, profissionais do setor e escolas, promovendo o queijo ga\u00facho como patrim\u00f4nio cultural e econ\u00f4mico do Rio Grande do Sul e fortalecendo o setor l\u00e1cteo.<\/p>\n<p style=\"text-align:justify\">Para marcar a inaugura\u00e7\u00e3o, a APIL apresentar\u00e1 ao p\u00fablico o maior monumento de queijo do Brasil, uma pe\u00e7a imponente com 14,91 metros de altura e 9,16 metros de largura, que conquistar\u00e1 o recorde nacional e projetar\u00e1 o setor l\u00e1cteo ga\u00facho para todo o pa\u00eds. A escultura monumental, s\u00edmbolo de excel\u00eancia e grandeza, tamb\u00e9m entra na disputa pelo recorde mundial, refor\u00e7ando a imagem do Rio Grande do Sul como terra de queijos gigantes em sabor e qualidade.&#13;\n<\/p>\n<p style=\"text-align:justify\">O projeto \u00e9 viabilizado pelo Pr\u00f3-Cultura RS \u2013 Governo do Estado do Rio Grande do Sul, reafirmando o compromisso da APIL com a preserva\u00e7\u00e3o, promo\u00e7\u00e3o e valoriza\u00e7\u00e3o da identidade cultural e gastron\u00f4mica ga\u00facha. Com isso, o memorial se tornar\u00e1 uma atra\u00e7\u00e3o tur\u00edstica ativa durante todo o ano, mantendo vida e movimento dentro do Parque da Expointer mesmo fora do per\u00edodo da feira.<\/p>\n<p style=\"text-align:justify\"><strong>Anote na agenda:<\/strong><\/p>\n<p style=\"text-align:justify\">?? Data: 04 de setembro de 2025, \u00e0s 16h<br \/>&#13;<br \/>\n?? Local: Casa da APIL \u2013 Parque de Exposi\u00e7\u00f5es Assis Brasil, Esteio\/RS<\/p>\n<\/p><\/div>\n<\/p><\/div>\n<p><script data-cfasync=\"false\">\n    !function (f, b, e, v, n, t, s) {\n        if (f.fbq) return; n = f.fbq = function () {\n            n.callMethod ?\n                n.callMethod.apply(n, arguments) : n.queue.push(arguments)\n        };\n        if (!f._fbq) f._fbq = n; n.push = n; n.loaded = !0; n.version = '2.0';\n        n.queue = []; t = b.createElement(e); t.async = !0;\n        t.src = v; s = b.getElementsByTagName(e)[0];\n        s.parentNode.insertBefore(t, s)\n    }(window, document, 'script',\n        'https:\/\/connect.facebook.net\/en_US\/fbevents.js');\n    fbq('init', '522546078623747');\n    fbq('track', 'PageView');\n<\/script><br \/>\n<br \/><br \/>\n<br \/><a href=\"https:\/\/www.agrolink.com.br\/noticias\/expointer-tera-inauguracao-do-memorial-do-queijo-gaucho-e-recorde-nacional-com-o-maior-monumento-de-queijo-do-brasil_504979.html\">Source link <\/a><\/p>\n","protected":false},"excerpt":{"rendered":"<p>&#13; Memorial nasce com o prop\u00f3sito de ser mais do que um espa\u00e7o de visita\u00e7\u00e3o&#13; Estimado usu\u00e1rio.Preencha o formul\u00e1rio abaixo<\/p>\n","protected":false},"author":1,"featured_media":18656,"comment_status":"open","ping_status":"open","sticky":false,"template":"","format":"standard","meta":{"_monsterinsights_skip_tracking":false,"_monsterinsights_sitenote_active":false,"_monsterinsights_sitenote_note":"","_monsterinsights_sitenote_category":0,"_uf_show_specific_survey":0,"_uf_disable_surveys":false,"footnotes":""},"categories":[8,1,14],"tags":[],"class_list":["post-18655","post","type-post","status-publish","format-standard","has-post-thumbnail","hentry","category-agro","category-news","category-politica-agro"],"_links":{"self":[{"href":"https:\/\/agromt.news\/index.php?rest_route=\/wp\/v2\/posts\/18655"}],"collection":[{"href":"https:\/\/agromt.news\/index.php?rest_route=\/wp\/v2\/posts"}],"about":[{"href":"https:\/\/agromt.news\/index.php?rest_route=\/wp\/v2\/types\/post"}],"author":[{"embeddable":true,"href":"https:\/\/agromt.news\/index.php?rest_route=\/wp\/v2\/users\/1"}],"replies":[{"embeddable":true,"href":"https:\/\/agromt.news\/index.php?rest_route=%2Fwp%2Fv2%2Fcomments&post=18655"}],"version-history":[{"count":0,"href":"https:\/\/agromt.news\/index.php?rest_route=\/wp\/v2\/posts\/18655\/revisions"}],"wp:featuredmedia":[{"embeddable":true,"href":"https:\/\/agromt.news\/index.php?rest_route=\/wp\/v2\/media\/18656"}],"wp:attachment":[{"href":"https:\/\/agromt.news\/index.php?rest_route=%2Fwp%2Fv2%2Fmedia&parent=18655"}],"wp:term":[{"taxonomy":"category","embeddable":true,"href":"https:\/\/agromt.news\/index.php?rest_route=%2Fwp%2Fv2%2Fcategories&post=18655"},{"taxonomy":"post_tag","embeddable":true,"href":"https:\/\/agromt.news\/index.php?rest_route=%2Fwp%2Fv2%2Ftags&post=18655"}],"curies":[{"name":"wp","href":"https:\/\/api.w.org\/{rel}","templated":true}]}}