{"id":18650,"date":"2025-08-15T18:40:30","date_gmt":"2025-08-15T22:40:30","guid":{"rendered":"https:\/\/agromt.news\/?p=18650"},"modified":"2025-08-15T18:40:30","modified_gmt":"2025-08-15T22:40:30","slug":"producao-de-milho-pode-atingir-1012-milhoes-de-toneladas","status":"publish","type":"post","link":"https:\/\/agromt.news\/?p=18650","title":{"rendered":"Produ\u00e7\u00e3o de milho pode atingir 101,2 milh\u00f5es de toneladas"},"content":{"rendered":"<p> <br \/>\n<\/p>\n<div>\n<p style=\"text-align:justify\">Agosto marca o ponto mais intenso da colheita da segunda safra de <a href=\"https:\/\/www.agrolink.com.br\/culturas\/milho?utm_source=agrolink-detalhe-noticia&amp;utm_medium=detalhe-noticia&amp;utm_campaign=links-internos&#9;\" target=\"_blank\" rel=\"noopener\">milho<\/a> no Brasil, conhecida como safrinha, considerada decisiva para o fluxo de caixa e a rentabilidade dos produtores. Segundo o Instituto Brasileiro de Geografia e Estat\u00edstica (IBGE), a produ\u00e7\u00e3o do gr\u00e3o deve alcan\u00e7ar 101,2 milh\u00f5es de toneladas em 2025, alta de 14,8% em rela\u00e7\u00e3o ao ano anterior, resultado atribu\u00eddo ao clima favor\u00e1vel e \u00e0 amplia\u00e7\u00e3o da \u00e1rea plantada.&#13;\n<\/p>\n<p style=\"text-align:justify\">\u201cA safrinha n\u00e3o \u00e9 apenas uma fase de colheita, mas um momento-chave de retorno financeiro para o produtor. Al\u00e9m do volume previsto, o avan\u00e7o da colheita faz com que os agricultores avaliem a produtividade, a qualidade dos gr\u00e3os e as oportunidades de comercializa\u00e7\u00e3o \u2014 decis\u00f5es que impactam diretamente a receita. Com o resultado da safra, \u00e9 poss\u00edvel estimar a receita, antecipar pagamentos e se preparar para o in\u00edcio de uma nova etapa produtiva com organiza\u00e7\u00e3o\u201d, afirmou Thays Moura, s\u00f3cia-fundadora da Agree, agfintech especializada em capta\u00e7\u00e3o de recursos para o agroneg\u00f3cio.&#13;\n<\/p>\n<p style=\"text-align:justify\">A Companhia Nacional de Abastecimento (Conab) projeta que a produ\u00e7\u00e3o total de gr\u00e3os no ciclo 2024\/25 seja de 339,6 milh\u00f5es de toneladas, o maior volume j\u00e1 registrado. No com\u00e9rcio exterior, o desempenho permanece est\u00e1vel: de acordo com o Minist\u00e9rio da Agricultura e Pecu\u00e1ria (Mapa), o agroneg\u00f3cio brasileiro exportou US$ 82 bilh\u00f5es no primeiro semestre de 2025, varia\u00e7\u00e3o de -0,2% em rela\u00e7\u00e3o ao mesmo per\u00edodo de 2024.&#13;\n<\/p>\n<p style=\"text-align:justify\">O IBGE estima que a \u00e1rea colhida em 2025 supere 81,2 milh\u00f5es de hectares, aumento de 2,7% na compara\u00e7\u00e3o anual. Mato Grosso segue na lideran\u00e7a da produ\u00e7\u00e3o nacional de gr\u00e3os, com 31,5% do total, seguido por Paran\u00e1, Goi\u00e1s e Rio Grande do Sul.<\/p>\n<p style=\"text-align:justify\">Embora o cr\u00e9dito seja relevante em todas as fases da produ\u00e7\u00e3o, a Agree avalia que ele se torna ainda mais estrat\u00e9gico nesta etapa. \u201cAl\u00e9m de resolver o curto prazo, o cr\u00e9dito bem planejado fortalece o longo prazo da atividade rural\u201d, ressaltou Thays.<\/p>\n<p style=\"text-align:justify\">O setor, no entanto, ainda lida com custos elevados de insumos e oscila\u00e7\u00f5es nos pre\u00e7os das commodities.\u00a0<br \/>&#13;<br \/>\n\u00a0<\/p>\n<\/p><\/div>\n<p><script data-cfasync=\"false\">\n    !function (f, b, e, v, n, t, s) {\n        if (f.fbq) return; n = f.fbq = function () {\n            n.callMethod ?\n                n.callMethod.apply(n, arguments) : n.queue.push(arguments)\n        };\n        if (!f._fbq) f._fbq = n; n.push = n; n.loaded = !0; n.version = '2.0';\n        n.queue = []; t = b.createElement(e); t.async = !0;\n        t.src = v; s = b.getElementsByTagName(e)[0];\n        s.parentNode.insertBefore(t, s)\n    }(window, document, 'script',\n        'https:\/\/connect.facebook.net\/en_US\/fbevents.js');\n    fbq('init', '522546078623747');\n    fbq('track', 'PageView');\n<\/script><br \/>\n<br \/><br \/>\n<br \/><a href=\"https:\/\/www.agrolink.com.br\/noticias\/producao-de-milho-pode-atingir-101-2-milhoes-de-toneladas_504980.html\">Source link <\/a><\/p>\n","protected":false},"excerpt":{"rendered":"<p>Agosto marca o ponto mais intenso da colheita da segunda safra de milho no Brasil, conhecida como safrinha, considerada decisiva<\/p>\n","protected":false},"author":1,"featured_media":3552,"comment_status":"open","ping_status":"open","sticky":false,"template":"","format":"standard","meta":{"_monsterinsights_skip_tracking":false,"_monsterinsights_sitenote_active":false,"_monsterinsights_sitenote_note":"","_monsterinsights_sitenote_category":0,"_uf_show_specific_survey":0,"_uf_disable_surveys":false,"footnotes":""},"categories":[8,1,14],"tags":[],"class_list":["post-18650","post","type-post","status-publish","format-standard","has-post-thumbnail","hentry","category-agro","category-news","category-politica-agro"],"_links":{"self":[{"href":"https:\/\/agromt.news\/index.php?rest_route=\/wp\/v2\/posts\/18650"}],"collection":[{"href":"https:\/\/agromt.news\/index.php?rest_route=\/wp\/v2\/posts"}],"about":[{"href":"https:\/\/agromt.news\/index.php?rest_route=\/wp\/v2\/types\/post"}],"author":[{"embeddable":true,"href":"https:\/\/agromt.news\/index.php?rest_route=\/wp\/v2\/users\/1"}],"replies":[{"embeddable":true,"href":"https:\/\/agromt.news\/index.php?rest_route=%2Fwp%2Fv2%2Fcomments&post=18650"}],"version-history":[{"count":0,"href":"https:\/\/agromt.news\/index.php?rest_route=\/wp\/v2\/posts\/18650\/revisions"}],"wp:featuredmedia":[{"embeddable":true,"href":"https:\/\/agromt.news\/index.php?rest_route=\/wp\/v2\/media\/3552"}],"wp:attachment":[{"href":"https:\/\/agromt.news\/index.php?rest_route=%2Fwp%2Fv2%2Fmedia&parent=18650"}],"wp:term":[{"taxonomy":"category","embeddable":true,"href":"https:\/\/agromt.news\/index.php?rest_route=%2Fwp%2Fv2%2Fcategories&post=18650"},{"taxonomy":"post_tag","embeddable":true,"href":"https:\/\/agromt.news\/index.php?rest_route=%2Fwp%2Fv2%2Ftags&post=18650"}],"curies":[{"name":"wp","href":"https:\/\/api.w.org\/{rel}","templated":true}]}}