{"id":18648,"date":"2025-08-15T17:37:14","date_gmt":"2025-08-15T21:37:14","guid":{"rendered":"https:\/\/agromt.news\/?p=18648"},"modified":"2025-08-15T17:37:14","modified_gmt":"2025-08-15T21:37:14","slug":"la-nina-vai-voltar-e-como-isso-afeta-as-chuvas-nos-proximos-meses-meteorologista-conta-tudo","status":"publish","type":"post","link":"https:\/\/agromt.news\/?p=18648","title":{"rendered":"La Ni\u00f1a vai voltar? E como isso afeta as chuvas nos pr\u00f3ximos meses? Meteorologista conta tudo"},"content":{"rendered":"<p> <br \/>\n<br \/><img decoding=\"async\" src=\"https:\/\/agromt.news\/wp-content\/uploads\/2025\/03\/Condicoes-de-clima-favoraveis-a-soja-onde-chove.jpg\" \/><\/p>\n<div>\n<p>O mais recente relat\u00f3rio sobre as condi\u00e7\u00f5es do Pac\u00edfico Equatorial indica um cen\u00e1rio de <strong>neutralidade clim\u00e1tica<\/strong> nos pr\u00f3ximos seis a sete meses, segundo o meteorologista do Canal Rural, <strong>Arthur M\u00fcller<\/strong>. A an\u00e1lise aponta baixa probabilidade de retorno do fen\u00f4meno <strong><a href=\"http:\/\/www.canalrural.com.br\/tag\/la-nina\/\">La Ni\u00f1a<\/a><\/strong> e uma tend\u00eancia de estabilidade durante o in\u00edcio, meio e fim da safra de soja no Brasil.<\/p>\n<p><iframe title=\"Quando a chuva vai voltar? Confira a previs\u00e3o para produtores de soja\" width=\"800\" height=\"450\" src=\"https:\/\/www.youtube.com\/embed\/eHgwPNBLCDs?feature=oembed\" frameborder=\"0\" allow=\"accelerometer; autoplay; clipboard-write; encrypted-media; gyroscope; picture-in-picture; web-share\" referrerpolicy=\"strict-origin-when-cross-origin\" allowfullscreen><\/iframe><noscript><iframe title=\"Quando a chuva vai voltar? Confira a previs\u00e3o para produtores de soja\" width=\"800\" height=\"450\" src=\"https:\/\/www.youtube.com\/embed\/eHgwPNBLCDs?feature=oembed\" frameborder=\"0\" allow=\"accelerometer; autoplay; clipboard-write; encrypted-media; gyroscope; picture-in-picture; web-share\" referrerpolicy=\"strict-origin-when-cross-origin\" allowfullscreen><\/iframe><\/noscript><\/p>\n<p>De acordo com M\u00fcller, essa configura\u00e7\u00e3o significa que as chuvas devem retornar <strong>no per\u00edodo esperado<\/strong>, favorecendo \u00e1reas produtoras em todo o pa\u00eds. \u201cNo geral, a temperatura deve ficar um pouco acima da m\u00e9dia at\u00e9 a chuva come\u00e7ar a retornar em setembro\u201d, afirma. O padr\u00e3o atual, com a mistura de \u00e1guas mais frias e quentes no Pac\u00edfico, confirma a neutralidade clim\u00e1tica.<\/p>\n<h3 class=\"wp-block-heading\" id=\"h-setembro-comeca-com-chuva-irregular-e-temperaturas-elevadas\"><strong>Setembro come\u00e7a com chuva irregular e temperaturas elevadas<\/strong><\/h3>\n<p>Apesar da expectativa de retorno das precipita\u00e7\u00f5es, setembro deve apresentar <strong>chuvas abaixo da m\u00e9dia<\/strong> na primeira quinzena. A regularidade s\u00f3 deve melhorar a partir da segunda semana do m\u00eas, ainda de forma irregular devido \u00e0s altas temperaturas.<\/p>\n<\/div>\n<div>\n<p>O meteorologista alerta para o <strong>risco de focos de inc\u00eandio<\/strong> no Centro-Oeste, Matopiba e interior do Sudeste, exigindo aten\u00e7\u00e3o redobrada no manejo com fogo.<\/p>\n<h3 class=\"wp-block-heading\" id=\"h-outubro-marca-inicio-das-chuvas-regulares\"><strong>Outubro marca in\u00edcio das chuvas regulares<\/strong><\/h3>\n<p>A partir de outubro, o cen\u00e1rio muda. As <strong>anomalias positivas de chuva<\/strong> devem ganhar for\u00e7a, com umidade suficiente para permitir o avan\u00e7o da semeadura da soja, especialmente no <strong>Centro-Oeste<\/strong> e <strong>Sudeste<\/strong>. As precipita\u00e7\u00f5es tamb\u00e9m devem alcan\u00e7ar as \u00e1reas produtoras do <strong>Matopiba<\/strong>, ampliando as condi\u00e7\u00f5es favor\u00e1veis para o plantio.<\/p>\n<p>Segundo M\u00fcller, essa tend\u00eancia clim\u00e1tica oferece um panorama otimista para o produtor rural, garantindo que as chuvas ocorram dentro do calend\u00e1rio agr\u00edcola ideal e contribuam para um bom in\u00edcio de safra.<\/p>\n<div data-icp-cta=\"1\" id=\"icp-cta-unique\">Voc\u00ea quer entender como usar o clima a seu favor?<b> <\/b><a href=\"https:\/\/climacampo.canalrural.com.br\/climacampo_-01\">Preparamos um e-book exclusivo<\/a> para ajudar produtores rurais a se antecipar \u00e0s mudan\u00e7as do tempo e planejar melhor suas a\u00e7\u00f5es. Com base em previs\u00f5es meteorol\u00f3gicas confi\u00e1veis, ele oferece orienta\u00e7\u00f5es pr\u00e1ticas para proteger sua lavoura e otimizar seus resultados.<\/div>\n<\/div>\n<p><br \/>\n<br \/><a href=\"https:\/\/www.canalrural.com.br\/agricultura\/projeto-soja-brasil\/la-nina-vai-voltar-e-como-isso-afeta-as-chuvas-nos-proximos-meses-meteorologista-conta-tudo\/\">Source link <\/a><\/p>\n","protected":false},"excerpt":{"rendered":"<p>O mais recente relat\u00f3rio sobre as condi\u00e7\u00f5es do Pac\u00edfico Equatorial indica um cen\u00e1rio de neutralidade clim\u00e1tica nos pr\u00f3ximos seis a<\/p>\n","protected":false},"author":1,"featured_media":11109,"comment_status":"open","ping_status":"open","sticky":false,"template":"","format":"standard","meta":{"_monsterinsights_skip_tracking":false,"_monsterinsights_sitenote_active":false,"_monsterinsights_sitenote_note":"","_monsterinsights_sitenote_category":0,"_uf_show_specific_survey":0,"_uf_disable_surveys":false,"footnotes":""},"categories":[1],"tags":[],"class_list":["post-18648","post","type-post","status-publish","format-standard","has-post-thumbnail","hentry","category-news"],"_links":{"self":[{"href":"https:\/\/agromt.news\/index.php?rest_route=\/wp\/v2\/posts\/18648"}],"collection":[{"href":"https:\/\/agromt.news\/index.php?rest_route=\/wp\/v2\/posts"}],"about":[{"href":"https:\/\/agromt.news\/index.php?rest_route=\/wp\/v2\/types\/post"}],"author":[{"embeddable":true,"href":"https:\/\/agromt.news\/index.php?rest_route=\/wp\/v2\/users\/1"}],"replies":[{"embeddable":true,"href":"https:\/\/agromt.news\/index.php?rest_route=%2Fwp%2Fv2%2Fcomments&post=18648"}],"version-history":[{"count":0,"href":"https:\/\/agromt.news\/index.php?rest_route=\/wp\/v2\/posts\/18648\/revisions"}],"wp:featuredmedia":[{"embeddable":true,"href":"https:\/\/agromt.news\/index.php?rest_route=\/wp\/v2\/media\/11109"}],"wp:attachment":[{"href":"https:\/\/agromt.news\/index.php?rest_route=%2Fwp%2Fv2%2Fmedia&parent=18648"}],"wp:term":[{"taxonomy":"category","embeddable":true,"href":"https:\/\/agromt.news\/index.php?rest_route=%2Fwp%2Fv2%2Fcategories&post=18648"},{"taxonomy":"post_tag","embeddable":true,"href":"https:\/\/agromt.news\/index.php?rest_route=%2Fwp%2Fv2%2Ftags&post=18648"}],"curies":[{"name":"wp","href":"https:\/\/api.w.org\/{rel}","templated":true}]}}