{"id":18629,"date":"2025-08-15T11:40:07","date_gmt":"2025-08-15T15:40:07","guid":{"rendered":"https:\/\/agromt.news\/?p=18629"},"modified":"2025-08-15T11:40:07","modified_gmt":"2025-08-15T15:40:07","slug":"agosto-e-mes-chave-para-proteger-o-rebanho","status":"publish","type":"post","link":"https:\/\/agromt.news\/?p=18629","title":{"rendered":"agosto \u00e9 m\u00eas-chave para proteger o rebanho"},"content":{"rendered":"<p> <br \/>\n<\/p>\n<div>\n<p>O <strong>manejo sanit\u00e1rio bovino<\/strong> \u00e9 um dos pilares para garantir a produtividade e a rentabilidade da pecu\u00e1ria brasileira. Entre os desafios que mais comprometem o desempenho do rebanho est\u00e3o os parasitas, respons\u00e1veis por preju\u00edzos estimados em cerca de <strong>R$ 70 bilh\u00f5es por ano<\/strong> no pa\u00eds.<\/p>\n<p>Em regi\u00f5es como Sudeste, Centro-Oeste e Norte, a esta\u00e7\u00e3o seca (que vai de maio a outubro) traz redu\u00e7\u00e3o na qualidade e disponibilidade das pastagens, impactando a nutri\u00e7\u00e3o e a imunidade dos animais. Nesse cen\u00e1rio, conforme adiantado pelo <a href=\"https:\/\/canaldocriador.com.br\/\">Canal do Criador<\/a>, agosto se destaca como um m\u00eas decisivo para refor\u00e7ar cuidados e prevenir perdas.<\/p>\n<h2 class=\"wp-block-heading\" id=\"h-controle-estrategico-protocolo-5-8-11\"><strong>Controle estrat\u00e9gico: protocolo 5-8-11<\/strong><\/h2>\n<p>Uma das estrat\u00e9gias de destaque \u00e9 o protocolo <strong>5-8-11<\/strong>, desenvolvido pela Zoetis, empresa l\u00edder mundial em sa\u00fade animal, e validado por estudos da Universidade Federal do Mato Grosso do Sul (UFMS). Ele prev\u00ea vermifuga\u00e7\u00f5es em <strong>maio, agosto e novembro<\/strong>, garantindo prote\u00e7\u00e3o cont\u00ednua contra verminoses nos momentos de maior risco.<\/p>\n<p>Pesquisas indicam que a aplica\u00e7\u00e3o de Cydectin\u00ae (moxidectina injet\u00e1vel) em agosto pode proporcionar ganho adicional de at\u00e9 20 kg por animal quando comparada a protocolos menos frequentes. O resultado \u00e9 atribu\u00eddo \u00e0 combina\u00e7\u00e3o de manejo no per\u00edodo mais cr\u00edtico e \u00e0 efic\u00e1cia do produto contra parasitas.<\/p>\n<\/div>\n<div>\n<figure class=\"wp-block-image\"><img fetchpriority=\"high\" decoding=\"async\" width=\"796\" height=\"576\" src=\"https:\/\/agromt.news\/wp-content\/uploads\/2025\/08\/agosto-e-mes-chave-para-proteger-o-rebanho.jpg\" alt=\"Parasitas no rebanho, respons\u00e1veis por preju\u00edzos\" class=\"wp-image-267974\"  \/><figcaption class=\"wp-element-caption\">FOTO: Reprodu\u00e7\u00e3o<\/figcaption><\/figure>\n<h2 class=\"wp-block-heading\" id=\"h-evitando-perdas-silenciosas\"><strong>Evitando perdas silenciosas<\/strong><\/h2>\n<p>As verminoses nem sempre apresentam sinais vis\u00edveis, mas podem reduzir o ganho de peso, prejudicar a convers\u00e3o alimentar e atrasar o desenvolvimento dos animais. Tratar apenas quando os sintomas aparecem significa que o preju\u00edzo j\u00e1 est\u00e1 em andamento.<\/p>\n<p>\u201cAgosto \u00e9 um dos meses mais desafiadores do ponto de vista sanit\u00e1rio, j\u00e1 que os animais enfrentam estresse nutricional e maior vulnerabilidade. Por isso, \u00e9 fundamental refor\u00e7ar o manejo estrat\u00e9gico nesse per\u00edodo\u201d, destaca Elio Moro, gerente t\u00e9cnico de Ruminantes da Zoetis.<\/p>\n<h2 class=\"wp-block-heading\" id=\"h-prevencao-como-investimento\"><strong>Preven\u00e7\u00e3o como investimento<\/strong><\/h2>\n<p>Manter o <strong>manejo sanit\u00e1rio bovino<\/strong> alinhado ao calend\u00e1rio de produ\u00e7\u00e3o \u00e9 uma pr\u00e1tica que garante retorno em produtividade e tranquilidade para o pecuarista. \u201cA sa\u00fade do rebanho come\u00e7a nas decis\u00f5es di\u00e1rias de manejo. Quando essas decis\u00f5es s\u00e3o guiadas por conhecimento t\u00e9cnico e planejamento, os resultados aparecem n\u00e3o s\u00f3 na balan\u00e7a, mas na rentabilidade da fazenda\u201d, conclui Moro.<\/p>\n<p>Ao transformar agosto em um ponto estrat\u00e9gico de a\u00e7\u00e3o, o produtor n\u00e3o apenas protege o rebanho, mas tamb\u00e9m fortalece os resultados econ\u00f4micos da atividade.<\/p>\n<\/p><\/div>\n<p><br \/>\n<br \/><a href=\"https:\/\/www.canalrural.com.br\/pecuaria\/manejo-sanitario-bovino-agosto-protecao-rebanho\/\">Source link <\/a><\/p>\n","protected":false},"excerpt":{"rendered":"<p>O manejo sanit\u00e1rio bovino \u00e9 um dos pilares para garantir a produtividade e a rentabilidade da pecu\u00e1ria brasileira. Entre os<\/p>\n","protected":false},"author":1,"featured_media":18630,"comment_status":"open","ping_status":"open","sticky":false,"template":"","format":"standard","meta":{"_monsterinsights_skip_tracking":false,"_monsterinsights_sitenote_active":false,"_monsterinsights_sitenote_note":"","_monsterinsights_sitenote_category":0,"_uf_show_specific_survey":0,"_uf_disable_surveys":false,"footnotes":""},"categories":[1],"tags":[],"class_list":["post-18629","post","type-post","status-publish","format-standard","has-post-thumbnail","hentry","category-news"],"_links":{"self":[{"href":"https:\/\/agromt.news\/index.php?rest_route=\/wp\/v2\/posts\/18629"}],"collection":[{"href":"https:\/\/agromt.news\/index.php?rest_route=\/wp\/v2\/posts"}],"about":[{"href":"https:\/\/agromt.news\/index.php?rest_route=\/wp\/v2\/types\/post"}],"author":[{"embeddable":true,"href":"https:\/\/agromt.news\/index.php?rest_route=\/wp\/v2\/users\/1"}],"replies":[{"embeddable":true,"href":"https:\/\/agromt.news\/index.php?rest_route=%2Fwp%2Fv2%2Fcomments&post=18629"}],"version-history":[{"count":0,"href":"https:\/\/agromt.news\/index.php?rest_route=\/wp\/v2\/posts\/18629\/revisions"}],"wp:featuredmedia":[{"embeddable":true,"href":"https:\/\/agromt.news\/index.php?rest_route=\/wp\/v2\/media\/18630"}],"wp:attachment":[{"href":"https:\/\/agromt.news\/index.php?rest_route=%2Fwp%2Fv2%2Fmedia&parent=18629"}],"wp:term":[{"taxonomy":"category","embeddable":true,"href":"https:\/\/agromt.news\/index.php?rest_route=%2Fwp%2Fv2%2Fcategories&post=18629"},{"taxonomy":"post_tag","embeddable":true,"href":"https:\/\/agromt.news\/index.php?rest_route=%2Fwp%2Fv2%2Ftags&post=18629"}],"curies":[{"name":"wp","href":"https:\/\/api.w.org\/{rel}","templated":true}]}}