{"id":18624,"date":"2025-08-15T10:56:00","date_gmt":"2025-08-15T14:56:00","guid":{"rendered":"https:\/\/agromt.news\/?p=18624"},"modified":"2025-08-15T10:56:00","modified_gmt":"2025-08-15T14:56:00","slug":"ovos-cotacoes-da-proteina-tem-aumento-de-7-na-ultima-semana","status":"publish","type":"post","link":"https:\/\/agromt.news\/?p=18624","title":{"rendered":"Ovos: cota\u00e7\u00f5es da prote\u00edna tem aumento de 7% na \u00faltima semana"},"content":{"rendered":"<p> <br \/>\n<\/p>\n<div>\n<figure><img decoding=\"async\" src=\"https:\/\/agromt.news\/wp-content\/uploads\/2025\/08\/Ovos-cotacoes-da-proteina-tem-aumento-de-7-na-ultima.jpg\" alt=\"material\" \/><figcaption>Foto: Pixabay<\/figcaption><\/figure>\n<\/div>\n<p>Os ovos seguem em alta, impulsionados pela combina\u00e7\u00e3o de vendas aquecidas e estoques mais equilibrados. \u00c9 isso o que apontam os levantamentos do <a href=\"https:\/\/www.canalrural.com.br\/tag\/cepea\/\">Centro de Estudos Avan\u00e7ados em Economia Aplicada (Cepea).<\/a><\/p>\n<p>Nos \u00faltimos setes dias, os aumentos chegaram a 7% entre as pra\u00e7as acompanhadas pelo Instituto.&nbsp;<\/p>\n<ul class=\"wp-block-list\">\n<li><em>Veja em primeira m\u00e3o tudo sobre agricultura, pecu\u00e1ria, economia e previs\u00e3o do tempo: <\/em><a href=\"https:\/\/news.google.com\/publications\/CAAqLQgKIidDQklTRndnTWFoTUtFV05oYm1Gc2NuVnlZV3d1WTI5dExtSnlLQUFQAQ?hl=pt-BR&amp;gl=BR&amp;ceid=BR:pt-419\"><em>siga o Canal Rural no Google News!<\/em><\/a><\/li>\n<\/ul>\n<p>Do lado da oferta, pesquisadores explicam que, al\u00e9m das baixas temperaturas, que t\u00eam limitado a produ\u00e7\u00e3o em diversas regi\u00f5es, os descartes de poedeiras mais velhas realizados no \u00faltimo m\u00eas refor\u00e7a esse cen\u00e1rio.\u00a0<\/p>\n<p>Dados preliminares do IBGE apontam 1,22 bilh\u00e3o de d\u00fazias de ovos de galinha produzidos no segundo trimestre de 2025. O volume \u00e9 4% superior ao do mesmo per\u00edodo de 2024 e 1,6% acima do registrado nos tr\u00eas primeiros meses deste ano.<\/p>\n<p><em>*Sob supervis\u00e3o de Luis Roberto Toledo<\/em><\/p>\n<p>O post <a href=\"https:\/\/www.canalrural.com.br\/aves-e-suinos\/ovos-cotacoes-da-proteina-tem-aumento-de-7-na-ultima-semana\/\">Ovos: cota\u00e7\u00f5es da prote\u00edna tem aumento de 7% na \u00faltima semana<\/a> apareceu primeiro em <a href=\"https:\/\/www.canalrural.com.br\">Canal Rural<\/a>.<\/p>\n<p><br \/>\n<br \/><a href=\"https:\/\/www.canalrural.com.br\/aves-e-suinos\/ovos-cotacoes-da-proteina-tem-aumento-de-7-na-ultima-semana\/\">Source link <\/a><\/p>\n","protected":false},"excerpt":{"rendered":"<p>Foto: Pixabay Os ovos seguem em alta, impulsionados pela combina\u00e7\u00e3o de vendas aquecidas e estoques mais equilibrados. \u00c9 isso o<\/p>\n","protected":false},"author":1,"featured_media":18625,"comment_status":"open","ping_status":"open","sticky":false,"template":"","format":"standard","meta":{"_monsterinsights_skip_tracking":false,"_monsterinsights_sitenote_active":false,"_monsterinsights_sitenote_note":"","_monsterinsights_sitenote_category":0,"_uf_show_specific_survey":0,"_uf_disable_surveys":false,"footnotes":""},"categories":[1],"tags":[],"class_list":["post-18624","post","type-post","status-publish","format-standard","has-post-thumbnail","hentry","category-news"],"_links":{"self":[{"href":"https:\/\/agromt.news\/index.php?rest_route=\/wp\/v2\/posts\/18624"}],"collection":[{"href":"https:\/\/agromt.news\/index.php?rest_route=\/wp\/v2\/posts"}],"about":[{"href":"https:\/\/agromt.news\/index.php?rest_route=\/wp\/v2\/types\/post"}],"author":[{"embeddable":true,"href":"https:\/\/agromt.news\/index.php?rest_route=\/wp\/v2\/users\/1"}],"replies":[{"embeddable":true,"href":"https:\/\/agromt.news\/index.php?rest_route=%2Fwp%2Fv2%2Fcomments&post=18624"}],"version-history":[{"count":0,"href":"https:\/\/agromt.news\/index.php?rest_route=\/wp\/v2\/posts\/18624\/revisions"}],"wp:featuredmedia":[{"embeddable":true,"href":"https:\/\/agromt.news\/index.php?rest_route=\/wp\/v2\/media\/18625"}],"wp:attachment":[{"href":"https:\/\/agromt.news\/index.php?rest_route=%2Fwp%2Fv2%2Fmedia&parent=18624"}],"wp:term":[{"taxonomy":"category","embeddable":true,"href":"https:\/\/agromt.news\/index.php?rest_route=%2Fwp%2Fv2%2Fcategories&post=18624"},{"taxonomy":"post_tag","embeddable":true,"href":"https:\/\/agromt.news\/index.php?rest_route=%2Fwp%2Fv2%2Ftags&post=18624"}],"curies":[{"name":"wp","href":"https:\/\/api.w.org\/{rel}","templated":true}]}}