{"id":18623,"date":"2025-08-15T10:52:24","date_gmt":"2025-08-15T14:52:24","guid":{"rendered":"https:\/\/agromt.news\/?p=18623"},"modified":"2025-08-15T10:52:24","modified_gmt":"2025-08-15T14:52:24","slug":"mercado-de-defensivos-para-soja-recua-43-no-brasil","status":"publish","type":"post","link":"https:\/\/agromt.news\/?p=18623","title":{"rendered":"Mercado de defensivos para soja recua 4,3% no Brasil"},"content":{"rendered":"<p> <br \/>\n<\/p>\n<div>\n<p style=\"text-align:justify\">Levantamento\u00a0da Kynetec Brasil, o FarmTrak Soja da safra 2024\/2025 registrou recuo de 4,3% na movimenta\u00e7\u00e3o do mercado de defensivos agr\u00edcolas para a oleaginosa. Foram transacionados US$ 9,45 bilh\u00f5es em produtos, ante US$ 9,87 bilh\u00f5es do ciclo 2023-24. Em contrapartida, a \u00e1rea potencial tratada (PAT) pelas tecnologias para a prote\u00e7\u00e3o do cultivo apresentou crescimento relevante de 12% e passou de 1,4 bilh\u00e3o de hectares, novo recorde, segundo o especialista em pesquisas da empresa, Cristiano Limberger.&#13;\n<\/p>\n<p style=\"text-align:justify\">Conforme o executivo, a redu\u00e7\u00e3o do faturamento do setor de defensivos na <a href=\"https:\/\/www.agrolink.com.br\/culturas\/soja?utm_source=agrolink-detalhe-noticia&amp;utm_medium=detalhe-noticia&amp;utm_campaign=links-internos\" target=\"_blank\" rel=\"noopener\">soja<\/a> veio associada, sobretudo, \u00e0 combina\u00e7\u00e3o entre a desvaloriza\u00e7\u00e3o do real frente ao d\u00f3lar, de 7,7% na safra, e a retra\u00e7\u00e3o m\u00e9dia de 8% nos pre\u00e7os e custos dos produtos. \u201cOs impactos positivos da eleva\u00e7\u00e3o na ado\u00e7\u00e3o de tecnologias, medida em \u00e1rea potencial tratada (PAT), por n\u00famero de aplica\u00e7\u00f5es de produtos, refletem principalmente uma safra com condi\u00e7\u00f5es clim\u00e1ticas mais favor\u00e1veis \u00e0 obten\u00e7\u00e3o de produtividade, marcadamente na regi\u00e3o dos cerrados\u201d, adianta Limberger.<\/p>\n<p style=\"text-align:justify\">O levantamento\u00a0mostra que entre os produtos mais demandados pelos produtores na safra 2024\/25, os fungicidas foliares se mantiveram na ponta do mercado: subiram de 38% para 40% em participa\u00e7\u00e3o, com vendas de US$ 3,819 bilh\u00f5es, 3% acima da temporada anterior (US$ 3,713 bilh\u00f5es). Segundo Limberger, nesse segmento as transa\u00e7\u00f5es mais robustas envolveram fungicidas \u2018premium\u2019 (64%). Os \u2018stroby mix\u2019 e os protetores preencheram 14% e 13% do total da categoria, respectivamente.<\/p>\n<p style=\"text-align:justify\">Inseticidas foliares, na segunda posi\u00e7\u00e3o, representaram 23,6% do total de vendas da cultura ou US$ 2,23 bilh\u00f5es, decr\u00e9scimo de 9% face a 2023\/24 (US$ 2,443 bilh\u00f5es). Desses produtos, assinala Limberger, o destaque ficou por conta daqueles para controle de percevejos, com 54% do montante da categoria (US$ 1,2 bilh\u00e3o), al\u00e9m da ado\u00e7\u00e3o em 96% da \u00e1rea cultivada e do indicador m\u00e9dio observado de 3,4 aplica\u00e7\u00f5es na safra. Inseticidas para lagartas ocuparam 30% da categoria, ou US$ 671 milh\u00f5es, aponta o executivo.&#13;\n<\/p>\n<p style=\"text-align:justify\">Os herbicidas, historicamente a terceira categoria em comercializa\u00e7\u00e3o entre os defensivos agr\u00edcolas da soja, mantiveram a posi\u00e7\u00e3o mas tamb\u00e9m apresentaram decl\u00ednio em desempenho econ\u00f4mico e na participa\u00e7\u00e3o nas vendas totais: responderam por 23% ou US$ 2,18 bilh\u00f5es, frente a 25% ou US$ 2,4 bilh\u00f5es da temporada 2023\/2024. Glifosatos para desseca\u00e7\u00e3o e pr\u00e9-emerg\u00eancia corresponderam a 43% do subsegmento, \u00e0 frente dos pr\u00e9-emergentes (16%) e dos graminicidas seletivos (11%), entre outros.<\/p>\n<p style=\"text-align:justify\">Segundo o FarmTrak Soja, produtos espec\u00edficos para tratamento de sementes tracionaram 6% das vendas \u2013 representatividade id\u00eantica \u00e0 da safra anterior -, de US$ 558 milh\u00f5es J\u00e1 os nematicidas atingiram US$ 250 milh\u00f5es, 2,6% do mercado total. Este \u00faltimo subsegmento, diz Limberger, segue em crescimento safra ap\u00f3s safra em valor e ades\u00e3o, que passou de 31% para 36% da \u00e1rea cultivada em 2024-25.<\/p>\n<p style=\"text-align:justify\">Produtos como adjuvantes e inoculantes, somados, equivaleram a 4,4% do mercado total de defensivos para soja, US$ 418 milh\u00f5es. \u201cOutros insumos, que tamb\u00e9m s\u00e3o fundamentais no manejo, em fun\u00e7\u00e3o do custo mais baixo representaram uma fatia menor em valor de mercado\u201d, acrescenta Limberger.&#13;\n<\/p>\n<p style=\"text-align:justify\">O FarmTrak Soja 2024\/25 resultou de mais de 3,7 mil entrevistas realizadas com agricultores das principais regi\u00f5es produtoras de soja do pa\u00eds.<br \/>&#13;<br \/>\n\u00a0<\/p>\n<\/p><\/div>\n<p><script data-cfasync=\"false\">\n    !function (f, b, e, v, n, t, s) {\n        if (f.fbq) return; n = f.fbq = function () {\n            n.callMethod ?\n                n.callMethod.apply(n, arguments) : n.queue.push(arguments)\n        };\n        if (!f._fbq) f._fbq = n; n.push = n; n.loaded = !0; n.version = '2.0';\n        n.queue = []; t = b.createElement(e); t.async = !0;\n        t.src = v; s = b.getElementsByTagName(e)[0];\n        s.parentNode.insertBefore(t, s)\n    }(window, document, 'script',\n        'https:\/\/connect.facebook.net\/en_US\/fbevents.js');\n    fbq('init', '522546078623747');\n    fbq('track', 'PageView');\n<\/script><br \/>\n<br \/><br \/>\n<br \/><a href=\"https:\/\/www.agrolink.com.br\/noticias\/mercado-de-defensivos-para-soja-recua-4-3--no-brasil_504905.html\">Source link <\/a><\/p>\n","protected":false},"excerpt":{"rendered":"<p>Levantamento\u00a0da Kynetec Brasil, o FarmTrak Soja da safra 2024\/2025 registrou recuo de 4,3% na movimenta\u00e7\u00e3o do mercado de defensivos agr\u00edcolas<\/p>\n","protected":false},"author":1,"featured_media":4723,"comment_status":"open","ping_status":"open","sticky":false,"template":"","format":"standard","meta":{"_monsterinsights_skip_tracking":false,"_monsterinsights_sitenote_active":false,"_monsterinsights_sitenote_note":"","_monsterinsights_sitenote_category":0,"_uf_show_specific_survey":0,"_uf_disable_surveys":false,"footnotes":""},"categories":[8,1,14],"tags":[],"class_list":["post-18623","post","type-post","status-publish","format-standard","has-post-thumbnail","hentry","category-agro","category-news","category-politica-agro"],"_links":{"self":[{"href":"https:\/\/agromt.news\/index.php?rest_route=\/wp\/v2\/posts\/18623"}],"collection":[{"href":"https:\/\/agromt.news\/index.php?rest_route=\/wp\/v2\/posts"}],"about":[{"href":"https:\/\/agromt.news\/index.php?rest_route=\/wp\/v2\/types\/post"}],"author":[{"embeddable":true,"href":"https:\/\/agromt.news\/index.php?rest_route=\/wp\/v2\/users\/1"}],"replies":[{"embeddable":true,"href":"https:\/\/agromt.news\/index.php?rest_route=%2Fwp%2Fv2%2Fcomments&post=18623"}],"version-history":[{"count":0,"href":"https:\/\/agromt.news\/index.php?rest_route=\/wp\/v2\/posts\/18623\/revisions"}],"wp:featuredmedia":[{"embeddable":true,"href":"https:\/\/agromt.news\/index.php?rest_route=\/wp\/v2\/media\/4723"}],"wp:attachment":[{"href":"https:\/\/agromt.news\/index.php?rest_route=%2Fwp%2Fv2%2Fmedia&parent=18623"}],"wp:term":[{"taxonomy":"category","embeddable":true,"href":"https:\/\/agromt.news\/index.php?rest_route=%2Fwp%2Fv2%2Fcategories&post=18623"},{"taxonomy":"post_tag","embeddable":true,"href":"https:\/\/agromt.news\/index.php?rest_route=%2Fwp%2Fv2%2Ftags&post=18623"}],"curies":[{"name":"wp","href":"https:\/\/api.w.org\/{rel}","templated":true}]}}