{"id":18612,"date":"2025-08-15T08:42:56","date_gmt":"2025-08-15T12:42:56","guid":{"rendered":"https:\/\/agromt.news\/?p=18612"},"modified":"2025-08-15T08:42:56","modified_gmt":"2025-08-15T12:42:56","slug":"brasil-busca-dialogo-mas-nao-negociara-soberania-afirma-favaro","status":"publish","type":"post","link":"https:\/\/agromt.news\/?p=18612","title":{"rendered":"Brasil busca di\u00e1logo, mas n\u00e3o negociar\u00e1 soberania, afirma F\u00e1varo"},"content":{"rendered":"<p> <br \/>\n<br \/><img decoding=\"async\" src=\"https:\/\/agromt.news\/wp-content\/uploads\/2025\/08\/Brasil-busca-dialogo-mas-nao-negociara-soberania-afirma-Favaro.jpg\" \/><\/p>\n<div>\n<p>O ministro da Agricultura e Pecu\u00e1ria, Carlos F\u00e1varo, disse na quinta-feira (14), em S\u00e3o Paulo, que o governo vai continuar tentando negociar a redu\u00e7\u00e3o no valor das tarifas de 50% que foram impostas pelo presidente dos Estados Unidos, Donald Trump, \u00e0s exporta\u00e7\u00f5es brasileiras. No entanto, ressaltou ele, o Brasil n\u00e3o vai abrir m\u00e3o de sua soberania.<\/p>\n<p>\u201cO primeiro ponto \u00e9 garantir o di\u00e1logo, buscar a negocia\u00e7\u00e3o. Em momento algum, por determina\u00e7\u00e3o do presidente Lula, a gente fechou o di\u00e1logo. A gente busca o di\u00e1logo na mesa de negocia\u00e7\u00e3o. Agora, em hip\u00f3tese alguma, vamos abrir m\u00e3o da nossa soberania. Em hip\u00f3tese alguma, por \u00f3bvio, vamos negociar aquilo que n\u00e3o \u00e9 atribui\u00e7\u00e3o do Poder Executivo, como, por exemplo, interven\u00e7\u00e3o no Poder Judici\u00e1rio\u201d, disse F\u00e1varo.<\/p>\n<p>O tarifa\u00e7o faz parte de uma s\u00e9rie de a\u00e7\u00f5es dos Estados Unidos para interferir no julgamento de Jair Bolsonaro e aliados pela tentativa de golpe de Estado que tentou reverter o resultado das elei\u00e7\u00f5es de 2022 e culminou nos atentados de 8 de janeiro de 2023. Trump tamb\u00e9m iniciou uma investiga\u00e7\u00e3o comercial contra o Brasil e aplicou san\u00e7\u00f5es ao ministro do Supremo Tribunal Federal Alexandre de Moraes, que \u00e9 relator do processo.<\/p>\n<p>Na quarta-feira (13), o <a href=\"https:\/\/www.canalrural.com.br\/economia\/governo-anuncia-pacote-de-ajuda-a-setores-afetados-pelo-tarifaco-dos-eua-veja-quais-sao-as-medidas\/\">governo federal anunciou um pacote de medidas para apoiar o setor produtivo afetado pelo tarifa\u00e7o<\/a>. O plano de apoio prev\u00ea R$ 30 bilh\u00f5es em cr\u00e9dito e ser\u00e1 viabilizado por meio de uma medida provis\u00f3ria chamada de MP Brasil Soberano.<\/p>\n<p>Segundo F\u00e1varo, estas s\u00e3o apenas as \u201cprimeiras medidas\u201d tomadas pelo governo federal para tentar conter os efeitos do tarifa\u00e7o imposto por Trump \u00e0s exporta\u00e7\u00f5es brasileiras. \u201cE, certamente, vamos precisar de novas medidas complementares pelas particularidades geradas\u201d, acrescentou o ministro.<\/p>\n<p><em>Veja em primeira m\u00e3o tudo sobre agricultura, pecu\u00e1ria, economia e previs\u00e3o do tempo:<\/em><a href=\"https:\/\/news.google.com\/publications\/CAAqBwgKMPKZlQswq_mqAw?hl=pt-BR&amp;gl=BR&amp;ceid=BR%3Apt-419\" target=\"_blank\" rel=\"noreferrer noopener\"><em>\u00a0siga o Canal Rural no Google News!<\/em><\/a><\/p>\n<p>\u201cO suco de laranja \u00e9 algo que tinha um impacto gigante para os Estados Unidos, mas tamb\u00e9m para os produtores brasileiros. Foi retirada a tarifa. Mas n\u00e3o significa que desdobramentos do setor n\u00e3o v\u00e3o precisar de corre\u00e7\u00f5es. Por isso, as medidas anunciadas v\u00e3o precisar de implementa\u00e7\u00f5es, e estamos aberto a ouvir e continuar ouvindo os setores, para que a gente possa continuar tomando medidas de aux\u00edlio\u201d.<\/p>\n<\/div>\n<div>\n<p>Entre essas particularidades que precisar\u00e3o de medidas complementares, citou o ministro, est\u00e3o as dos setores cujas exporta\u00e7\u00f5es s\u00e3o quase todas direcionadas ao mercado norte-americano.<\/p>\n<p>\u201cSe uma ind\u00fastria tiver, por exemplo, 80% a 90% de sua produ\u00e7\u00e3o destinada para os Estados Unidos, essa ind\u00fastria vai sofrer muito mais do que uma empresa que tenha de destinado [aos Estados Unidos] 20% ou 30% da sua produ\u00e7\u00e3o. Ent\u00e3o, esses casos espec\u00edficos ter\u00e3o um tratamento espec\u00edfico\u201d, disse o ministro, sem citar quais medidas t\u00eam sido estudadas como solu\u00e7\u00f5es para esse tipo de caso.<\/p>\n<h2 class=\"wp-block-heading\" id=\"h-abertura-de-mercados\">Abertura de mercados<\/h2>\n<p>Enquanto isso, o governo continua buscando ampliar os mercados para os exportadores brasileiros, ressaltou F\u00e1varo.<\/p>\n<p>\u201cAinda ontem, batemos todos os recordes. Nunca, na hist\u00f3ria do Brasil, abriu-se tanto mercado para a agropecu\u00e1ria brasileira. Chegamos ao n\u00famero de 400 novos mercados\u201d, comemorou. \u201cA determina\u00e7\u00e3o do presidente Lula, em fun\u00e7\u00e3o deste momento, \u00e9 para que a gente intensifique ainda mais a busca de novos mercados, e isso vamos fazer\u201d.<\/p>\n<p>Al\u00e9m disso, destacou que o governo pretende implementar um programa de compras p\u00fablicas, para garantir apoio aos exportadores mais afetados, com medidas adicionais a linhas de cr\u00e9dito e isen\u00e7\u00e3o tribut\u00e1ria. Esse seria o caso dos produtores de manga.<\/p>\n<p>\u201cPor exemplo, vamos acrescentar mais manga na merenda escolar e pescados na merenda escolar e nas compras para as For\u00e7as Armadas. Tudo isso faz o consumo momentaneamente suprir a demanda daquilo que era destinado para os Estados Unidos\u201d, explicou o ministro.<\/p>\n<\/p><\/div>\n<p><br \/>\n<br \/><a href=\"https:\/\/www.canalrural.com.br\/agricultura\/brasil-busca-dialogo-mas-nao-negociara-soberania-afirma-favaro\/\">Source link <\/a><\/p>\n","protected":false},"excerpt":{"rendered":"<p>O ministro da Agricultura e Pecu\u00e1ria, Carlos F\u00e1varo, disse na quinta-feira (14), em S\u00e3o Paulo, que o governo vai continuar<\/p>\n","protected":false},"author":1,"featured_media":18613,"comment_status":"open","ping_status":"open","sticky":false,"template":"","format":"standard","meta":{"_monsterinsights_skip_tracking":false,"_monsterinsights_sitenote_active":false,"_monsterinsights_sitenote_note":"","_monsterinsights_sitenote_category":0,"_uf_show_specific_survey":0,"_uf_disable_surveys":false,"footnotes":""},"categories":[1],"tags":[],"class_list":["post-18612","post","type-post","status-publish","format-standard","has-post-thumbnail","hentry","category-news"],"_links":{"self":[{"href":"https:\/\/agromt.news\/index.php?rest_route=\/wp\/v2\/posts\/18612"}],"collection":[{"href":"https:\/\/agromt.news\/index.php?rest_route=\/wp\/v2\/posts"}],"about":[{"href":"https:\/\/agromt.news\/index.php?rest_route=\/wp\/v2\/types\/post"}],"author":[{"embeddable":true,"href":"https:\/\/agromt.news\/index.php?rest_route=\/wp\/v2\/users\/1"}],"replies":[{"embeddable":true,"href":"https:\/\/agromt.news\/index.php?rest_route=%2Fwp%2Fv2%2Fcomments&post=18612"}],"version-history":[{"count":0,"href":"https:\/\/agromt.news\/index.php?rest_route=\/wp\/v2\/posts\/18612\/revisions"}],"wp:featuredmedia":[{"embeddable":true,"href":"https:\/\/agromt.news\/index.php?rest_route=\/wp\/v2\/media\/18613"}],"wp:attachment":[{"href":"https:\/\/agromt.news\/index.php?rest_route=%2Fwp%2Fv2%2Fmedia&parent=18612"}],"wp:term":[{"taxonomy":"category","embeddable":true,"href":"https:\/\/agromt.news\/index.php?rest_route=%2Fwp%2Fv2%2Fcategories&post=18612"},{"taxonomy":"post_tag","embeddable":true,"href":"https:\/\/agromt.news\/index.php?rest_route=%2Fwp%2Fv2%2Ftags&post=18612"}],"curies":[{"name":"wp","href":"https:\/\/api.w.org\/{rel}","templated":true}]}}