{"id":18607,"date":"2025-08-15T06:59:27","date_gmt":"2025-08-15T10:59:27","guid":{"rendered":"https:\/\/agromt.news\/?p=18607"},"modified":"2025-08-15T06:59:27","modified_gmt":"2025-08-15T10:59:27","slug":"mercado-de-cafe-segue-volatil-apos-tarifa-dos-eua","status":"publish","type":"post","link":"https:\/\/agromt.news\/?p=18607","title":{"rendered":"Mercado de caf\u00e9 segue vol\u00e1til ap\u00f3s tarifa dos EUA"},"content":{"rendered":"<p> <br \/>\n<\/p>\n<div>\n<p style=\"text-align:justify\">As exporta\u00e7\u00f5es de <a href=\"https:\/\/www.agrolink.com.br\/culturas\/cafe\/?utm_source=agrolink-detalhe-noticia&amp;utm_medium=detalhe-noticia&amp;utm_campaign=links-internos\" target=\"_blank\" rel=\"noopener\">caf\u00e9<\/a>\u00a0do Vietn\u00e3 e da Indon\u00e9sia registraram crescimento no primeiro semestre de 2025, impulsionadas, em parte, pela menor disponibilidade de conilon brasileiro no mercado internacional.<\/p>\n<p style=\"text-align:justify\">Segundo dados do setor, no Vietn\u00e3, os embarques se mant\u00eam acima dos n\u00edveis de 2024 desde fevereiro, quando a safra 2024\/25 come\u00e7ou a ser comercializada. No acumulado de janeiro a julho, as exporta\u00e7\u00f5es cresceram 6,9%. Apesar do desempenho recente, o volume total da safra 2024\/25 ainda \u00e9 inferior ao registrado em 2023\/24, devido a um in\u00edcio mais lento e ao recorde de embarques nos primeiros meses da temporada anterior.&#13;\n<\/p>\n<p style=\"text-align:justify\">Na Indon\u00e9sia, a recupera\u00e7\u00e3o j\u00e1 vinha ocorrendo em 2024, impulsionada pela maior produ\u00e7\u00e3o da safra 2024\/25. Conforme a analista de intelig\u00eancia de mercado da Hedgepoint Global Markets, Laleska Moda, a aus\u00eancia de vendedores brasileiros desde janeiro foi outro fator determinante. \u201cA aus\u00eancia de vendedores brasileiros no mercado desde janeiro tamb\u00e9m impulsionou os embarques, com aumento de 76% no primeiro semestre do ano\u201d, afirmou. Com a boa safra de 2025\/26, o pa\u00eds acumula alta de 58,1% nas exporta\u00e7\u00f5es em rela\u00e7\u00e3o ao mesmo per\u00edodo do ciclo anterior.<\/p>\n<p style=\"text-align:justify\">A maior disponibilidade de caf\u00e9 na \u00c1sia e a redu\u00e7\u00e3o dos diferenciais na regi\u00e3o em parte de 2025 tamb\u00e9m favoreceram as vendas. No entanto, nas \u00faltimas semanas, os diferenciais aumentaram, principalmente no Vietn\u00e3, devido \u00e0 menor oferta durante o per\u00edodo de entressafra. Comerciantes locais informam que a maior parte da safra 2024\/25 j\u00e1 foi vendida, restando pouco estoque.<\/p>\n<p style=\"text-align:justify\">Sobre a nova temporada, a analista destacou: \u201cNo geral, o desenvolvimento permanece positivo, mas devemos monitorar a distribui\u00e7\u00e3o da precipita\u00e7\u00e3o mais de perto nos pr\u00f3ximos meses. A colheita da nova temporada deve ocorrer entre outubro e novembro, com uma maior oferta de caf\u00e9 chegando ao mercado em dezembro\u201d.&#13;\n<\/p>\n<p style=\"text-align:justify\">Na Indon\u00e9sia, parte expressiva da safra 2025\/26 j\u00e1 foi comercializada. Os produtores aguardam pre\u00e7os mais altos antes de negociar o restante, em um cen\u00e1rio de diferenciais tamb\u00e9m em alta. O pa\u00eds enfrentou chuvas intensas nas \u00faltimas semanas. \u201cEmbora nenhuma grande perda tenha sido relatada, as chuvas interromperam o final da colheita e desaceleraram o com\u00e9rcio. Por outro lado, tamb\u00e9m surgiram relatos de uma diminui\u00e7\u00e3o na demanda por caf\u00e9s asi\u00e1ticos. Isso pode refletir tanto as recentes mudan\u00e7as nos diferenciais, quanto a expectativa de aumento da disponibilidade de conilon brasileiro no segundo semestre do ano, j\u00e1 que a safra 2025\/26 do Brasil est\u00e1 praticamente conclu\u00edda\u201d, explicou Laleska.<\/p>\n<p style=\"text-align:justify\">No cen\u00e1rio internacional, a rela\u00e7\u00e3o comercial entre Brasil e Estados Unidos tamb\u00e9m influencia os pre\u00e7os. Com a tarifa de 50% sobre o caf\u00e9 brasileiro entrando em vigor na semana passada, o com\u00e9rcio entre os dois pa\u00edses foi interrompido. O caf\u00e9 embarcado antes de 6 de agosto ainda poder\u00e1 entrar nos EUA sem a tarifa, desde que chegue at\u00e9 6 de outubro, mas a expectativa \u00e9 de que n\u00e3o ocorram novos neg\u00f3cios no curto prazo.<\/p>\n<p style=\"text-align:justify\">\u201cIsso apoiou os pre\u00e7os futuros, especialmente os do ar\u00e1bica. Nesse sentido, o contrato de setembro ultrapassou 300 centavos de d\u00f3lar por libra-peso na \u00faltima semana. Uma frente fria atingindo o Brasil nos pr\u00f3ximos dias tamb\u00e9m apoiou os futuros. Os pre\u00e7os devem permanecer vol\u00e1teis nos pr\u00f3ximos meses devido \u00e0s incertezas em rela\u00e7\u00e3o aos impactos de m\u00e9dio e longo prazo na cadeia global de fornecimento de caf\u00e9\u201d, afirmou a analista.&#13;\n<\/p>\n<\/p><\/div>\n<p><script data-cfasync=\"false\">\n    !function (f, b, e, v, n, t, s) {\n        if (f.fbq) return; n = f.fbq = function () {\n            n.callMethod ?\n                n.callMethod.apply(n, arguments) : n.queue.push(arguments)\n        };\n        if (!f._fbq) f._fbq = n; n.push = n; n.loaded = !0; n.version = '2.0';\n        n.queue = []; t = b.createElement(e); t.async = !0;\n        t.src = v; s = b.getElementsByTagName(e)[0];\n        s.parentNode.insertBefore(t, s)\n    }(window, document, 'script',\n        'https:\/\/connect.facebook.net\/en_US\/fbevents.js');\n    fbq('init', '522546078623747');\n    fbq('track', 'PageView');\n<\/script><br \/>\n<br \/><br \/>\n<br \/><a href=\"https:\/\/www.agrolink.com.br\/noticias\/mercado-de-cafe-segue-volatil-apos-tarifa-dos-eua_504907.html\">Source link <\/a><\/p>\n","protected":false},"excerpt":{"rendered":"<p>As exporta\u00e7\u00f5es de caf\u00e9\u00a0do Vietn\u00e3 e da Indon\u00e9sia registraram crescimento no primeiro semestre de 2025, impulsionadas, em parte, pela menor<\/p>\n","protected":false},"author":1,"featured_media":805,"comment_status":"open","ping_status":"open","sticky":false,"template":"","format":"standard","meta":{"_monsterinsights_skip_tracking":false,"_monsterinsights_sitenote_active":false,"_monsterinsights_sitenote_note":"","_monsterinsights_sitenote_category":0,"_uf_show_specific_survey":0,"_uf_disable_surveys":false,"footnotes":""},"categories":[8,1,14],"tags":[],"class_list":["post-18607","post","type-post","status-publish","format-standard","has-post-thumbnail","hentry","category-agro","category-news","category-politica-agro"],"_links":{"self":[{"href":"https:\/\/agromt.news\/index.php?rest_route=\/wp\/v2\/posts\/18607"}],"collection":[{"href":"https:\/\/agromt.news\/index.php?rest_route=\/wp\/v2\/posts"}],"about":[{"href":"https:\/\/agromt.news\/index.php?rest_route=\/wp\/v2\/types\/post"}],"author":[{"embeddable":true,"href":"https:\/\/agromt.news\/index.php?rest_route=\/wp\/v2\/users\/1"}],"replies":[{"embeddable":true,"href":"https:\/\/agromt.news\/index.php?rest_route=%2Fwp%2Fv2%2Fcomments&post=18607"}],"version-history":[{"count":0,"href":"https:\/\/agromt.news\/index.php?rest_route=\/wp\/v2\/posts\/18607\/revisions"}],"wp:featuredmedia":[{"embeddable":true,"href":"https:\/\/agromt.news\/index.php?rest_route=\/wp\/v2\/media\/805"}],"wp:attachment":[{"href":"https:\/\/agromt.news\/index.php?rest_route=%2Fwp%2Fv2%2Fmedia&parent=18607"}],"wp:term":[{"taxonomy":"category","embeddable":true,"href":"https:\/\/agromt.news\/index.php?rest_route=%2Fwp%2Fv2%2Fcategories&post=18607"},{"taxonomy":"post_tag","embeddable":true,"href":"https:\/\/agromt.news\/index.php?rest_route=%2Fwp%2Fv2%2Ftags&post=18607"}],"curies":[{"name":"wp","href":"https:\/\/api.w.org\/{rel}","templated":true}]}}