{"id":18606,"date":"2025-08-15T05:51:05","date_gmt":"2025-08-15T09:51:05","guid":{"rendered":"https:\/\/agromt.news\/?p=18606"},"modified":"2025-08-15T05:51:05","modified_gmt":"2025-08-15T09:51:05","slug":"frente-fria-persiste-e-leva-pancadas-de-chuva-a-duas-regioes","status":"publish","type":"post","link":"https:\/\/agromt.news\/?p=18606","title":{"rendered":"Frente fria persiste e leva pancadas de chuva a duas regi\u00f5es"},"content":{"rendered":"<p> <br \/>\n<br \/><img decoding=\"async\" src=\"https:\/\/agromt.news\/wp-content\/uploads\/2024\/09\/alerta-chuva-forte.jpg\" \/><\/p>\n<div>\n<p>Previs\u00e3o do tempo desta sexta-feira (15) se divide entre frente fria, pancadas de chuva e temperaturas nas alturas. Confira:<\/p>\n<div data-icp-cta=\"1\" id=\"icp-cta-unique\">Voc\u00ea quer entender como usar o clima a seu favor?<b> <\/b><a href=\"https:\/\/climacampo.canalrural.com.br\/climacampo_-01\">Preparamos um e-book exclusivo<\/a> para ajudar produtores rurais a se antecipar \u00e0s mudan\u00e7as do tempo e planejar melhor suas a\u00e7\u00f5es. Com base em previs\u00f5es meteorol\u00f3gicas confi\u00e1veis, ele oferece orienta\u00e7\u00f5es pr\u00e1ticas para proteger sua lavoura e otimizar seus resultados.<\/div>\n<h2 class=\"wp-block-heading\" id=\"h-sul\">Sul<\/h2>\n<p>A frente fria avan\u00e7a em alto mar, mas ainda provoca chuva fraca no litoral norte ga\u00facho e nos litorais de Santa Catarina e <strong><a href=\"https:\/\/www.canalrural.com.br\/nacional\/parana\/\">Paran\u00e1<\/a><\/strong>. O Rio Grande do Sul e o leste catarinense e paranaense seguem com bastante nebulosidade, enquanto nas demais \u00e1reas, o sol predomina. As temperaturas permanecem baixas, com risco de geada no sul ga\u00facho e na serra de SC. J\u00e1 no noroeste do PR, o calor persiste e a umidade relativa do ar fica abaixo de 30%.<\/p>\n<h2 class=\"wp-block-heading\" id=\"h-sudeste\">Sudeste<\/h2>\n<p>Pancadas de chuva continuam no litoral da regi\u00e3o, de fraca a moderada intensidade, devido \u00e0 passagem de uma frente fria pelo oceano. Tamb\u00e9m h\u00e1 previs\u00e3o para cidades do leste de Minas Gerais. A nebulosidade aumenta no litoral e no leste mineiro, enquanto nas demais \u00e1reas, o sol aparece entre nuvens. As temperaturas no sul de S\u00e3o Paulo e no Rio de Janeiro continuam baixas, mas permanecem elevadas no restante da regi\u00e3o. No centro-oeste paulista e mineiro, a umidade relativa do ar fica abaixo dos 30%.<\/p>\n<\/div>\n<div>\n<h2 class=\"wp-block-heading\" id=\"h-centro-oeste\">Centro-Oeste<\/h2>\n<p>A regi\u00e3o segue com tempo firme, sem previs\u00e3o de chuva. Em Mato Grosso e Goi\u00e1s, o sol aparece entre nuvens e em Mato Grosso do Sul, o sol predomina. Pela manh\u00e3, as temperaturas ficam mais amenas, mas sobem \u00e0 tarde. As m\u00e1ximas podem chegar a 36\u00b0C em Sinop (MT) e 32\u00b0C em Goi\u00e2nia (GO), e a umidade relativa do ar pode continuar abaixo dos 30%, podendo atingir valores inferiores a 20% em \u00e1reas do interior de Goi\u00e1s e sul mato-grossense.<\/p>\n<h2 class=\"wp-block-heading\" id=\"h-nordeste\">Nordeste<\/h2>\n<p>\u00c1reas de chuva no litoral sul da Bahia avan\u00e7am pelo estado, e h\u00e1 previs\u00e3o de pancadas entre Sergipe e Rio Grande do Norte, al\u00e9m do Cear\u00e1 e Maranh\u00e3o. H\u00e1 bastante nebulosidade em todo o litoral da regi\u00e3o e tamb\u00e9m entre MA e PI. Nas demais \u00e1reas, o sol aparece entre nuvens. As temperaturas ficam elevadas no interior, especialmente entre Piau\u00ed, MA e o centro-oeste da BA, onde as m\u00e1ximas podem se aproximar de 35 \u00b0C. A qualidade do ar permanece baixa em grande parte da regi\u00e3o.<\/p>\n<h2 class=\"wp-block-heading\" id=\"h-norte\">Norte<\/h2>\n<p>\u00c1reas de instabilidade continuam no norte dos estados, entre Amap\u00e1 e Amazonas. Tamb\u00e9m h\u00e1 previs\u00e3o de chuva no oeste do Par\u00e1, na divisa com o AM, e no Acre. O sol aparece entre nuvens na regi\u00e3o, e as temperaturas continuam elevadas, com m\u00e1ximas de 35\u00b0C em Palmas (TO) e 37\u00b0C em Porto Velho (RO). A umidade relativa do ar segue em n\u00edveis cr\u00edticos, abaixo de 30%, em grande parte da regi\u00e3o central do Brasil.<\/p>\n<\/p><\/div>\n<p><br \/>\n<br \/><a href=\"https:\/\/www.canalrural.com.br\/tempo\/frente-fria-persiste-e-leva-pancadas-de-chuva-a-duas-regioes\/\">Source link <\/a><\/p>\n","protected":false},"excerpt":{"rendered":"<p>Previs\u00e3o do tempo desta sexta-feira (15) se divide entre frente fria, pancadas de chuva e temperaturas nas alturas. Confira: Voc\u00ea<\/p>\n","protected":false},"author":1,"featured_media":1650,"comment_status":"open","ping_status":"open","sticky":false,"template":"","format":"standard","meta":{"_monsterinsights_skip_tracking":false,"_monsterinsights_sitenote_active":false,"_monsterinsights_sitenote_note":"","_monsterinsights_sitenote_category":0,"_uf_show_specific_survey":0,"_uf_disable_surveys":false,"footnotes":""},"categories":[1],"tags":[],"class_list":["post-18606","post","type-post","status-publish","format-standard","has-post-thumbnail","hentry","category-news"],"_links":{"self":[{"href":"https:\/\/agromt.news\/index.php?rest_route=\/wp\/v2\/posts\/18606"}],"collection":[{"href":"https:\/\/agromt.news\/index.php?rest_route=\/wp\/v2\/posts"}],"about":[{"href":"https:\/\/agromt.news\/index.php?rest_route=\/wp\/v2\/types\/post"}],"author":[{"embeddable":true,"href":"https:\/\/agromt.news\/index.php?rest_route=\/wp\/v2\/users\/1"}],"replies":[{"embeddable":true,"href":"https:\/\/agromt.news\/index.php?rest_route=%2Fwp%2Fv2%2Fcomments&post=18606"}],"version-history":[{"count":0,"href":"https:\/\/agromt.news\/index.php?rest_route=\/wp\/v2\/posts\/18606\/revisions"}],"wp:featuredmedia":[{"embeddable":true,"href":"https:\/\/agromt.news\/index.php?rest_route=\/wp\/v2\/media\/1650"}],"wp:attachment":[{"href":"https:\/\/agromt.news\/index.php?rest_route=%2Fwp%2Fv2%2Fmedia&parent=18606"}],"wp:term":[{"taxonomy":"category","embeddable":true,"href":"https:\/\/agromt.news\/index.php?rest_route=%2Fwp%2Fv2%2Fcategories&post=18606"},{"taxonomy":"post_tag","embeddable":true,"href":"https:\/\/agromt.news\/index.php?rest_route=%2Fwp%2Fv2%2Ftags&post=18606"}],"curies":[{"name":"wp","href":"https:\/\/api.w.org\/{rel}","templated":true}]}}