{"id":18598,"date":"2025-08-14T21:00:31","date_gmt":"2025-08-15T01:00:31","guid":{"rendered":"https:\/\/agromt.news\/?p=18598"},"modified":"2025-08-14T21:00:31","modified_gmt":"2025-08-15T01:00:31","slug":"apenas-acordo-com-os-eua-resolve-crise-no-setor-madeireiro-diz-associacao","status":"publish","type":"post","link":"https:\/\/agromt.news\/?p=18598","title":{"rendered":"Apenas acordo com os EUA resolve crise no setor madeireiro, diz Associa\u00e7\u00e3o"},"content":{"rendered":"<p> <br \/>\n<br \/><img decoding=\"async\" src=\"https:\/\/agromt.news\/wp-content\/uploads\/2025\/08\/Apenas-acordo-com-os-EUA-resolve-crise-no-setor-madeireiro.jpg\" \/><\/p>\n<div>\n<p>A Associa\u00e7\u00e3o Brasileira da Ind\u00fastria de Madeira Processada Mecanicamente (Abimci) divulgou nota nesta quinta-feira (14) sobre o pacote de medidas anunciadas pelo governo federal brasileiro para auxiliar empresas exportadoras atingidas pela tarifa aplicada pelos Estados Unidos (EUA).<\/p>\n<p>Para a entidade, apesar de bem-vinda, a ajuda \u00e9 apenas um al\u00edvio tempor\u00e1rio e de a\u00e7\u00e3o paliativa, frente \u00e0 crise que se instalou no setor madeireiro em decorr\u00eancia da tarifa\u00e7\u00e3o.\u00a0<\/p>\n<p>\u201cPara a Abimci, a solu\u00e7\u00e3o est\u00e1 na negocia\u00e7\u00e3o do governo federal brasileiro junto aos EUA para que haja uma adequa\u00e7\u00e3o de taxas que possibilitem a manuten\u00e7\u00e3o das vendas dos produtos madeireiros para aquele mercado. Entretanto, observamos que esse n\u00e3o tem sido o foco e objetivo do governo brasileiro, apesar de outros pa\u00edses que foram taxados terem sido exitosos nas negocia\u00e7\u00f5es diretas com os EUA, conseguindo reduzir suas tarifas\u201d, destaca o texto.\u00a0<\/p>\n<p>Contudo, a nota da entidade n\u00e3o cita o fato de o presidente Donald Trump ter vinculado a sobretaxa de 50% \u00e0 interrup\u00e7\u00e3o do que entende como persegui\u00e7\u00e3o pol\u00edtica ao ex-presidente Jair Bolsonaro, a\u00e7\u00e3o que o Executivo brasileiro n\u00e3o tem m\u00e9rito para interferir.<\/p>\n<h2 class=\"wp-block-heading\" id=\"h-producao-parada-e-ferias-coletivas\">Produ\u00e7\u00e3o parada e f\u00e9rias coletivas<\/h2>\n<p>De acordo com a Associa\u00e7\u00e3o, ap\u00f3s a implementa\u00e7\u00e3o da nova al\u00edquota pelos EUA, a situa\u00e7\u00e3o do setor \u00e9 extremamente preocupante. \u201cDevido aos cancelamentos de contratos e paralisa\u00e7\u00e3o de mercados, algumas empresas est\u00e3o com parte da produ\u00e7\u00e3o parada, outras deram f\u00e9rias coletivas parciais ou totais, pois n\u00e3o h\u00e1 mais espa\u00e7o para armazenamento dos produtos j\u00e1 fabricados e que seriam destinados aos EUA.\u201d<\/p>\n<p>Exemplo disso \u00e9 a Millpar, fabricante de produtos \u00e0 base de madeira, como guarni\u00e7\u00f5es e molduras, que <strong><a href=\"https:\/\/www.canalrural.com.br\/nacional\/fabrica-da-ferias-coletivas-a-640-funcionarios-por-causa-de-tarifas-dos-eua\/\">concedeu f\u00e9rias coletivas de 15 dias a 640 funcion\u00e1rios de sua unidade de Guarapuava<\/a><\/strong>, no Paran\u00e1, em julho. J\u00e1 a Sudati, especializada em compensados e MDF, tamb\u00e9m do Paran\u00e1, <strong><a href=\"https:\/\/www.canalrural.com.br\/nacional\/apos-ferias-coletivas-tarifaco-faz-industria-da-madeira-iniciar-demissoes\/\">demitiu no final do m\u00eas passado 100 funcion\u00e1rios de duas unidades do estado. <\/a><\/strong><\/p>\n<p>Para a Abimci, embora o governo recomende a busca de novos mercados, tal alternativa \u00e9 invi\u00e1vel para o setor madeireiro, tanto pelas caracter\u00edsticas t\u00e9cnicas dos produtos, quanto pelas quest\u00f5es de volume e <em>share <\/em>de participa\u00e7\u00e3o conquistado durante d\u00e9cadas junto ao mercado norte-americano.\u00a0<\/p>\n<p>A entidade destaca que desde o an\u00fancio da taxa\u00e7\u00e3o, em 9 de julho, o setor tem se mobilizado e trabalhado intensamente na busca por solu\u00e7\u00f5es em diferentes frentes, junto aos governos federal e estaduais. <\/p>\n<\/div>\n<div>\n<p>\u201cLevamos informa\u00e7\u00f5es, dados setoriais e de nossa balan\u00e7a comercial, mostramos qual o n\u00edvel de depend\u00eancia do mercado americano por segmento, impactos em empregos e abrang\u00eancia regional. Todo esse trabalho de compila\u00e7\u00e3o visou subsidiar o governo para que as negocia\u00e7\u00f5es com os EUA fossem pautadas pela diplomacia, argumentos t\u00e9cnicos e comerciais\u201d, argumenta a nota.<\/p>\n<p>No entanto, a Abimci diz observar com preocupa\u00e7\u00e3o a aus\u00eancia de a\u00e7\u00f5es efetivas por parte do governo brasileiro para fazer a negocia\u00e7\u00e3o direta com os EUA, \u201cnem antes, nem depois da confirma\u00e7\u00e3o da taxa\u00e7\u00e3o\u201d, diz o trecho.\u00a0<\/p>\n<h2 class=\"wp-block-heading\" id=\"h-negociacao-nao-pode-ser-transferida\">\u2018Negocia\u00e7\u00e3o n\u00e3o pode ser transferida\u2019<\/h2>\n<p>A Associa\u00e7\u00e3o Brasileira da Ind\u00fastria de Madeira Processada Mecanicamente reitera que qualquer progresso para melhorar a sobretaxa dos EUA ao Brasil passa, necessariamente, pela negocia\u00e7\u00e3o governamental e de adequa\u00e7\u00e3o das tarifas a n\u00edveis comercialmente vi\u00e1veis. \u201cE essa responsabilidade n\u00e3o pode ser transferida ao setor produtivo\u201d, ressalta a entidade.\u00a0<\/p>\n<p>Por fim, a nota da entidade arremata: \u201cou o governo brasileiro age com m\u00e1xima urg\u00eancia, adotando negocia\u00e7\u00f5es t\u00e9cnicas e com isen\u00e7\u00e3o pol\u00edtica e ideol\u00f3gica, ou seremos obrigados a assistir, impotentes, ao desaparecimento de cadeias produtivas consolidadas e ao consequente desmonte social nas comunidades que delas dependem.\u201d<\/p>\n<h2 class=\"wp-block-heading\" id=\"h-exportacao-do-setor-aos-eua\">Exporta\u00e7\u00e3o do setor aos EUA<\/h2>\n<p>O setor madeireiro exportou US$ 1,6 bilh\u00e3o para os EUA em 2024, para onde s\u00e3o destinados, em m\u00e9dia, 50% do total que o setor madeireiro produz no Brasil, diz a Abimci.<\/p>\n<p>Conforme a entidade, alguns segmentos dependem exclusivamente do mercado norte-americano, com 100% de suas vendas atreladas a esse pa\u00eds. <\/p>\n<p>Dados da Associa\u00e7\u00e3o d\u00e3o conta de que o impacto da aplica\u00e7\u00e3o das taxas norte-americanas nas empresas madeireiras coloca em risco aproximadamente 180 mil empregos diretos em todo o Brasil.<\/p>\n<\/p><\/div>\n<p><br \/>\n<br \/><a href=\"https:\/\/www.canalrural.com.br\/economia\/apenas-acordo-com-os-eua-resolve-crise-no-setor-madeireiro-diz-associacao\/\">Source link <\/a><\/p>\n","protected":false},"excerpt":{"rendered":"<p>A Associa\u00e7\u00e3o Brasileira da Ind\u00fastria de Madeira Processada Mecanicamente (Abimci) divulgou nota nesta quinta-feira (14) sobre o pacote de medidas<\/p>\n","protected":false},"author":1,"featured_media":18599,"comment_status":"open","ping_status":"open","sticky":false,"template":"","format":"standard","meta":{"_monsterinsights_skip_tracking":false,"_monsterinsights_sitenote_active":false,"_monsterinsights_sitenote_note":"","_monsterinsights_sitenote_category":0,"_uf_show_specific_survey":0,"_uf_disable_surveys":false,"footnotes":""},"categories":[1],"tags":[],"class_list":["post-18598","post","type-post","status-publish","format-standard","has-post-thumbnail","hentry","category-news"],"_links":{"self":[{"href":"https:\/\/agromt.news\/index.php?rest_route=\/wp\/v2\/posts\/18598"}],"collection":[{"href":"https:\/\/agromt.news\/index.php?rest_route=\/wp\/v2\/posts"}],"about":[{"href":"https:\/\/agromt.news\/index.php?rest_route=\/wp\/v2\/types\/post"}],"author":[{"embeddable":true,"href":"https:\/\/agromt.news\/index.php?rest_route=\/wp\/v2\/users\/1"}],"replies":[{"embeddable":true,"href":"https:\/\/agromt.news\/index.php?rest_route=%2Fwp%2Fv2%2Fcomments&post=18598"}],"version-history":[{"count":0,"href":"https:\/\/agromt.news\/index.php?rest_route=\/wp\/v2\/posts\/18598\/revisions"}],"wp:featuredmedia":[{"embeddable":true,"href":"https:\/\/agromt.news\/index.php?rest_route=\/wp\/v2\/media\/18599"}],"wp:attachment":[{"href":"https:\/\/agromt.news\/index.php?rest_route=%2Fwp%2Fv2%2Fmedia&parent=18598"}],"wp:term":[{"taxonomy":"category","embeddable":true,"href":"https:\/\/agromt.news\/index.php?rest_route=%2Fwp%2Fv2%2Fcategories&post=18598"},{"taxonomy":"post_tag","embeddable":true,"href":"https:\/\/agromt.news\/index.php?rest_route=%2Fwp%2Fv2%2Ftags&post=18598"}],"curies":[{"name":"wp","href":"https:\/\/api.w.org\/{rel}","templated":true}]}}