{"id":18595,"date":"2025-08-14T20:00:19","date_gmt":"2025-08-15T00:00:19","guid":{"rendered":"https:\/\/agromt.news\/?p=18595"},"modified":"2025-08-14T20:00:19","modified_gmt":"2025-08-15T00:00:19","slug":"busca-de-novos-mercados-passa-pela-insercao-do-cafe-verde-no-reintegra-defende-setor","status":"publish","type":"post","link":"https:\/\/agromt.news\/?p=18595","title":{"rendered":"Busca de novos mercados passa pela inser\u00e7\u00e3o do caf\u00e9 verde no Reintegra, defende setor"},"content":{"rendered":"<p> <br \/>\n<br \/><img decoding=\"async\" src=\"https:\/\/agromt.news\/wp-content\/uploads\/2025\/06\/cafe-ganha-usos-alem-da-xicara.jpg\" \/><\/p>\n<div>\n<p>Entre os 7.691 produtos atingidos pelo tarifa\u00e7o de 50% imposto por Donald Trump est\u00e1 o caf\u00e9. As entidades que representam o setor lutam para entrar na <strong><a href=\"https:\/\/www.canalrural.com.br\/economia\/suco-de-laranja-e-castanhas-nao-serao-taxados-por-trump\/\">lista de exce\u00e7\u00e3o<\/a><\/strong> com tarifa m\u00ednima de 10%, conforme acontecia desde abril.<\/p>\n<p>A respeito do pacote de R$ 30 bilh\u00f5es em cr\u00e9dito anunciados pelo governo \u00e0s empresas afetadas, as entidades que representam os cafeicultores consideram bem-vindo, mas julgam que \u00e9 preciso ampliar benef\u00edcios.<\/p>\n<p><iframe title=\"Setores do agro repercutem an\u00fancio do governo; juros preocupam\" width=\"800\" height=\"450\" src=\"https:\/\/www.youtube.com\/embed\/0hp7QZQYOEQ?feature=oembed\" frameborder=\"0\" allow=\"accelerometer; autoplay; clipboard-write; encrypted-media; gyroscope; picture-in-picture; web-share\" referrerpolicy=\"strict-origin-when-cross-origin\" allowfullscreen><\/iframe><noscript><iframe title=\"Setores do agro repercutem an\u00fancio do governo; juros preocupam\" width=\"800\" height=\"450\" src=\"https:\/\/www.youtube.com\/embed\/0hp7QZQYOEQ?feature=oembed\" frameborder=\"0\" allow=\"accelerometer; autoplay; clipboard-write; encrypted-media; gyroscope; picture-in-picture; web-share\" referrerpolicy=\"strict-origin-when-cross-origin\" allowfullscreen><\/iframe><\/noscript><\/p>\n<p>Exemplo disso \u00e9 a inser\u00e7\u00e3o do caf\u00e9 verde no Reintegra, visto que apenas os industrializados, torrados e mo\u00eddos e os sol\u00faveis est\u00e3o contemplados. Por\u00e9m, de acordo com o diretor geral do Conselho dos Exportadores de Caf\u00e9 do Brasil (Cecaf\u00e9), Marcos Matos, 90% de tudo o que o Brasil exporta para os Estados Unidos s\u00e3o caf\u00e9s verdes beneficiados, prontos para a ind\u00fastria norte-americana utilizar. <\/p>\n<p>\u201cTemos que colocar a NCM [Nomenclatura Comum do Mercosul] dos caf\u00e9s verdes dentro do programa Reintegra e, a\u00ed sim, os exportadores serem atendidos de uma forma mitigadora de impactos dentro de uma agenda que se busca a negocia\u00e7\u00e3o para se conviver o menor tempo poss\u00edvel com essas tarifas\u201d.<\/p>\n<\/div>\n<div>\n<p>O programa Reitegra permite que empresas exportadoras recebam de volta parte dos tributos pagos durante a produ\u00e7\u00e3o daquilo que \u00e9 vendido. Segundo o governo, micro e pequenas empresas passar\u00e3o a ter 6% de retorno, enquanto m\u00e9dias e grandes reincorporam 3%. O benef\u00edcio se estende at\u00e9 dezembro deste por centro e o benef\u00edcio vale at\u00e9 dezembro de 2026.<\/p>\n<p>Vinte por cento da receita das exporta\u00e7\u00f5es de caf\u00e9 sol\u00favel brasileiro vem dos Estados Unidos, o equivalente a cerca de US$ 200 milh\u00f5es. As medidas anunciadas est\u00e3o sendo revistas e o reintegra \u00e9 aposta para este segmento a curto prazo. <\/p>\n<p>\u201cPara uma tarifa de 50%, 3% ajuda, mas ainda continuamos com 47% de diferen\u00e7a. Ent\u00e3o isso quase que se torna uma medida que n\u00e3o sei se vai ter muito efeito pr\u00e1tico, embora seja positiva\u201d, considera o diretor-executivo da Associa\u00e7\u00e3o Brasileira da Ind\u00fastria de Caf\u00e9 Sol\u00favel (Abics), Agnaldo Jos\u00e9 de Lima.<\/p>\n<p>Segundo ele, se o Reintegra for estendido a todas as exporta\u00e7\u00f5es brasileiras, deixar\u00e1 o setor 3% mais competitivo em diversos outros mercados em que o Brasil atua. \u201cIsso nos permite redirecionar exporta\u00e7\u00f5es para pa\u00edses onde n\u00f3s temos uma concorr\u00eancia acirrada\u201d, acredita.<\/p>\n<\/p><\/div>\n<p><br \/>\n<br \/><a href=\"https:\/\/www.canalrural.com.br\/agricultura\/busca-de-novos-mercados-passa-pela-insercao-do-cafe-verde-no-reintegra-defende-setor\/\">Source link <\/a><\/p>\n","protected":false},"excerpt":{"rendered":"<p>Entre os 7.691 produtos atingidos pelo tarifa\u00e7o de 50% imposto por Donald Trump est\u00e1 o caf\u00e9. As entidades que representam<\/p>\n","protected":false},"author":1,"featured_media":15461,"comment_status":"open","ping_status":"open","sticky":false,"template":"","format":"standard","meta":{"_monsterinsights_skip_tracking":false,"_monsterinsights_sitenote_active":false,"_monsterinsights_sitenote_note":"","_monsterinsights_sitenote_category":0,"_uf_show_specific_survey":0,"_uf_disable_surveys":false,"footnotes":""},"categories":[1],"tags":[],"class_list":["post-18595","post","type-post","status-publish","format-standard","has-post-thumbnail","hentry","category-news"],"_links":{"self":[{"href":"https:\/\/agromt.news\/index.php?rest_route=\/wp\/v2\/posts\/18595"}],"collection":[{"href":"https:\/\/agromt.news\/index.php?rest_route=\/wp\/v2\/posts"}],"about":[{"href":"https:\/\/agromt.news\/index.php?rest_route=\/wp\/v2\/types\/post"}],"author":[{"embeddable":true,"href":"https:\/\/agromt.news\/index.php?rest_route=\/wp\/v2\/users\/1"}],"replies":[{"embeddable":true,"href":"https:\/\/agromt.news\/index.php?rest_route=%2Fwp%2Fv2%2Fcomments&post=18595"}],"version-history":[{"count":0,"href":"https:\/\/agromt.news\/index.php?rest_route=\/wp\/v2\/posts\/18595\/revisions"}],"wp:featuredmedia":[{"embeddable":true,"href":"https:\/\/agromt.news\/index.php?rest_route=\/wp\/v2\/media\/15461"}],"wp:attachment":[{"href":"https:\/\/agromt.news\/index.php?rest_route=%2Fwp%2Fv2%2Fmedia&parent=18595"}],"wp:term":[{"taxonomy":"category","embeddable":true,"href":"https:\/\/agromt.news\/index.php?rest_route=%2Fwp%2Fv2%2Fcategories&post=18595"},{"taxonomy":"post_tag","embeddable":true,"href":"https:\/\/agromt.news\/index.php?rest_route=%2Fwp%2Fv2%2Ftags&post=18595"}],"curies":[{"name":"wp","href":"https:\/\/api.w.org\/{rel}","templated":true}]}}