{"id":18592,"date":"2025-08-14T19:15:42","date_gmt":"2025-08-14T23:15:42","guid":{"rendered":"https:\/\/agromt.news\/?p=18592"},"modified":"2025-08-14T19:15:42","modified_gmt":"2025-08-14T23:15:42","slug":"governadores-apoiam-manter-a-realizacao-da-cop30-em-belem","status":"publish","type":"post","link":"https:\/\/agromt.news\/?p=18592","title":{"rendered":"Governadores apoiam manter a realiza\u00e7\u00e3o da COP30 em Bel\u00e9m"},"content":{"rendered":"<p> <br \/>\n<br \/><img decoding=\"async\" src=\"https:\/\/agromt.news\/wp-content\/uploads\/2025\/08\/Governadores-apoiam-manter-a-realizacao-da-COP30-em-Belem.jpg\" \/><\/p>\n<div>\n<p>Um grupo de 19 governadores e vice-governadores reiterou o seu apoio \u00e0 realiza\u00e7\u00e3o da 30\u00aa Confer\u00eancia da Organiza\u00e7\u00e3o das Na\u00e7\u00f5es Unidas (ONU) sobre Mudan\u00e7as Clim\u00e1ticas (COP30) em Bel\u00e9m, no Par\u00e1, entre os dias 10 a 21 de novembro deste ano.<\/p>\n<p>Os representantes estaduais assinaram uma declara\u00e7\u00e3o ressaltando o simbolismo de a conven\u00e7\u00e3o do clima ser realizada na Amaz\u00f4nia e manifestando confian\u00e7a nos preparativos log\u00edsticos para a cidade sediar a reuni\u00e3o.<\/p>\n<p>Os altos pre\u00e7os das acomoda\u00e7\u00f5es em Bel\u00e9m t\u00eam gerado manifesta\u00e7\u00f5es, principalmente de pa\u00edses menos desenvolvidos, sobre a impossibilidade de participa\u00e7\u00e3o e um poss\u00edvel comprometimento da representatividade dos pa\u00edses partes na confer\u00eancia. <strong><a href=\"https:\/\/www.canalrural.com.br\/sustentabilidade\/embaixador-nega-mudancas-e-diz-que-cop30-permanece-em-belem\/\">Representantes chegaram a questionar a possibilidade de transfer\u00eancia da sede do evento.<\/a><\/strong><\/p>\n<p>A declara\u00e7\u00e3o dos governadores diz que a COP30 expressa o compromisso dos estados brasileiros com as diretrizes clim\u00e1ticas mundiais \u201ce com a necess\u00e1ria lideran\u00e7a do Brasil no enfrentamento dos desafios ambientais globais\u201d.<\/p>\n<\/div>\n<div>\n<h2 class=\"wp-block-heading\" id=\"h-sustentabilidade-na-cop30\">Sustentabilidade na COP30<\/h2>\n<p>\u201cO Brasil tem a oportunidade de construir e liderar a agenda da sustentabilidade e da transi\u00e7\u00e3o econ\u00f4mica, ecol\u00f3gica e social para o mundo, a partir das pr\u00e1ticas que j\u00e1 realiza em seu territ\u00f3rio\u201d, disse o governador do Par\u00e1, Helder Barbalho, durante encontro do F\u00f3rum Nacional de Governadores, nessa quarta-feira (13), em Bel\u00e9m.<\/p>\n<p>O presidente da COP30, embaixador Andr\u00e9 Corr\u00eaa do Lago, destacou, durante o evento, o papel dos estados no processo de enfrentamento \u00e0 mudan\u00e7a do clima.<\/p>\n<p>\u201cO mundo estar\u00e1 olhando para o Brasil e n\u00f3s teremos a oportunidade de mostr\u00e1-lo como um pa\u00eds de solu\u00e7\u00f5es. Pela diversidade brasileira, h\u00e1 projetos que funcionam em determinados estados e que podem servir de exemplo para outras regi\u00f5es do mundo\u201d, frisou o embaixador.<\/p>\n<\/p><\/div>\n<p><br \/>\n<br \/><a href=\"https:\/\/www.canalrural.com.br\/cop30\/governadores-apoiam-manter-a-realizacao-da-cop30-em-belem\/\">Source link <\/a><\/p>\n","protected":false},"excerpt":{"rendered":"<p>Um grupo de 19 governadores e vice-governadores reiterou o seu apoio \u00e0 realiza\u00e7\u00e3o da 30\u00aa Confer\u00eancia da Organiza\u00e7\u00e3o das Na\u00e7\u00f5es<\/p>\n","protected":false},"author":1,"featured_media":18593,"comment_status":"open","ping_status":"open","sticky":false,"template":"","format":"standard","meta":{"_monsterinsights_skip_tracking":false,"_monsterinsights_sitenote_active":false,"_monsterinsights_sitenote_note":"","_monsterinsights_sitenote_category":0,"_uf_show_specific_survey":0,"_uf_disable_surveys":false,"footnotes":""},"categories":[1],"tags":[],"class_list":["post-18592","post","type-post","status-publish","format-standard","has-post-thumbnail","hentry","category-news"],"_links":{"self":[{"href":"https:\/\/agromt.news\/index.php?rest_route=\/wp\/v2\/posts\/18592"}],"collection":[{"href":"https:\/\/agromt.news\/index.php?rest_route=\/wp\/v2\/posts"}],"about":[{"href":"https:\/\/agromt.news\/index.php?rest_route=\/wp\/v2\/types\/post"}],"author":[{"embeddable":true,"href":"https:\/\/agromt.news\/index.php?rest_route=\/wp\/v2\/users\/1"}],"replies":[{"embeddable":true,"href":"https:\/\/agromt.news\/index.php?rest_route=%2Fwp%2Fv2%2Fcomments&post=18592"}],"version-history":[{"count":0,"href":"https:\/\/agromt.news\/index.php?rest_route=\/wp\/v2\/posts\/18592\/revisions"}],"wp:featuredmedia":[{"embeddable":true,"href":"https:\/\/agromt.news\/index.php?rest_route=\/wp\/v2\/media\/18593"}],"wp:attachment":[{"href":"https:\/\/agromt.news\/index.php?rest_route=%2Fwp%2Fv2%2Fmedia&parent=18592"}],"wp:term":[{"taxonomy":"category","embeddable":true,"href":"https:\/\/agromt.news\/index.php?rest_route=%2Fwp%2Fv2%2Fcategories&post=18592"},{"taxonomy":"post_tag","embeddable":true,"href":"https:\/\/agromt.news\/index.php?rest_route=%2Fwp%2Fv2%2Ftags&post=18592"}],"curies":[{"name":"wp","href":"https:\/\/api.w.org\/{rel}","templated":true}]}}