{"id":18589,"date":"2025-08-14T17:47:08","date_gmt":"2025-08-14T21:47:08","guid":{"rendered":"https:\/\/agromt.news\/?p=18589"},"modified":"2025-08-14T17:47:08","modified_gmt":"2025-08-14T21:47:08","slug":"diferente-do-dia-anterior-precos-de-soja-caem-e-mercado-nao-reage-confira-as-cotacoes","status":"publish","type":"post","link":"https:\/\/agromt.news\/?p=18589","title":{"rendered":"Diferente do dia anterior, pre\u00e7os de soja caem e mercado n\u00e3o reage; confira as cota\u00e7\u00f5es"},"content":{"rendered":"<p> <br \/>\n<br \/><img decoding=\"async\" src=\"https:\/\/agromt.news\/wp-content\/uploads\/2025\/08\/Diferente-do-dia-anterior-precos-de-soja-caem-e-mercado.jpg\" \/><\/p>\n<div>\n<p>O <a href=\"https:\/\/www.canalrural.com.br\/agricultura\/projeto-soja-brasil\/\">mercado brasileiro <\/a>de soja registrou recuos generalizados nesta quinta-feira (14), segundo avalia\u00e7\u00e3o de Rafael Silveira, analista da <a href=\"https:\/\/safras.com.br\/\">Safras &amp; Mercado<\/a>. Apenas algumas pra\u00e7as mantiveram indica\u00e7\u00f5es est\u00e1veis, enquanto as ofertas foram escassas e os compradores pressionaram as cota\u00e7\u00f5es para baixo, buscando melhor alinhamento \u00e0 paridade com o porto. Os vendedores, por sua vez, resistiram \u00e0s baixas, ampliando o spread e travando as negocia\u00e7\u00f5es no segmento voltado \u00e0 ind\u00fastria.<\/p>\n<ul class=\"wp-block-list\">\n<li><strong><em>Fique por dentro das novidades e not\u00edcias recentes sobre a soja! Participe da nossa comunidade atrav\u00e9s do\u00a0<a href=\"https:\/\/chat.whatsapp.com\/BmMRwA0TZ2DHGyhzoaVEWu\">link<\/a>! \ud83c\udf31<\/em><\/strong><\/li>\n<\/ul>\n<p>Nos portos, apenas lotes pontuais foram negociados, em um cen\u00e1rio influenciado pela forte queda na Bolsa de Chicago, que devolveu parte da alta acumulada ap\u00f3s o relat\u00f3rio do Departamento de Agricultura dos Estados Unidos (<a href=\"https:\/\/www.canalrural.com.br\/?s=USDA\">USDA<\/a>) divulgado nesta semana. <\/p>\n<p>A press\u00e3o tamb\u00e9m enfraqueceu os pr\u00eamios durante boa parte da sess\u00e3o, embora tenham recuperado algum f\u00f4lego no final da tarde. No balan\u00e7o geral, o dia foi marcado por retra\u00e7\u00e3o nos pre\u00e7os portu\u00e1rios e volumes reduzidos de neg\u00f3cios.<\/p>\n<h3 class=\"wp-block-heading\" id=\"h-precos-de-soja-no-brasil\">Pre\u00e7os de soja no Brasil<\/h3>\n<ul class=\"wp-block-list\">\n<li><strong>Passo Fundo (RS)<\/strong>: caiu de R$ 135,00 para R$ 134,00<\/li>\n<li><strong>Santa Rosa (RS)<\/strong>: caiu de R$ 136,00 para R$ 135,00<\/li>\n<li><strong>Rio Grande (RS)<\/strong>: caiu de R$ 142,50 para R$ 141,50<\/li>\n<li><strong>Cascavel (PR)<\/strong>: caiu de R$ 136,00 para R$ 135,00<\/li>\n<li><strong>Paranagu\u00e1 (PR)<\/strong>: caiu de R$ 142,00 para R$ 140,00<\/li>\n<li><strong>Rondon\u00f3polis (MT)<\/strong>: caiu de R$ 127,00 para R$ 125,00<\/li>\n<li><strong>Dourados (MS)<\/strong>: caiu de R$ 126,50 para R$ 124,50<\/li>\n<li><strong>Rio Verde (GO)<\/strong>: caiu de R$ 127,00 para R$ 124,00<\/li>\n<\/ul>\n<h3 class=\"wp-block-heading\" id=\"h-soja-em-chicago\">Soja em Chicago<\/h3>\n<p>Os contratos futuros da soja negociados na Bolsa de Mercadorias de Chicago (CBOT) fecharam a quinta-feira em baixa. Ap\u00f3s tr\u00eas sess\u00f5es de bons ganhos, o mercado realizou lucros. Preocupa\u00e7\u00f5es sobre a demanda chinesa pelo produto americano ajudaram a pressionar as cota\u00e7\u00f5es futuras.<\/p>\n<\/div>\n<div>\n<h2 class=\"wp-block-heading\" id=\"h-usda\">USDA<\/h2>\n<p>O mercado acumulou ganhos recentemente por conta do relat\u00f3rio de agosto do Departamento de Agricultura dos Estados Unidos (USDA), que indicou safra e estoques abaixo do esperado. Mas, mesmo ap\u00f3s alguns sinais de avan\u00e7os nas negocia\u00e7\u00f5es comerciais entre Pequim e Washington, o sentimento de que a procura chinesa por soja americana n\u00e3o vai se aquecer de uma hora para a outra ainda \u00e9 motivo de preocupa\u00e7\u00e3o.<\/p>\n<h2 class=\"wp-block-heading\" id=\"h-dados-do-nopa\">Dados do Nopa <\/h2>\n<p>A Associa\u00e7\u00e3o Norte-Americana dos Processadores de \u00d3leos Vegetais (Nopa) divulgar\u00e1 nesta sexta-feira, dia 15, <a href=\"https:\/\/www.canalrural.com.br\/agricultura\/projeto-soja-brasil\/nopa-divulgara-o-resultado-do-esmagamento-de-soja-dos-eua-nesta-sexta-feira\/\">o resultado do esmagamento dos Estados Unidos no m\u00eas de julho<\/a>. Os n\u00fameros saem \u00e0s 13 horas, hor\u00e1rio de Bras\u00edlia. O mercado aposta em n\u00famero de 191,590 milh\u00f5es de bushels. Em junho, os esmagamentos somaram 185,270 milh\u00f5es de bushels. Em julho do ano passado, ficaram em 182,881 milh\u00f5es de bushels.<\/p>\n<p>As exporta\u00e7\u00f5es l\u00edquidas norte-americanas de soja, referentes \u00e0 temporada 2024\/25, com in\u00edcio em 1\u00ba de setembro, ficaram negativas em 377.600 toneladas na semana encerrada em 7 de agosto. Para a temporada 2025\/26, ficaram em 1.133.000 toneladas. Analistas esperavam exporta\u00e7\u00f5es entre 450 mil e 1,6 milh\u00e3o de toneladas, somando-se as duas temporadas.<\/p>\n<h2 class=\"wp-block-heading\" id=\"h-contratos-futuros-de-soja\">Contratos futuros de soja <\/h2>\n<p>Os contratos da soja em gr\u00e3o com entrega em setembro fecharam com baixa de 16,50 centavos de d\u00f3lar, ou 1,61%, a US$ 10,07 1\/2 por bushel. A posi\u00e7\u00e3o novembro teve cota\u00e7\u00e3o de US$ 10,28 1\/2 por bushel, com baixa de 15,75 centavos ou 1,50%.<\/p>\n<p>Nos subprodutos, a posi\u00e7\u00e3o setembro do farelo fechou com baixa de US$ 2,70, ou 0,94%, a US$ 284,30 por tonelada. No \u00f3leo, os contratos com vencimento em setembro fecharam a 51,99 centavos de d\u00f3lar, com perda de 1,40 centavo ou 2,45%.<\/p>\n<h3 class=\"wp-block-heading\" id=\"h-cambio\">C\u00e2mbio<\/h3>\n<p>O d\u00f3lar comercial encerrou a sess\u00e3o em alta de 0,30%, sendo negociado a R$ 5,4172 para venda e a R$ 5,4152 para compra. Durante o dia, a moeda norte-americana oscilou entre a m\u00ednima de R$ 5,3945 e a m\u00e1xima de R$ 5,4315.<\/p>\n<\/p><\/div>\n<p><br \/>\n<br \/><a href=\"https:\/\/www.canalrural.com.br\/agricultura\/projeto-soja-brasil\/diferente-do-dia-anterior-precos-de-soja-caem-e-mercado-nao-reage-confira-as-cotacoes\/\">Source link <\/a><\/p>\n","protected":false},"excerpt":{"rendered":"<p>O mercado brasileiro de soja registrou recuos generalizados nesta quinta-feira (14), segundo avalia\u00e7\u00e3o de Rafael Silveira, analista da Safras &amp;<\/p>\n","protected":false},"author":1,"featured_media":18590,"comment_status":"open","ping_status":"open","sticky":false,"template":"","format":"standard","meta":{"_monsterinsights_skip_tracking":false,"_monsterinsights_sitenote_active":false,"_monsterinsights_sitenote_note":"","_monsterinsights_sitenote_category":0,"_uf_show_specific_survey":0,"_uf_disable_surveys":false,"footnotes":""},"categories":[1],"tags":[],"class_list":["post-18589","post","type-post","status-publish","format-standard","has-post-thumbnail","hentry","category-news"],"_links":{"self":[{"href":"https:\/\/agromt.news\/index.php?rest_route=\/wp\/v2\/posts\/18589"}],"collection":[{"href":"https:\/\/agromt.news\/index.php?rest_route=\/wp\/v2\/posts"}],"about":[{"href":"https:\/\/agromt.news\/index.php?rest_route=\/wp\/v2\/types\/post"}],"author":[{"embeddable":true,"href":"https:\/\/agromt.news\/index.php?rest_route=\/wp\/v2\/users\/1"}],"replies":[{"embeddable":true,"href":"https:\/\/agromt.news\/index.php?rest_route=%2Fwp%2Fv2%2Fcomments&post=18589"}],"version-history":[{"count":0,"href":"https:\/\/agromt.news\/index.php?rest_route=\/wp\/v2\/posts\/18589\/revisions"}],"wp:featuredmedia":[{"embeddable":true,"href":"https:\/\/agromt.news\/index.php?rest_route=\/wp\/v2\/media\/18590"}],"wp:attachment":[{"href":"https:\/\/agromt.news\/index.php?rest_route=%2Fwp%2Fv2%2Fmedia&parent=18589"}],"wp:term":[{"taxonomy":"category","embeddable":true,"href":"https:\/\/agromt.news\/index.php?rest_route=%2Fwp%2Fv2%2Fcategories&post=18589"},{"taxonomy":"post_tag","embeddable":true,"href":"https:\/\/agromt.news\/index.php?rest_route=%2Fwp%2Fv2%2Ftags&post=18589"}],"curies":[{"name":"wp","href":"https:\/\/api.w.org\/{rel}","templated":true}]}}