{"id":18577,"date":"2025-08-14T16:14:09","date_gmt":"2025-08-14T20:14:09","guid":{"rendered":"https:\/\/agromt.news\/?p=18577"},"modified":"2025-08-14T16:14:09","modified_gmt":"2025-08-14T20:14:09","slug":"sistema-soja-trigo-e-manejo-de-plantas-daninhas-sao-foco-de-evento-da-embrapa","status":"publish","type":"post","link":"https:\/\/agromt.news\/?p=18577","title":{"rendered":"Sistema soja-trigo e manejo de plantas daninhas s\u00e3o foco de evento da Embrapa"},"content":{"rendered":"<p> <br \/>\n<br \/><img decoding=\"async\" src=\"https:\/\/agromt.news\/wp-content\/uploads\/2025\/08\/Sistema-soja-trigo-e-manejo-de-plantas-daninhas-sao-foco-de.jpg\" \/><\/p>\n<div>\n<p>Durante o Dia de Campo de Inverno, evento promovido pela Embrapa Soja, pelo Instituto de Desenvolvimento Rural do Paran\u00e1 (<a href=\"https:\/\/www.idrparana.pr.gov.br\/\">IDR-Paran\u00e1<\/a>) e pela <a href=\"https:\/\/www.fundacaomeridional.com.br\/\">Funda\u00e7\u00e3o Meridional<\/a>, ser\u00e3o apresentadas tecnologias para o <a href=\"https:\/\/www.canalrural.com.br\/?s=cultivo+de+soja\">cultivo <\/a>de soja em rota\u00e7\u00e3o com trigo, al\u00e9m do lan\u00e7amento de duas novas cultivares desta \u00faltima cultura. O encontro ser\u00e1 realizado no dia 22 de agosto, a partir das 8h, na Embrapa Soja, em Londrina (PR).<\/p>\n<ul class=\"wp-block-list\">\n<li><strong><em>Fique por dentro das novidades e not\u00edcias recentes sobre a soja! Participe da nossa comunidade atrav\u00e9s do\u00a0<a href=\"https:\/\/chat.whatsapp.com\/BmMRwA0TZ2DHGyhzoaVEWu\">link<\/a>! \ud83c\udf31<\/em><\/strong><\/li>\n<\/ul>\n<h2 class=\"wp-block-heading\" id=\"h-manejo-no-sistema-soja-trigo\">Manejo no sistema soja-trigo<\/h2>\n<p>Tamb\u00e9m haver\u00e1 uma esta\u00e7\u00e3o t\u00e9cnica que abordar\u00e1 o manejo outonal de plantas daninhas no sistema de produ\u00e7\u00e3o soja-trigo, ministrada pelo pesquisador Fernando Adegas, da Embrapa Soja. Outro destaque ser\u00e1 a apresenta\u00e7\u00e3o de Henrique Debiasi, tamb\u00e9m da empresa, sobre a import\u00e2ncia do trigo para otimizar a produtividade e a sustentabilidade da oleaginosa nas safras seguintes.<\/p>\n<\/div>\n<div>\n<h2 class=\"wp-block-heading\" id=\"h-programacao\">Programa\u00e7\u00e3o <\/h2>\n<p>A programa\u00e7\u00e3o contar\u00e1 com apresenta\u00e7\u00f5es sobre variedades de trigo e triticale desenvolvidas pela Embrapa e pelo IDR-Paran\u00e1, al\u00e9m do manejo outonal de plantas daninhas e da import\u00e2ncia do trigo no sistema de produ\u00e7\u00e3o da oleaginosa.<\/p>\n<h2 class=\"wp-block-heading\" id=\"h-inscreva-se\">Inscreva-se <\/h2>\n<p>O evento ser\u00e1 realizado no dia 22 de agosto, a partir das 8h, na Embrapa Soja, estrada Carlos Jo\u00e3o Strass, s\/n, Londrina (PR). As inscri\u00e7\u00f5es podem ser feitas pelo <a href=\"https:\/\/encurtador.com.br\/AcRKd\">link<\/a>.<\/p>\n<\/p><\/div>\n<p><br \/>\n<br \/><a href=\"https:\/\/www.canalrural.com.br\/agricultura\/projeto-soja-brasil\/sistema-soja-trigo-e-manejo-de-plantas-daninhas-sao-foco-de-evento-da-embrapa\/\">Source link <\/a><\/p>\n","protected":false},"excerpt":{"rendered":"<p>Durante o Dia de Campo de Inverno, evento promovido pela Embrapa Soja, pelo Instituto de Desenvolvimento Rural do Paran\u00e1 (IDR-Paran\u00e1)<\/p>\n","protected":false},"author":1,"featured_media":18578,"comment_status":"open","ping_status":"open","sticky":false,"template":"","format":"standard","meta":{"_monsterinsights_skip_tracking":false,"_monsterinsights_sitenote_active":false,"_monsterinsights_sitenote_note":"","_monsterinsights_sitenote_category":0,"_uf_show_specific_survey":0,"_uf_disable_surveys":false,"footnotes":""},"categories":[1],"tags":[],"class_list":["post-18577","post","type-post","status-publish","format-standard","has-post-thumbnail","hentry","category-news"],"_links":{"self":[{"href":"https:\/\/agromt.news\/index.php?rest_route=\/wp\/v2\/posts\/18577"}],"collection":[{"href":"https:\/\/agromt.news\/index.php?rest_route=\/wp\/v2\/posts"}],"about":[{"href":"https:\/\/agromt.news\/index.php?rest_route=\/wp\/v2\/types\/post"}],"author":[{"embeddable":true,"href":"https:\/\/agromt.news\/index.php?rest_route=\/wp\/v2\/users\/1"}],"replies":[{"embeddable":true,"href":"https:\/\/agromt.news\/index.php?rest_route=%2Fwp%2Fv2%2Fcomments&post=18577"}],"version-history":[{"count":0,"href":"https:\/\/agromt.news\/index.php?rest_route=\/wp\/v2\/posts\/18577\/revisions"}],"wp:featuredmedia":[{"embeddable":true,"href":"https:\/\/agromt.news\/index.php?rest_route=\/wp\/v2\/media\/18578"}],"wp:attachment":[{"href":"https:\/\/agromt.news\/index.php?rest_route=%2Fwp%2Fv2%2Fmedia&parent=18577"}],"wp:term":[{"taxonomy":"category","embeddable":true,"href":"https:\/\/agromt.news\/index.php?rest_route=%2Fwp%2Fv2%2Fcategories&post=18577"},{"taxonomy":"post_tag","embeddable":true,"href":"https:\/\/agromt.news\/index.php?rest_route=%2Fwp%2Fv2%2Ftags&post=18577"}],"curies":[{"name":"wp","href":"https:\/\/api.w.org\/{rel}","templated":true}]}}