{"id":18571,"date":"2025-08-14T15:16:27","date_gmt":"2025-08-14T19:16:27","guid":{"rendered":"https:\/\/agromt.news\/?p=18571"},"modified":"2025-08-14T15:16:27","modified_gmt":"2025-08-14T19:16:27","slug":"mp-de-reacao-ao-tarifaco-sera-prioridade-no-congresso","status":"publish","type":"post","link":"https:\/\/agromt.news\/?p=18571","title":{"rendered":"MP de rea\u00e7\u00e3o ao tarifa\u00e7o ser\u00e1 prioridade no Congresso"},"content":{"rendered":"<p> <br \/>\n<br \/><img decoding=\"async\" src=\"https:\/\/agromt.news\/wp-content\/uploads\/2025\/08\/MP-de-reacao-ao-tarifaco-sera-prioridade-no-Congresso.jpg\" \/><\/p>\n<div>\n<p>O presidente da C\u00e2mara dos Deputados, Hugo Motta (Republicanos-PB), afirmou que o Congresso Nacional tratar\u00e1 como \u201cprioridade\u201d a Medida Provis\u00f3ria que oferece um pacote de socorro a empresas afetadas pelo \u201ctarifa\u00e7o\u201d estabelecido pelos Estados Unidos a produtos brasileiros.<\/p>\n<p>As declara\u00e7\u00f5es ocorreram na manh\u00e3 desta quinta-feir (14), em entrevista \u00e0 GloboNews, um dia ap\u00f3s o governo ter anunciado a MP.<\/p>\n<p>O instrumento tem validade imediata, mas tempor\u00e1ria, e portanto precisa de aprova\u00e7\u00e3o dos parlamentares.<\/p>\n<p>A medida consiste em uma <a href=\"https:\/\/www.canalrural.com.br\/economia\/governo-anuncia-pacote-de-ajuda-a-setores-afetados-pelo-tarifaco-dos-eua-veja-quais-sao-as-medidas\/\">linha de cr\u00e9dito de R$ 30 bilh\u00f5es<\/a>, amplia\u00e7\u00e3o de cr\u00e9ditos tribut\u00e1rios a exportadores pelo Reintegra em R$ 5 bilh\u00f5es e aportes de R$ 4,5 bilh\u00f5es em outros fundos. Esses R$ 9,5 bilh\u00f5es ficar\u00e3o fora do c\u00e1lculo da meta fiscal de 2025 e 2026.<\/p>\n<p><em>Veja em primeira m\u00e3o tudo sobre agricultura, pecu\u00e1ria, economia e previs\u00e3o do tempo:<\/em><a href=\"https:\/\/news.google.com\/publications\/CAAqBwgKMPKZlQswq_mqAw?hl=pt-BR&amp;gl=BR&amp;ceid=BR%3Apt-419\" target=\"_blank\" rel=\"noreferrer noopener\"><em>\u00a0siga o Canal Rural no Google News!<\/em><\/a><\/p>\n<p>\u201cEstivemos l\u00e1, tanto eu como o presidente do Senado Davi Alcolumbre, ao lado do presidente Lula e dos seus ministros, o presidente Geraldo Alckmin, para receber essa medida provis\u00f3ria que traz um apoio aos setores afetados por essas tarifas. Essa mat\u00e9ria, com certeza, ser\u00e1 uma prioridade dentro do Congresso Nacional\u201d, declarou o parlamentar.<\/p>\n<\/div>\n<div>\n<p>Motta continuou: \u201cN\u00f3s n\u00e3o vamos, em nenhum momento, nos hesitar a estarmos unidos com os demais Poderes para defender a soberania nacional, defender aquilo que \u00e9 importante para o Brasil, proteger as nossas ind\u00fastrias, as nossas empresas, os nossos empregos. Esse \u00e9 o papel de todos aqueles que t\u00eam o compromisso com o Pa\u00eds, acima de qualquer prefer\u00eancia pol\u00edtica ou ideol\u00f3gica.\u201d<\/p>\n<p>O presidente da C\u00e2mara tamb\u00e9m disse que v\u00ea ambiente favor\u00e1vel na C\u00e2mara \u00e0 MP. \u201cN\u00e3o tenho d\u00favidas de que dentro da C\u00e2mara, no col\u00e9gio de l\u00edderes, n\u00f3s vamos ter amplo apoio para que essas medidas possam ser tomadas e o Brasil possa ter o m\u00ednimo impacto poss\u00edvel diante dessas decis\u00f5es recentes do governo americano.\u201d <\/p>\n<p><b>Imposto de Renda<\/b><\/p>\n<p>Motta declarou ainda que a amplia\u00e7\u00e3o da isen\u00e7\u00e3o do Imposto de Renda at\u00e9 R$ 5 mil \u00e9 outra prioridade para o semestre. O parecer do relator, Arthur Lira (PP-AL), j\u00e1 foi aprovado em comiss\u00e3o especial. Segundo o atual presidente da C\u00e2mara, a expectativa \u00e9 de que o texto seja levado ao plen\u00e1rio nos pr\u00f3ximos dias.<\/p>\n<p>\u201cO relat\u00f3rio, elaborado pelo ex-presidente Arthur Lira na comiss\u00e3o especial, foi aprovado por unanimidade. Ent\u00e3o, demonstra que o ambiente na Casa \u00e9 favor\u00e1vel para a aprova\u00e7\u00e3o dessa mat\u00e9ria\u201d, disse ele. \u201cNos pr\u00f3ximos dias, esperamos que ela possa ser levada ao plen\u00e1rio e apreciada no plen\u00e1rio da C\u00e2mara, j\u00e1 que \u00e9 uma mat\u00e9ria muito importante\u201d, acrescentou.<\/p>\n<\/p><\/div>\n<p><br \/>\n<br \/><a href=\"https:\/\/www.canalrural.com.br\/politica\/motta-mp-de-reacao-as-tarifas-de-trump-com-certeza-sera-prioridade-no-congresso\/\">Source link <\/a><\/p>\n","protected":false},"excerpt":{"rendered":"<p>O presidente da C\u00e2mara dos Deputados, Hugo Motta (Republicanos-PB), afirmou que o Congresso Nacional tratar\u00e1 como \u201cprioridade\u201d a Medida Provis\u00f3ria<\/p>\n","protected":false},"author":1,"featured_media":18572,"comment_status":"open","ping_status":"open","sticky":false,"template":"","format":"standard","meta":{"_monsterinsights_skip_tracking":false,"_monsterinsights_sitenote_active":false,"_monsterinsights_sitenote_note":"","_monsterinsights_sitenote_category":0,"_uf_show_specific_survey":0,"_uf_disable_surveys":false,"footnotes":""},"categories":[1],"tags":[],"class_list":["post-18571","post","type-post","status-publish","format-standard","has-post-thumbnail","hentry","category-news"],"_links":{"self":[{"href":"https:\/\/agromt.news\/index.php?rest_route=\/wp\/v2\/posts\/18571"}],"collection":[{"href":"https:\/\/agromt.news\/index.php?rest_route=\/wp\/v2\/posts"}],"about":[{"href":"https:\/\/agromt.news\/index.php?rest_route=\/wp\/v2\/types\/post"}],"author":[{"embeddable":true,"href":"https:\/\/agromt.news\/index.php?rest_route=\/wp\/v2\/users\/1"}],"replies":[{"embeddable":true,"href":"https:\/\/agromt.news\/index.php?rest_route=%2Fwp%2Fv2%2Fcomments&post=18571"}],"version-history":[{"count":0,"href":"https:\/\/agromt.news\/index.php?rest_route=\/wp\/v2\/posts\/18571\/revisions"}],"wp:featuredmedia":[{"embeddable":true,"href":"https:\/\/agromt.news\/index.php?rest_route=\/wp\/v2\/media\/18572"}],"wp:attachment":[{"href":"https:\/\/agromt.news\/index.php?rest_route=%2Fwp%2Fv2%2Fmedia&parent=18571"}],"wp:term":[{"taxonomy":"category","embeddable":true,"href":"https:\/\/agromt.news\/index.php?rest_route=%2Fwp%2Fv2%2Fcategories&post=18571"},{"taxonomy":"post_tag","embeddable":true,"href":"https:\/\/agromt.news\/index.php?rest_route=%2Fwp%2Fv2%2Ftags&post=18571"}],"curies":[{"name":"wp","href":"https:\/\/api.w.org\/{rel}","templated":true}]}}