{"id":18566,"date":"2025-08-14T14:31:45","date_gmt":"2025-08-14T18:31:45","guid":{"rendered":"https:\/\/agromt.news\/?p=18566"},"modified":"2025-08-14T14:31:45","modified_gmt":"2025-08-14T18:31:45","slug":"com-tarifaco-tonelada-da-carne-do-brasil-fica-us-17-mil-mais-cara-que-a-argentina","status":"publish","type":"post","link":"https:\/\/agromt.news\/?p=18566","title":{"rendered":"Com tarifa\u00e7o, tonelada da carne do Brasil fica US$ 1,7 mil mais cara que a argentina"},"content":{"rendered":"<p> <br \/>\n<\/p>\n<div>\n<p>O governo norte-americano imp\u00f4s tarifas adicionais sobre o Brasil na ordem de 40%, que seriam adicionadas \u00e0 tarifa j\u00e1 anunciada em abril de 10%, ou seja, os produtos brasileiros contaram com uma sobretaxa de 50%. <\/p>\n<p>Os rumores durante o m\u00eas de julho apontavam para a crescente possibilidade de uma <strong><a href=\"https:\/\/www.canalrural.com.br\/economia\/suco-de-laranja-e-castanhas-nao-serao-taxados-por-trump\/\">lista de exce\u00e7\u00f5es<\/a><\/strong>, o que de fato acabou se concretizando, o an\u00fancio aconteceu no \u00faltimo dia 30 de julho.<\/p>\n<p>A perspectiva inicial era que determinados produtos que n\u00e3o s\u00e3o produzidos nos Estados Unidos entrassem nessa lista. Na pr\u00e1tica, as escolhas foram diferentes, alguns setores importantes foram contemplados a exemplo do setor de citrus, madeira e celulose, petr\u00f3leo e de aeronaves. No entanto, houve algumas surpresas em rela\u00e7\u00e3o as aus\u00eancias, podendo ser aqui citados caf\u00e9, cacau, frutas, pescados e carne bovina.<\/p>\n<p>Outro ponto que foi esclarecido pelas autoridades norte-americanas foi o adendo de que produtos embarcados at\u00e9 o dia 5 de agosto, que desembarquem nos portos dos Estados Unidos at\u00e9 o dia 5 de outubro, ser\u00e3o aceitos sem o adicional tarif\u00e1rio de 40%. O que se observou nos mais diferentes setores impactados foi a corrida para atender essas especifica\u00e7\u00f5es e conseguir despachar as mercadorias a tempo.<\/p>\n<p>As organiza\u00e7\u00f5es que regem os setores que n\u00e3o foram contemplados na lista de exce\u00e7\u00f5es j\u00e1 come\u00e7am a se mobilizar, tentando mitigar os efeitos do tarifa\u00e7o em seus respectivos setores. No caso do setor da carne bovina, as estimativas s\u00e3o preocupantes: organiza\u00e7\u00f5es como a Abiec e a Abrafrigo indicam que o Brasil pode deixar de arrecadar entre 1 e 1,3 bilh\u00e3o de d\u00f3lares em vendas de carne bovina para os Estados Unidos.<\/p>\n<p>No entanto, as informa\u00e7\u00f5es de bastidores apontam que as negocia\u00e7\u00f5es persistem, visto que o setor da carne bovina conta com apoio dos importadores norte-americanos, que entendem que a substitui\u00e7\u00e3o do produto brasileiro n\u00e3o \u00e9 necessariamente simples no mercado internacional. <\/p>\n<h2 class=\"wp-block-heading\" id=\"h-carne-brasileira-sem-competitividade-nos-eua\">Carne brasileira sem competitividade nos EUA<\/h2>\n<p>A imposi\u00e7\u00e3o de tarifas adicionais de 50% reduz substancialmente a competitividade brasileira. O quadro de momento, considerando as tarifas brasileiras de 76,4%, \u00e9 o seguinte:<\/p>\n<ul class=\"wp-block-list\">\n<li><strong>Brasil: <\/strong>US$ 8.415 por tonelada;<\/li>\n<li><strong>Austr\u00e1lia:<\/strong> US$ 7.169 por tonelada;<\/li>\n<li><strong>Uruguai:<\/strong> US$ 6.951 por tonelada;<\/li>\n<li><strong>Argentina: <\/strong>US$ 6.733,70 por tonelada;<\/li>\n<\/ul>\n<p>A quest\u00e3o \u00e9 que antes do tarifa\u00e7o os pre\u00e7os m\u00e9dios do Brasil eram de aproximadamente <strong>US$ 6.100 por tonelada<\/strong>, ou seja, muito mais competitivo que os concorrentes. Desta forma o fornecimento de carne bovina pelos demais players representa maior press\u00e3o inflacion\u00e1ria em um setor que j\u00e1 sofre com pre\u00e7os acentuados pela atual posi\u00e7\u00e3o do rebanho norte-americano.<\/p>\n<\/div>\n<div>\n<figure class=\"wp-block-image size-large\"><img fetchpriority=\"high\" decoding=\"async\" width=\"1024\" height=\"585\" alt=\"tonelada carne bovina aos EUA\" class=\"wp-image-4117038\"  data-lazy- src=\"https:\/\/agromt.news\/wp-content\/uploads\/2025\/08\/Com-tarifaco-tonelada-da-carne-do-Brasil-fica-US-17.png\"\/><img decoding=\"async\" width=\"1024\" height=\"585\" src=\"https:\/\/agromt.news\/wp-content\/uploads\/2025\/08\/Com-tarifaco-tonelada-da-carne-do-Brasil-fica-US-17.png\" alt=\"tonelada carne bovina aos EUA\" class=\"wp-image-4117038\"  \/><figcaption class=\"wp-element-caption\">Foto: Divulga\u00e7\u00e3o Safras &amp; Mercado<\/figcaption><\/figure>\n<p>Outro aspecto importante no mercado global da carne bovina \u00e9 que apenas o Brasil dentre os grandes produtores da prote\u00edna tem condi\u00e7\u00f5es de atacar v\u00e1rias frentes de demanda simultaneamente. <\/p>\n<p>Se Uruguai, Nova Zel\u00e2ndia, Austr\u00e1lia e Argentina priorizarem o mercado norte-americano, a tend\u00eancia \u00e9 que outros mercados deixem de ser atendidos na mesma intensidade, o que pode abrir boas possibilidades de exporta\u00e7\u00e3o do Brasil para o mercado asi\u00e1tico e at\u00e9 mesmo Uni\u00e3o Europeia.<\/p>\n<p>O setor ainda conta com a esperan\u00e7a de que a carne bovina brasileira seja inclusa em uma lista tardia de exce\u00e7\u00f5es. No mercado f\u00edsico do boi gordo a boa not\u00edcia est\u00e1 no lento processo de recupera\u00e7\u00e3o dos pre\u00e7os da arroba nas principais pra\u00e7as pecu\u00e1rias do pa\u00eds. Aparentemente a quest\u00e3o do tarifa\u00e7o foi assimilada pelo mercado que agora j\u00e1 convive com espa\u00e7o para a retomada.<\/p>\n<h2 class=\"wp-block-heading\" id=\"h-recorde-de-exportacoes\">Recorde de exporta\u00e7\u00f5es<\/h2>\n<p>Apesar da aus\u00eancia norte-americana, a expectativa de Safras &amp; Mercado ainda aponta para recorde de embarques na atual temporada, com espa\u00e7o para importante crescimento da receita. <\/p>\n<p>Est\u00e1 \u00e9 outra premissa b\u00e1sica do setor carnes em 2025, as exporta\u00e7\u00f5es s\u00e3o o alvo priorit\u00e1rio, com o pa\u00eds desfrutando de uma posi\u00e7\u00e3o privilegiada no mercado global, apesar dos sobressaltos apresentados nos \u00faltimos tr\u00eas meses (Influenza Avi\u00e1ria de Alta Patogenicidade em granja comercial e tarifa\u00e7o). <\/p>\n<p>A expectativa ainda \u00e9 de novas aberturas de mercado e expans\u00e3o daqueles que s\u00e3o cativos ao Brasil no restante da d\u00e9cada. O governo brasileiro anunciou um pacote de ajuda, priorizando os setores mais vulner\u00e1veis ao tarifa\u00e7o, para a fruticultura nacional e para o setor de pescados a medida ser\u00e1 de grande valia. <\/p>\n<p>Por sua vez, o setor carnes se mostra mais resiliente, encontrando alternativas ao mercado norte-americano, com boas condi\u00e7\u00f5es para expandir vendas e estabelecer um novo recorde de embarques em 2025.<\/p>\n<div class=\"wp-block-media-text is-stacked-on-mobile\">\n<figure class=\"wp-block-media-text__media\"><img decoding=\"async\" width=\"470\" height=\"470\" alt=\"\" class=\"wp-image-4104708 size-full\"  data-lazy- src=\"https:\/\/agromt.news\/wp-content\/uploads\/2025\/06\/Como-o-maior-exportador-de-carne-de-frango-do-mundo.png\"\/><img loading=\"lazy\" decoding=\"async\" width=\"470\" height=\"470\" src=\"https:\/\/agromt.news\/wp-content\/uploads\/2025\/06\/Como-o-maior-exportador-de-carne-de-frango-do-mundo.png\" alt=\"\" class=\"wp-image-4104708 size-full\"  \/><\/figure>\n<div class=\"wp-block-media-text__content\">\n<p><strong>*Fernando Henrique Iglesias<\/strong> <em>\u00e9 coordenador do departamento de An\u00e1lise de Safras &amp; Mercado, com especialidade no setor de carnes (boi, frango e su\u00edno)<\/em><\/p>\n<\/div>\n<\/div>\n<hr class=\"wp-block-separator has-alpha-channel-opacity\"\/>\n<p><em>O\u00a0<strong>Canal Rural<\/strong>\u00a0n\u00e3o se responsabiliza pelas opini\u00f5es e conceitos emitidos nos textos desta sess\u00e3o, sendo os conte\u00fados de inteira responsabilidade de seus autores. A empresa se reserva o direito de fazer ajustes no texto para adequa\u00e7\u00e3o \u00e0s normas de publica\u00e7\u00e3o.<\/em><\/p>\n<\/p><\/div>\n<p><br \/>\n<br \/><a href=\"https:\/\/www.canalrural.com.br\/opiniao-noticias\/com-tarifaco-tonelada-da-carne-do-brasil-fica-us-17-mil-mais-cara-que-a-argentina\/\">Source link <\/a><\/p>\n","protected":false},"excerpt":{"rendered":"<p>O governo norte-americano imp\u00f4s tarifas adicionais sobre o Brasil na ordem de 40%, que seriam adicionadas \u00e0 tarifa j\u00e1 anunciada<\/p>\n","protected":false},"author":1,"featured_media":12508,"comment_status":"open","ping_status":"open","sticky":false,"template":"","format":"standard","meta":{"_monsterinsights_skip_tracking":false,"_monsterinsights_sitenote_active":false,"_monsterinsights_sitenote_note":"","_monsterinsights_sitenote_category":0,"_uf_show_specific_survey":0,"_uf_disable_surveys":false,"footnotes":""},"categories":[1],"tags":[],"class_list":["post-18566","post","type-post","status-publish","format-standard","has-post-thumbnail","hentry","category-news"],"_links":{"self":[{"href":"https:\/\/agromt.news\/index.php?rest_route=\/wp\/v2\/posts\/18566"}],"collection":[{"href":"https:\/\/agromt.news\/index.php?rest_route=\/wp\/v2\/posts"}],"about":[{"href":"https:\/\/agromt.news\/index.php?rest_route=\/wp\/v2\/types\/post"}],"author":[{"embeddable":true,"href":"https:\/\/agromt.news\/index.php?rest_route=\/wp\/v2\/users\/1"}],"replies":[{"embeddable":true,"href":"https:\/\/agromt.news\/index.php?rest_route=%2Fwp%2Fv2%2Fcomments&post=18566"}],"version-history":[{"count":0,"href":"https:\/\/agromt.news\/index.php?rest_route=\/wp\/v2\/posts\/18566\/revisions"}],"wp:featuredmedia":[{"embeddable":true,"href":"https:\/\/agromt.news\/index.php?rest_route=\/wp\/v2\/media\/12508"}],"wp:attachment":[{"href":"https:\/\/agromt.news\/index.php?rest_route=%2Fwp%2Fv2%2Fmedia&parent=18566"}],"wp:term":[{"taxonomy":"category","embeddable":true,"href":"https:\/\/agromt.news\/index.php?rest_route=%2Fwp%2Fv2%2Fcategories&post=18566"},{"taxonomy":"post_tag","embeddable":true,"href":"https:\/\/agromt.news\/index.php?rest_route=%2Fwp%2Fv2%2Ftags&post=18566"}],"curies":[{"name":"wp","href":"https:\/\/api.w.org\/{rel}","templated":true}]}}