{"id":18564,"date":"2025-08-14T14:17:28","date_gmt":"2025-08-14T18:17:28","guid":{"rendered":"https:\/\/agromt.news\/?p=18564"},"modified":"2025-08-14T14:17:28","modified_gmt":"2025-08-14T18:17:28","slug":"nopa-divulgara-o-resultado-do-esmagamento-de-soja-dos-eua-nesta-sexta-feira","status":"publish","type":"post","link":"https:\/\/agromt.news\/?p=18564","title":{"rendered":"Nopa divulgar\u00e1 o resultado do esmagamento de soja dos EUA nesta sexta-feira"},"content":{"rendered":"<p> <br \/>\n<br \/><img decoding=\"async\" src=\"https:\/\/agromt.news\/wp-content\/uploads\/2025\/08\/Nopa-divulgara-o-resultado-do-esmagamento-de-soja-dos-EUA.jpg\" \/><\/p>\n<div>\n<p>A Associa\u00e7\u00e3o Norte-Americana dos Processadores de \u00d3leos Vegetais (<a href=\"https:\/\/www.nopa.org\/\">Nopa<\/a>) divulgar\u00e1, nesta sexta-feira (15), o resultado do esmagamento de <a href=\"https:\/\/www.canalrural.com.br\/agricultura\/projeto-soja-brasil\/\">soja <\/a>dos Estados Unidos no m\u00eas de julho. Os n\u00fameros saem \u00e0s 13 horas, hor\u00e1rio de Bras\u00edlia.<\/p>\n<ul class=\"wp-block-list\">\n<li><strong><em>Fique por dentro das novidades e not\u00edcias recentes sobre a soja! Participe da nossa comunidade atrav\u00e9s do\u00a0<a href=\"https:\/\/chat.whatsapp.com\/BmMRwA0TZ2DHGyhzoaVEWu\">link<\/a>! \ud83c\udf31<\/em><\/strong><\/li>\n<\/ul>\n<\/div>\n<div>\n<h2 class=\"wp-block-heading\" id=\"h-previsao-do-esmagamento-de-soja\">Previs\u00e3o do esmagamento de soja <\/h2>\n<p>Segundo a consultoria <a href=\"https:\/\/safras.com.br\/\">Safras &amp; Mercado<\/a>, o mercado aposta em n\u00famero de 191,590 milh\u00f5es de bushels. Em junho, os esmagamentos somaram 185,270 milh\u00f5es de bushels. Em julho do ano passado, ficaram em 182,881 milh\u00f5es de bushels.<\/p>\n<p>A associa\u00e7\u00e3o deve indicar os estoques de \u00f3leo de soja americanos em 1,380 bilh\u00e3o de libras em julho. Em junho, somaram 1,384 bilh\u00e3o de libras.<\/p>\n<\/p><\/div>\n<p><br \/>\n<br \/><a href=\"https:\/\/www.canalrural.com.br\/agricultura\/projeto-soja-brasil\/nopa-divulgara-o-resultado-do-esmagamento-de-soja-dos-eua-nesta-sexta-feira\/\">Source link <\/a><\/p>\n","protected":false},"excerpt":{"rendered":"<p>A Associa\u00e7\u00e3o Norte-Americana dos Processadores de \u00d3leos Vegetais (Nopa) divulgar\u00e1, nesta sexta-feira (15), o resultado do esmagamento de soja dos<\/p>\n","protected":false},"author":1,"featured_media":18565,"comment_status":"open","ping_status":"open","sticky":false,"template":"","format":"standard","meta":{"_monsterinsights_skip_tracking":false,"_monsterinsights_sitenote_active":false,"_monsterinsights_sitenote_note":"","_monsterinsights_sitenote_category":0,"_uf_show_specific_survey":0,"_uf_disable_surveys":false,"footnotes":""},"categories":[1],"tags":[],"class_list":["post-18564","post","type-post","status-publish","format-standard","has-post-thumbnail","hentry","category-news"],"_links":{"self":[{"href":"https:\/\/agromt.news\/index.php?rest_route=\/wp\/v2\/posts\/18564"}],"collection":[{"href":"https:\/\/agromt.news\/index.php?rest_route=\/wp\/v2\/posts"}],"about":[{"href":"https:\/\/agromt.news\/index.php?rest_route=\/wp\/v2\/types\/post"}],"author":[{"embeddable":true,"href":"https:\/\/agromt.news\/index.php?rest_route=\/wp\/v2\/users\/1"}],"replies":[{"embeddable":true,"href":"https:\/\/agromt.news\/index.php?rest_route=%2Fwp%2Fv2%2Fcomments&post=18564"}],"version-history":[{"count":0,"href":"https:\/\/agromt.news\/index.php?rest_route=\/wp\/v2\/posts\/18564\/revisions"}],"wp:featuredmedia":[{"embeddable":true,"href":"https:\/\/agromt.news\/index.php?rest_route=\/wp\/v2\/media\/18565"}],"wp:attachment":[{"href":"https:\/\/agromt.news\/index.php?rest_route=%2Fwp%2Fv2%2Fmedia&parent=18564"}],"wp:term":[{"taxonomy":"category","embeddable":true,"href":"https:\/\/agromt.news\/index.php?rest_route=%2Fwp%2Fv2%2Fcategories&post=18564"},{"taxonomy":"post_tag","embeddable":true,"href":"https:\/\/agromt.news\/index.php?rest_route=%2Fwp%2Fv2%2Ftags&post=18564"}],"curies":[{"name":"wp","href":"https:\/\/api.w.org\/{rel}","templated":true}]}}