{"id":18559,"date":"2025-08-14T12:34:18","date_gmt":"2025-08-14T16:34:18","guid":{"rendered":"https:\/\/agromt.news\/?p=18559"},"modified":"2025-08-14T12:34:18","modified_gmt":"2025-08-14T16:34:18","slug":"transformar-anuncio-em-acao-real","status":"publish","type":"post","link":"https:\/\/agromt.news\/?p=18559","title":{"rendered":"transformar an\u00fancio em a\u00e7\u00e3o real"},"content":{"rendered":"<p> <br \/>\n<\/p>\n<div>\n<p>O governo federal lan\u00e7ou, com pompa e discurso de soberania, a medida provis\u00f3ria \u201cBrasil Soberano\u201d, prevendo R$ 30 bilh\u00f5es em cr\u00e9dito emergencial para exportadores brasileiros afetados pela tarifa extra de 50% imposta pelos <strong><a href=\"http:\/\/www.canalrural.com.br\/tag\/estados-unidos\/\">Estados Unidos<\/a><\/strong>.<\/p>\n<p>A medida tem potencial para evitar perdas expressivas, proteger empregos e preservar mercados estrat\u00e9gicos. No entanto, a falta de defini\u00e7\u00e3o sobre a taxa de juros, que s\u00f3 ser\u00e1 conhecida ap\u00f3s reuni\u00e3o do Conselho Monet\u00e1rio Nacional na pr\u00f3xima semana, deixa no ar a pergunta central: quanto custar\u00e1, de fato, esse socorro?<\/p>\n<p>Entre os setores mais atingidos est\u00e3o o agroneg\u00f3cio, a ind\u00fastria de alimentos e bebidas, cal\u00e7ados, siderurgia e eletroeletr\u00f4nicos de nicho. No caso do agro, as perdas potenciais n\u00e3o se medem apenas em cifras, mas tamb\u00e9m em diminui\u00e7\u00e3o de espa\u00e7o nos mercados internacionais, algo que dificilmente se recupera rapidamente. Cada dia de incerteza significa oportunidade para concorrentes ocuparem o lugar do Brasil.<\/p>\n<h2 class=\"wp-block-heading\" id=\"h-o-fantasma-dos-pacotes-ineficazes\">O fantasma dos pacotes ineficazes<\/h2>\n<p>N\u00e3o \u00e9 a primeira vez que vemos an\u00fancios de pacotes bilion\u00e1rios com metas ambiciosas que, na pr\u00e1tica, n\u00e3o se materializam como prometido. A burocracia, a morosidade na libera\u00e7\u00e3o dos recursos e a falta de crit\u00e9rios claros j\u00e1 transformaram medidas emergenciais passadas em planos frustrados, que chegaram tarde ou nem chegaram aos benefici\u00e1rios.<\/p>\n<p>No campo, o produtor sabe bem o que isso significa: promessa de cr\u00e9dito que se perde entre of\u00edcios, exig\u00eancias e formul\u00e1rios intermin\u00e1veis. An\u00fancios sem execu\u00e7\u00e3o s\u00e3o como chuva que cai no mar \u2014 fazem barulho, mas n\u00e3o irrigam nada.<\/p>\n<\/div>\n<div>\n<p>O pacote tem tamb\u00e9m forte componente pol\u00edtico. Lula aproveitou o lan\u00e7amento para criticar o tarifa\u00e7o de Donald Trump, classificando-o como motivado por \u201cideologia e retalia\u00e7\u00e3o\u201d, e para defender a soberania brasileira.<\/p>\n<p>Mas h\u00e1 um teste de credibilidade em curso: transformar discurso em entrega real. Se o plano n\u00e3o for operacionalizado de forma r\u00e1pida e eficaz, o governo n\u00e3o apenas perder\u00e1 a chance de proteger setores estrat\u00e9gicos, como tamb\u00e9m refor\u00e7ar\u00e1 a percep\u00e7\u00e3o de que o an\u00fancio foi mais ret\u00f3rico do que pr\u00e1tico.<\/p>\n<p>O Congresso tem papel central, votando a MP com agilidade, mas tamb\u00e9m fiscalizando a execu\u00e7\u00e3o para que o dinheiro chegue onde precisa. J\u00e1 o setor produtivo, especialmente o agro, precisa pressionar por regras claras, juros vi\u00e1veis e desembolso r\u00e1pido, pois, no com\u00e9rcio internacional, o tempo de rea\u00e7\u00e3o \u00e9 quase t\u00e3o importante quanto o valor do aux\u00edlio.<\/p>\n<p>O \u201cBrasil Soberano\u201d pode ser um marco na defesa das exporta\u00e7\u00f5es brasileiras \u2014 ou apenas mais um cap\u00edtulo da longa lista de pacotes que morrem no papel. O resultado vai depender menos das manchetes e mais da capacidade do governo em retirar as amarras da burocracia e colocar o recurso na m\u00e3o de quem produz e vende para o mundo.<\/p>\n<div class=\"wp-block-media-text is-stacked-on-mobile\">\n<figure class=\"wp-block-media-text__media\"><img fetchpriority=\"high\" decoding=\"async\" width=\"683\" height=\"1024\" alt=\"Miguel Daoud\" class=\"wp-image-4095706 size-full\"  data-lazy- src=\"https:\/\/agromt.news\/wp-content\/uploads\/2025\/04\/Como-guerras-e-crises-moldaram-o-preco-das-commodities-nos.jpg\"\/><img decoding=\"async\" width=\"683\" height=\"1024\" src=\"https:\/\/agromt.news\/wp-content\/uploads\/2025\/04\/Como-guerras-e-crises-moldaram-o-preco-das-commodities-nos.jpg\" alt=\"Miguel Daoud\" class=\"wp-image-4095706 size-full\"  \/><\/figure>\n<div class=\"wp-block-media-text__content\">\n<p class=\"has-text-align-center\">*<em><strong>Miguel Daoud<\/strong>\u00a0\u00e9 comentarista de Economia e Pol\u00edtica\u00a0do Canal Rural<\/em><\/p>\n<\/div>\n<\/div>\n<hr class=\"wp-block-separator has-alpha-channel-opacity\"\/>\n<p><em>O\u00a0<strong>Canal Rural<\/strong>\u00a0n\u00e3o se responsabiliza pelas opini\u00f5es e conceitos emitidos nos textos desta sess\u00e3o, sendo os conte\u00fados de inteira responsabilidade de seus autores. A empresa se reserva o direito de fazer ajustes no texto para adequa\u00e7\u00e3o \u00e0s normas de publica\u00e7\u00e3o.<\/em><\/p>\n<\/p><\/div>\n<p><br \/>\n<br \/><a href=\"https:\/\/www.canalrural.com.br\/opiniao-noticias\/o-desafio-do-brasil-soberano-transformar-anuncio-em-acao-real\/\">Source link <\/a><\/p>\n","protected":false},"excerpt":{"rendered":"<p>O governo federal lan\u00e7ou, com pompa e discurso de soberania, a medida provis\u00f3ria \u201cBrasil Soberano\u201d, prevendo R$ 30 bilh\u00f5es em<\/p>\n","protected":false},"author":1,"featured_media":18560,"comment_status":"open","ping_status":"open","sticky":false,"template":"","format":"standard","meta":{"_monsterinsights_skip_tracking":false,"_monsterinsights_sitenote_active":false,"_monsterinsights_sitenote_note":"","_monsterinsights_sitenote_category":0,"_uf_show_specific_survey":0,"_uf_disable_surveys":false,"footnotes":""},"categories":[1],"tags":[],"class_list":["post-18559","post","type-post","status-publish","format-standard","has-post-thumbnail","hentry","category-news"],"_links":{"self":[{"href":"https:\/\/agromt.news\/index.php?rest_route=\/wp\/v2\/posts\/18559"}],"collection":[{"href":"https:\/\/agromt.news\/index.php?rest_route=\/wp\/v2\/posts"}],"about":[{"href":"https:\/\/agromt.news\/index.php?rest_route=\/wp\/v2\/types\/post"}],"author":[{"embeddable":true,"href":"https:\/\/agromt.news\/index.php?rest_route=\/wp\/v2\/users\/1"}],"replies":[{"embeddable":true,"href":"https:\/\/agromt.news\/index.php?rest_route=%2Fwp%2Fv2%2Fcomments&post=18559"}],"version-history":[{"count":0,"href":"https:\/\/agromt.news\/index.php?rest_route=\/wp\/v2\/posts\/18559\/revisions"}],"wp:featuredmedia":[{"embeddable":true,"href":"https:\/\/agromt.news\/index.php?rest_route=\/wp\/v2\/media\/18560"}],"wp:attachment":[{"href":"https:\/\/agromt.news\/index.php?rest_route=%2Fwp%2Fv2%2Fmedia&parent=18559"}],"wp:term":[{"taxonomy":"category","embeddable":true,"href":"https:\/\/agromt.news\/index.php?rest_route=%2Fwp%2Fv2%2Fcategories&post=18559"},{"taxonomy":"post_tag","embeddable":true,"href":"https:\/\/agromt.news\/index.php?rest_route=%2Fwp%2Fv2%2Ftags&post=18559"}],"curies":[{"name":"wp","href":"https:\/\/api.w.org\/{rel}","templated":true}]}}