{"id":18555,"date":"2025-08-14T11:34:58","date_gmt":"2025-08-14T15:34:58","guid":{"rendered":"https:\/\/agromt.news\/?p=18555"},"modified":"2025-08-14T11:34:58","modified_gmt":"2025-08-14T15:34:58","slug":"suinos-mercado-aquecido-eleva-os-precos","status":"publish","type":"post","link":"https:\/\/agromt.news\/?p=18555","title":{"rendered":"Su\u00ednos: mercado aquecido eleva os pre\u00e7os"},"content":{"rendered":"<p> <br \/>\n<\/p>\n<div>\n<figure><img decoding=\"async\" src=\"https:\/\/agromt.news\/wp-content\/uploads\/2024\/10\/Peste-suina-africana-poe-em-risco-producao-de-prosciutto-que.jpg\" alt=\"Santa Catarina - suino\" \/><figcaption>Foto: Freepik <\/figcaption><\/figure>\n<\/div>\n<p>Os pre\u00e7os do su\u00edno vivo e da carne t\u00eam registrado novas altas em praticamente todas as regi\u00f5es acompanhadas pelo <a href=\"https:\/\/www.canalrural.com.br\/tag\/cepea\/\">Centro de Estudos Avan\u00e7ados em Economia Aplicada (Cepea).<\/a><\/p>\n<p>Segundo agentes consultados pelo instituto, o impulso vem do aumento na procura pela prote\u00edna suin\u00edcola, devido ao Dia dos Pais. Al\u00e9m disso, tamb\u00e9m houve a t\u00edpica eleva\u00e7\u00e3o na demanda motivada pelo recebimento de sal\u00e1rios da popula\u00e7\u00e3o.\u00a0<\/p>\n<ul class=\"wp-block-list\">\n<li><em>Veja em primeira m\u00e3o tudo sobre agricultura, pecu\u00e1ria, economia e previs\u00e3o do tempo: <\/em><a href=\"https:\/\/news.google.com\/publications\/CAAqLQgKIidDQklTRndnTWFoTUtFV05oYm1Gc2NuVnlZV3d1WTI5dExtSnlLQUFQAQ?hl=pt-BR&amp;gl=BR&amp;ceid=BR:pt-419\"><em>siga o Canal Rural no Google News!<\/em><\/a><\/li>\n<\/ul>\n<p>No mercado da carne, apesar de registrar baixo ritmo de vendas em julho, o maior consumo na segunda semana de agosto tem elevado a liquidez envolvendo produtos de origem suin\u00edcola.<\/p>\n<p><em>*Sob supervis\u00e3o de Luis Roberto Toledo<\/em><\/p>\n<p>O post <a href=\"https:\/\/www.canalrural.com.br\/aves-e-suinos\/suinos-mercado-aquecido-eleva-os-precos\/\">Su\u00ednos: mercado aquecido eleva os pre\u00e7os<\/a> apareceu primeiro em <a href=\"https:\/\/www.canalrural.com.br\">Canal Rural<\/a>.<\/p>\n<p><br \/>\n<br \/><a href=\"https:\/\/www.canalrural.com.br\/aves-e-suinos\/suinos-mercado-aquecido-eleva-os-precos\/\">Source link <\/a><\/p>\n","protected":false},"excerpt":{"rendered":"<p>Foto: Freepik Os pre\u00e7os do su\u00edno vivo e da carne t\u00eam registrado novas altas em praticamente todas as regi\u00f5es acompanhadas<\/p>\n","protected":false},"author":1,"featured_media":3064,"comment_status":"open","ping_status":"open","sticky":false,"template":"","format":"standard","meta":{"_monsterinsights_skip_tracking":false,"_monsterinsights_sitenote_active":false,"_monsterinsights_sitenote_note":"","_monsterinsights_sitenote_category":0,"_uf_show_specific_survey":0,"_uf_disable_surveys":false,"footnotes":""},"categories":[1],"tags":[],"class_list":["post-18555","post","type-post","status-publish","format-standard","has-post-thumbnail","hentry","category-news"],"_links":{"self":[{"href":"https:\/\/agromt.news\/index.php?rest_route=\/wp\/v2\/posts\/18555"}],"collection":[{"href":"https:\/\/agromt.news\/index.php?rest_route=\/wp\/v2\/posts"}],"about":[{"href":"https:\/\/agromt.news\/index.php?rest_route=\/wp\/v2\/types\/post"}],"author":[{"embeddable":true,"href":"https:\/\/agromt.news\/index.php?rest_route=\/wp\/v2\/users\/1"}],"replies":[{"embeddable":true,"href":"https:\/\/agromt.news\/index.php?rest_route=%2Fwp%2Fv2%2Fcomments&post=18555"}],"version-history":[{"count":0,"href":"https:\/\/agromt.news\/index.php?rest_route=\/wp\/v2\/posts\/18555\/revisions"}],"wp:featuredmedia":[{"embeddable":true,"href":"https:\/\/agromt.news\/index.php?rest_route=\/wp\/v2\/media\/3064"}],"wp:attachment":[{"href":"https:\/\/agromt.news\/index.php?rest_route=%2Fwp%2Fv2%2Fmedia&parent=18555"}],"wp:term":[{"taxonomy":"category","embeddable":true,"href":"https:\/\/agromt.news\/index.php?rest_route=%2Fwp%2Fv2%2Fcategories&post=18555"},{"taxonomy":"post_tag","embeddable":true,"href":"https:\/\/agromt.news\/index.php?rest_route=%2Fwp%2Fv2%2Ftags&post=18555"}],"curies":[{"name":"wp","href":"https:\/\/api.w.org\/{rel}","templated":true}]}}