{"id":18554,"date":"2025-08-14T11:26:54","date_gmt":"2025-08-14T15:26:54","guid":{"rendered":"https:\/\/agromt.news\/?p=18554"},"modified":"2025-08-14T11:26:54","modified_gmt":"2025-08-14T15:26:54","slug":"soja-sobe-em-chicago-com-apoio-do-usda-e-clima-seco","status":"publish","type":"post","link":"https:\/\/agromt.news\/?p=18554","title":{"rendered":"Soja sobe em Chicago com apoio do USDA e clima seco"},"content":{"rendered":"<p> <br \/>\n<\/p>\n<div>\n<p>A <a href=\"https:\/\/www.agrolink.com.br\/culturas\/soja?utm_source=agrolink-detalhe-noticia&amp;utm_medium=detalhe-noticia&amp;utm_campaign=links-internos\" target=\"_blank\" rel=\"noopener\">soja<\/a> negociada na Bolsa de Chicago (CBOT) encerrou a quarta-feira em alta, impulsionada por um relat\u00f3rio positivo do Departamento de Agricultura dos Estados Unidos (USDA) e pelo pr\u00eamio de risco clim\u00e1tico. Segundo informa\u00e7\u00f5es da TF Agroecon\u00f4mica, o contrato de setembro, refer\u00eancia para a safra brasileira, subiu 1,11% (US$ 11,20\/bushel), a US$ 1.024,00, enquanto novembro avan\u00e7ou 1,11% (US$ 11,40\/bushel), a US$ 1.044,20. No farelo, setembro ganhou 1,99% (US$ 5,60\/ton curta), a US$ 287,00, e o \u00f3leo para o mesmo m\u00eas subiu 0,28% (US$ 0,15\/libra-peso), a US$ 53,39.&#13;\n<\/p>\n<p>A valoriza\u00e7\u00e3o foi sustentada pela redu\u00e7\u00e3o nas proje\u00e7\u00f5es da safra norte-americana, que passaram de 117,98 para 116,82 milh\u00f5es de toneladas, abaixo das estimativas do mercado (118,80 milh\u00f5es). Os estoques finais tamb\u00e9m foram ajustados para baixo, de 8,44 para 7,89 milh\u00f5es de toneladas, contra previs\u00e3o anterior de 9,50 milh\u00f5es. Esses dados refor\u00e7aram a recompra de posi\u00e7\u00f5es e mantiveram o ritmo de alta iniciado no in\u00edcio da semana.&#13;\n<\/p>\n<p>Al\u00e9m disso, previs\u00f5es clim\u00e1ticas indicam tempo mais seco no cintur\u00e3o agr\u00edcola dos EUA nos pr\u00f3ximos dias, fator que pode beneficiar a colheita do milho, mas ainda preocupa a soja, em fase cr\u00edtica de desenvolvimento. A possibilidade de que a escassez de chuvas afete as lavouras levou investidores a adicionar um pr\u00eamio de risco clim\u00e1tico \u00e0s cota\u00e7\u00f5es. A previs\u00e3o estendida de 8 a 14 dias segue indicando precipita\u00e7\u00f5es abaixo da m\u00e9dia para grande parte das \u00e1reas produtoras de soja e milho no Centro-Oeste americano, cen\u00e1rio que mant\u00e9m o vi\u00e9s altista no mercado internacional.<br \/>&#13;<br \/>\n\u00a0&#13;\n<\/p>\n<\/p><\/div>\n<p><script data-cfasync=\"false\">\n    !function (f, b, e, v, n, t, s) {\n        if (f.fbq) return; n = f.fbq = function () {\n            n.callMethod ?\n                n.callMethod.apply(n, arguments) : n.queue.push(arguments)\n        };\n        if (!f._fbq) f._fbq = n; n.push = n; n.loaded = !0; n.version = '2.0';\n        n.queue = []; t = b.createElement(e); t.async = !0;\n        t.src = v; s = b.getElementsByTagName(e)[0];\n        s.parentNode.insertBefore(t, s)\n    }(window, document, 'script',\n        'https:\/\/connect.facebook.net\/en_US\/fbevents.js');\n    fbq('init', '522546078623747');\n    fbq('track', 'PageView');\n<\/script><br \/>\n<br \/><br \/>\n<br \/><a href=\"https:\/\/www.agrolink.com.br\/noticias\/soja-sobe-em-chicago-com-apoio-do-usda-e-clima-seco_504917.html\">Source link <\/a><\/p>\n","protected":false},"excerpt":{"rendered":"<p>A soja negociada na Bolsa de Chicago (CBOT) encerrou a quarta-feira em alta, impulsionada por um relat\u00f3rio positivo do Departamento<\/p>\n","protected":false},"author":1,"featured_media":13202,"comment_status":"open","ping_status":"open","sticky":false,"template":"","format":"standard","meta":{"_monsterinsights_skip_tracking":false,"_monsterinsights_sitenote_active":false,"_monsterinsights_sitenote_note":"","_monsterinsights_sitenote_category":0,"_uf_show_specific_survey":0,"_uf_disable_surveys":false,"footnotes":""},"categories":[8,1,14],"tags":[],"class_list":["post-18554","post","type-post","status-publish","format-standard","has-post-thumbnail","hentry","category-agro","category-news","category-politica-agro"],"_links":{"self":[{"href":"https:\/\/agromt.news\/index.php?rest_route=\/wp\/v2\/posts\/18554"}],"collection":[{"href":"https:\/\/agromt.news\/index.php?rest_route=\/wp\/v2\/posts"}],"about":[{"href":"https:\/\/agromt.news\/index.php?rest_route=\/wp\/v2\/types\/post"}],"author":[{"embeddable":true,"href":"https:\/\/agromt.news\/index.php?rest_route=\/wp\/v2\/users\/1"}],"replies":[{"embeddable":true,"href":"https:\/\/agromt.news\/index.php?rest_route=%2Fwp%2Fv2%2Fcomments&post=18554"}],"version-history":[{"count":0,"href":"https:\/\/agromt.news\/index.php?rest_route=\/wp\/v2\/posts\/18554\/revisions"}],"wp:featuredmedia":[{"embeddable":true,"href":"https:\/\/agromt.news\/index.php?rest_route=\/wp\/v2\/media\/13202"}],"wp:attachment":[{"href":"https:\/\/agromt.news\/index.php?rest_route=%2Fwp%2Fv2%2Fmedia&parent=18554"}],"wp:term":[{"taxonomy":"category","embeddable":true,"href":"https:\/\/agromt.news\/index.php?rest_route=%2Fwp%2Fv2%2Fcategories&post=18554"},{"taxonomy":"post_tag","embeddable":true,"href":"https:\/\/agromt.news\/index.php?rest_route=%2Fwp%2Fv2%2Ftags&post=18554"}],"curies":[{"name":"wp","href":"https:\/\/api.w.org\/{rel}","templated":true}]}}