{"id":18551,"date":"2025-08-14T09:50:40","date_gmt":"2025-08-14T13:50:40","guid":{"rendered":"https:\/\/agromt.news\/?p=18551"},"modified":"2025-08-14T09:50:40","modified_gmt":"2025-08-14T13:50:40","slug":"fundo-garantidor-de-credito-e-aposta-do-governo-para-aumentar-exportacoes-do-brasil","status":"publish","type":"post","link":"https:\/\/agromt.news\/?p=18551","title":{"rendered":"Fundo Garantidor de Cr\u00e9dito \u00e9 aposta do governo para aumentar exporta\u00e7\u00f5es do Brasil"},"content":{"rendered":"<p> <br \/>\n<br \/><img decoding=\"async\" src=\"https:\/\/agromt.news\/wp-content\/uploads\/2025\/07\/Antes-do-tarifaco-agro-baiano-exportou-R-302-milhoes-aos.jpg\" \/><\/p>\n<div>\n<p>O governo federal aposta em uma reforma estrutural ampla no sistema de garantias \u00e0 exporta\u00e7\u00e3o, por meio do Fundo Garantidor de Cr\u00e9dito \u00e0 Exporta\u00e7\u00e3o (FGCE), para elevar o patamar de competitividade das empresas brasileiras no com\u00e9rcio exterior. Embora a medida tenha sido apresentada como <a href=\"https:\/\/www.canalrural.com.br\/economia\/governo-anuncia-pacote-de-ajuda-a-setores-afetados-pelo-tarifaco-dos-eua-veja-quais-sao-as-medidas\/\">resposta ao tarifa\u00e7o anunciado pelos Estados Unidos<\/a>, a equipe econ\u00f4mica afirma que o objetivo \u00e9 mais amplo, de modernizar o suporte \u00e0s exporta\u00e7\u00f5es e incentivar a busca por novos mercados, al\u00e9m de reduzir o risco aos cofres da Uni\u00e3o.<\/p>\n<p>O detalhamento foi feito na quarta (13) pela equipe econ\u00f4mica, durante a apresenta\u00e7\u00e3o do pacote de medidas anunciado para dar suporte \u00e0s empresas afetadas pelas tarifas mais altas impostas pelo presidente dos EUA, Donald Trump. A ideia \u00e9 modernizar o sistema de exporta\u00e7\u00e3o com instrumentos que protegem o exportador contra riscos como inadimpl\u00eancia ou cancelamento de contratos, segundo o Minist\u00e9rio da Fazenda.<\/p>\n<p>Em entrevista coletiva, o secret\u00e1rio do Tesouro, Rog\u00e9rio Ceron, explicou que a medida reduz o risco de impacto prim\u00e1rio da Uni\u00e3o. Atualmente, 100% do risco das opera\u00e7\u00f5es fica concentrado no Fundo de Garantia \u00e0 Exporta\u00e7\u00e3o (FGE) e, em caso de sinistro, a Uni\u00e3o arca integralmente com o custo, registrado como despesa prim\u00e1ria. Com a reforma, segundo Ceron, o FGCE funcionar\u00e1 como uma esp\u00e9cie de \u201ccamada\u201d para absorver pequenas perdas. Nesse modelo, o fundo vai absorvendo sinistros menores ao longo do tempo, financiados com o pr\u00f3prio pr\u00eamio recebido, mantendo o ciclo de opera\u00e7\u00e3o sem que cada ocorr\u00eancia gere impacto fiscal integral imediato.<\/p>\n<p><em>Veja em primeira m\u00e3o tudo sobre agricultura, pecu\u00e1ria, economia e previs\u00e3o do tempo:<\/em><a href=\"https:\/\/news.google.com\/publications\/CAAqBwgKMPKZlQswq_mqAw?hl=pt-BR&amp;gl=BR&amp;ceid=BR%3Apt-419\" target=\"_blank\" rel=\"noreferrer noopener\"><em>\u00a0siga o Canal Rural no Google News!<\/em><\/a><\/p>\n<p>\u201cCom essa medida transfiro boa parte do risco para FGCE, e s\u00f3 em caso muito extremo, se tiver acionamento de sinistro elevado, que a\u00ed teria risco residual de ter impacto prim\u00e1rio para Uni\u00e3o, mas ainda assim com previsibilidade, programando para a pe\u00e7a or\u00e7ament\u00e1ria do exerc\u00edcio seguinte. Hoje, se acontecer um sinistro, a gente tem que ir no bimestral correr para suportar esse sinistro\u201d, explicou. <\/p>\n<p>Ceron afirmou que a reforma ter\u00e1 vi\u00e9s pr\u00f3-mercado, com ampla parceria p\u00fablico-privada. A operacionaliza\u00e7\u00e3o do FGCE, segundo ele, trar\u00e1 mais flexibilidade ao seguro de cr\u00e9dito \u00e0 exporta\u00e7\u00e3o, viabilizando a atua\u00e7\u00e3o conjunta com institui\u00e7\u00f5es financeiras para ampliar a capilaridade e facilitar o acesso das empresas a instrumentos de apoio.<\/p>\n<p>Ele comparou o novo modelo \u00e0 l\u00f3gica do mercado de seguros, em que uma seguradora re\u00fane diversas opera\u00e7\u00f5es em uma carteira e, para n\u00e3o concentrar todo o risco no pr\u00f3prio balan\u00e7o, repassa parte dele a outras seguradoras, que passam a dividir tanto o pr\u00eamio quanto a responsabilidade em caso de sinistro.<\/p>\n<\/div>\n<div>\n<p>\u201cAqui a gente vai permitir a mesma coisa. \u00c9 interesse das seguradoras compartilhar. Camada do risco fica com fundo, e uma camada fica com a seguradora. Assim compartilha mais risco e com isso consegue alavancar e desenvolver melhor este mercado\u201d, explicou. <\/p>\n<p><b>Micro e pequenas empresas<\/b><\/p>\n<p>Segundo ele, o novo modelo, por meio do FGCE, vai beneficiar especialmente micro, pequenas e m\u00e9dias empresas, al\u00e9m daquelas com ciclos produtivos curtos, ao permitir que a garantia das opera\u00e7\u00f5es de exporta\u00e7\u00e3o seja concedida por carteira, e n\u00e3o mais analisada individualmente a cada opera\u00e7\u00e3o. Hoje, cada exporta\u00e7\u00e3o que conta com seguro passa por avalia\u00e7\u00e3o caso a caso, o que eleva o custo de transa\u00e7\u00e3o e reduz a celeridade, tornando o sistema de seguros praticamente acess\u00edvel apenas a opera\u00e7\u00f5es de longo prazo e a grandes companhias.<\/p>\n<p>\u201cIsso muda completamente o custo de transa\u00e7\u00e3o e o tempo de an\u00e1lise de aprova\u00e7\u00f5es. Para micro e pequenas empresas, muda completamente as condi\u00e7\u00f5es\u201d, disse Ceron. Ele citou que, no Brasil, o volume das exporta\u00e7\u00f5es feitas por micro e pequenas empresas soma menos de 1% do total, enquanto na It\u00e1lia essa participa\u00e7\u00e3o chega a cerca de 30%.<\/p>\n<p>No caso do seguro e do financiamento \u00e0s exporta\u00e7\u00f5es, o secret\u00e1rio apontou que, no FGE, micro e pequenas empresas tamb\u00e9m participam de menos de 1% das opera\u00e7\u00f5es. Em pa\u00edses como \u00cdndia e Coreia do Sul, quase 40% do que \u00e9 destinado ao seguro de cr\u00e9dito \u00e0 exporta\u00e7\u00e3o vai para companhias desse porte. \u201cO Brasil tem infraestrutura financeira de suporte \u00e0s exporta\u00e7\u00f5es que n\u00e3o colabora com a inser\u00e7\u00e3o das menores empresas\u201d, afirmou.<\/p>\n<p>O governo tamb\u00e9m vai propor uma mudan\u00e7a regulat\u00f3ria no prazo m\u00ednimo das opera\u00e7\u00f5es amparadas pelo FGE, hoje restrito a cr\u00e9ditos acima de dois anos \u2013 regra que acaba excluindo pautas como exporta\u00e7\u00e3o de perec\u00edveis e de manufaturados de menor densidade tecnol\u00f3gica, segmentos nos quais predominam micro, pequenas e m\u00e9dias empresas.<\/p>\n<\/p><\/div>\n<p><br \/>\n<br \/><a href=\"https:\/\/www.canalrural.com.br\/economia\/veja-como-vai-funcionar-o-fgce-aposta-do-governo-para-elevar-nivel-de-exportacao-do-brasil\/\">Source link <\/a><\/p>\n","protected":false},"excerpt":{"rendered":"<p>O governo federal aposta em uma reforma estrutural ampla no sistema de garantias \u00e0 exporta\u00e7\u00e3o, por meio do Fundo Garantidor<\/p>\n","protected":false},"author":1,"featured_media":17742,"comment_status":"open","ping_status":"open","sticky":false,"template":"","format":"standard","meta":{"_monsterinsights_skip_tracking":false,"_monsterinsights_sitenote_active":false,"_monsterinsights_sitenote_note":"","_monsterinsights_sitenote_category":0,"_uf_show_specific_survey":0,"_uf_disable_surveys":false,"footnotes":""},"categories":[1],"tags":[],"class_list":["post-18551","post","type-post","status-publish","format-standard","has-post-thumbnail","hentry","category-news"],"_links":{"self":[{"href":"https:\/\/agromt.news\/index.php?rest_route=\/wp\/v2\/posts\/18551"}],"collection":[{"href":"https:\/\/agromt.news\/index.php?rest_route=\/wp\/v2\/posts"}],"about":[{"href":"https:\/\/agromt.news\/index.php?rest_route=\/wp\/v2\/types\/post"}],"author":[{"embeddable":true,"href":"https:\/\/agromt.news\/index.php?rest_route=\/wp\/v2\/users\/1"}],"replies":[{"embeddable":true,"href":"https:\/\/agromt.news\/index.php?rest_route=%2Fwp%2Fv2%2Fcomments&post=18551"}],"version-history":[{"count":0,"href":"https:\/\/agromt.news\/index.php?rest_route=\/wp\/v2\/posts\/18551\/revisions"}],"wp:featuredmedia":[{"embeddable":true,"href":"https:\/\/agromt.news\/index.php?rest_route=\/wp\/v2\/media\/17742"}],"wp:attachment":[{"href":"https:\/\/agromt.news\/index.php?rest_route=%2Fwp%2Fv2%2Fmedia&parent=18551"}],"wp:term":[{"taxonomy":"category","embeddable":true,"href":"https:\/\/agromt.news\/index.php?rest_route=%2Fwp%2Fv2%2Fcategories&post=18551"},{"taxonomy":"post_tag","embeddable":true,"href":"https:\/\/agromt.news\/index.php?rest_route=%2Fwp%2Fv2%2Ftags&post=18551"}],"curies":[{"name":"wp","href":"https:\/\/api.w.org\/{rel}","templated":true}]}}