{"id":18546,"date":"2025-08-14T07:38:11","date_gmt":"2025-08-14T11:38:11","guid":{"rendered":"https:\/\/agromt.news\/?p=18546"},"modified":"2025-08-14T07:38:11","modified_gmt":"2025-08-14T11:38:11","slug":"deslocamento-de-nova-frente-fria-mantem-as-temperaturas-baixas-no-pais-veja-a-previsao-do-tempo-para-hoje","status":"publish","type":"post","link":"https:\/\/agromt.news\/?p=18546","title":{"rendered":"Deslocamento de nova frente fria mant\u00e9m as temperaturas baixas no pa\u00eds; veja a previs\u00e3o do tempo para hoje"},"content":{"rendered":"<p> <br \/>\n<br \/><img decoding=\"async\" src=\"https:\/\/agromt.news\/wp-content\/uploads\/2025\/08\/Deslocamento-de-nova-frente-fria-mantem-as-temperaturas-baixas-no.jpg\" \/><\/p>\n<div>\n<p>O avan\u00e7o de uma nova frente fria ao largo da costa nesta quinta-feira (14) deve favorecer a entrada de umidade oce\u00e2nica em dire\u00e7\u00e3o ao continente, estimulando assim a forma\u00e7\u00e3o de nuvens carregadas e a ocorr\u00eancia de chuva fraca e isolada em algumas \u00e1reas da regi\u00e3o Sul. No Rio Grande do Sul, teremos uma maior forma\u00e7\u00e3o de nebulosidade sobre o estado, com condi\u00e7\u00f5es para chuviscos isolados nas regi\u00f5es sul, costa doce, regi\u00e3o metropolitana, serra e litoral.<\/p>\n<p>Em Santa Catarina e no Paran\u00e1, pode chover r\u00e1pido em alguns pontos r\u00e1pidos do corredor litor\u00e2neo. A massa de ar polar associada \u00e0 essa nova frente fria estar\u00e1 centralizada sobre o Uruguai e j\u00e1 come\u00e7a a influenciar nas condi\u00e7\u00f5es de tempo sobre parte da regi\u00e3o \u2013 mantendo as temperaturas mais baixas, especialmente no Rio Grande do Sul. Ainda cedo, algumas cidades mais elevadas da campanha e serra ga\u00facha, na regi\u00e3o central e serra catarinense, al\u00e9m de \u00e1reas mais elevadas do sul paranaense, podem contar com a forma\u00e7\u00e3o de geada. Na parte da tarde, o ar seco continua predominando entre o norte e noroeste paranaense e pode provocar novamente a queda acentuada dos \u00edndices de umidade relativa do ar \u2013 que devem variar entre 21% e 30%.<\/p>\n<p>No Sudeste, o deslocamento da frente fria sobre o oceano deve direcionar novamente a entrada de umidade sobre o litoral de S\u00e3o Paulo e do Rio de Janeiro \u2013 al\u00e9m de promover a ocorr\u00eancia de rajadas de vento moderada ao longo do dia sobre a faixa leste paulista e na capital fluminense. Em ambas as regi\u00f5es, o c\u00e9u deve permanecer mais encoberto e as pancadas de chuva come\u00e7am j\u00e1 no fim da manh\u00e3, persistindo nas horas subsequentes \u2013 variando entre fraca e moderada intensidade. H\u00e1 risco para eventuais epis\u00f3dios de chuva forte localizada em alguns intervalos do dia.<\/p>\n<p>No interior paulista, o predom\u00ednio segue sendo de tempo firme, as temperaturas j\u00e1 sobem menos em compara\u00e7\u00e3o ao dia anterior, por conta da circula\u00e7\u00e3o de ventos mais frios associados \u00e0 massa de ar polar que veio na retaguarda da frente fria, ainda assim n\u00e3o deve fazer frio \u2013 apenas uma sensa\u00e7\u00e3o mais amena. A exce\u00e7\u00e3o deve ficar em torno de \u00e1reas do norte paulista, onde o calor mais expressivo ainda deve marcar presen\u00e7a \u00e0 tarde. A umidade relativa do ar tamb\u00e9m continua em n\u00edveis cr\u00edticos na regi\u00e3o, com risco para os valores ficarem abaixo de 20%. No extremo norte de SP, h\u00e1 risco para que os \u00edndices de umidade relativa do ar fiquem abaixo de 12% durante as horas mais quentes. Minas Gerais segue sob influ\u00eancia dessa massa de ar seca do interior do pa\u00eds, e deve ter um dia quente e com baixa umidade do ar. O Esp\u00edrito Santo ainda pode contar com algumas pancadas de chuva fraca isoladas, associadas \u00e0 infiltra\u00e7\u00e3o mar\u00edtima.<\/p>\n<\/div>\n<div>\n<p>Enquanto no Centro-Oeste, novamente o predom\u00ednio ser\u00e1 de tempo aberto em todos os estados. No Mato Grosso do Sul, as m\u00ednimas seguem mais baixas nas primeiras horas da manh\u00e3. No decorrer do dia, o sol predomina entre algumas nuvens e favorece o aumento dos term\u00f4metros. Calor marca presen\u00e7a em toda a regi\u00e3o \u00e0 tarde, na medida em que a massa de ar seca estimula a queda acentuada dos \u00edndices de umidade relativa do ar \u2013 que novamente entram nos limiares cr\u00edticos. Campo Grande, Cuiab\u00e1 e Goi\u00e2nia em alerta para baixa umidade, com valores abaixo de 20% \u00e0 tarde. O cen\u00e1rio de maior aten\u00e7\u00e3o segue entre Mato Grosso e Goi\u00e1s, al\u00e9m de algumas \u00e1reas no extremo nordeste de Mato Grosso do Sul, com valores abaixo de 12% durante as horas mais quentes.<\/p>\n<p><em>Veja em primeira m\u00e3o tudo sobre agricultura, pecu\u00e1ria, economia e previs\u00e3o do tempo:<\/em><a href=\"https:\/\/news.google.com\/publications\/CAAqBwgKMPKZlQswq_mqAw?hl=pt-BR&amp;gl=BR&amp;ceid=BR%3Apt-419\" target=\"_blank\" rel=\"noreferrer noopener\"><em>\u00a0siga o Canal Rural no Google News!<\/em><\/a><\/p>\n<p>J\u00e1 no Nordeste, a infiltra\u00e7\u00e3o de umidade mar\u00edtima sobre o continente mant\u00e9m a chuva na regi\u00e3o do rec\u00f4ncavo baiano, e tamb\u00e9m entre o litoral de Pernambuco e Natal, com pancadas de chuva que variam entre fraca e moderada intensidade. Nas regi\u00f5es, h\u00e1 risco de chuva forte em alguns intervalos do dia. Nas demais regi\u00f5es, o tempo firme deve predominar, com destaque para o calor e a baixa umidade do ar \u00e0 tarde. Em algumas regi\u00f5es do sert\u00e3o nordestino, a umidade relativa do ar deve ficar abaixo de 20% durante as horas mais quentes. Al\u00e9m da chuva e do tempo seco, as rajadas de vento ganham destaque no decorrer do dia, com ventos que variam entre 40 e 50 km\/h, independente da ocorr\u00eancia de chuva. No litoral do Piau\u00ed, do Maranh\u00e3o e do Cear\u00e1, as rajadas podem ultrapassar os 51 km\/h.<\/p>\n<p>E na regi\u00e3o Norte, as instabilidades devem continuar se espalhando entre o Amazonas, Par\u00e1, Roraima e o Amap\u00e1, ainda em decorr\u00eancia da presen\u00e7a de umidade e algumas perturba\u00e7\u00f5es em n\u00edveis mais baixos da atmosfera. Ao longo do dia, o sol ainda aparece entre nebulosidade vari\u00e1vel, e as pancadas de chuva variam entre moderada a forte intensidade, incidindo ainda de forma mais irregular. N\u00e3o est\u00e3o descartados eventuais temporais localizados. Pode chover tamb\u00e9m de maneira isolada no norte do Tocantins. Acre e Rond\u00f4nia seguem com bastante calor e tempo firme.<\/p>\n<div data-icp-cta=\"1\" id=\"icp-cta-unique\">Voc\u00ea quer entender como usar o clima a seu favor?<b> <\/b><a href=\"https:\/\/climacampo.canalrural.com.br\/climacampo_-01\">Preparamos um e-book exclusivo<\/a> para ajudar produtores rurais a se antecipar \u00e0s mudan\u00e7as do tempo e planejar melhor suas a\u00e7\u00f5es. Com base em previs\u00f5es meteorol\u00f3gicas confi\u00e1veis, ele oferece orienta\u00e7\u00f5es pr\u00e1ticas para proteger sua lavoura e otimizar seus resultados.<\/div>\n<\/div>\n<p><br \/>\n<br \/><a href=\"https:\/\/www.canalrural.com.br\/tempo\/deslocamento-de-nova-frente-fria-mantem-as-temperaturas-baixas-no-pais-veja-a-previsao-do-tempo-para-hoje\/\">Source link <\/a><\/p>\n","protected":false},"excerpt":{"rendered":"<p>O avan\u00e7o de uma nova frente fria ao largo da costa nesta quinta-feira (14) deve favorecer a entrada de umidade<\/p>\n","protected":false},"author":1,"featured_media":18547,"comment_status":"open","ping_status":"open","sticky":false,"template":"","format":"standard","meta":{"_monsterinsights_skip_tracking":false,"_monsterinsights_sitenote_active":false,"_monsterinsights_sitenote_note":"","_monsterinsights_sitenote_category":0,"_uf_show_specific_survey":0,"_uf_disable_surveys":false,"footnotes":""},"categories":[1],"tags":[],"class_list":["post-18546","post","type-post","status-publish","format-standard","has-post-thumbnail","hentry","category-news"],"_links":{"self":[{"href":"https:\/\/agromt.news\/index.php?rest_route=\/wp\/v2\/posts\/18546"}],"collection":[{"href":"https:\/\/agromt.news\/index.php?rest_route=\/wp\/v2\/posts"}],"about":[{"href":"https:\/\/agromt.news\/index.php?rest_route=\/wp\/v2\/types\/post"}],"author":[{"embeddable":true,"href":"https:\/\/agromt.news\/index.php?rest_route=\/wp\/v2\/users\/1"}],"replies":[{"embeddable":true,"href":"https:\/\/agromt.news\/index.php?rest_route=%2Fwp%2Fv2%2Fcomments&post=18546"}],"version-history":[{"count":0,"href":"https:\/\/agromt.news\/index.php?rest_route=\/wp\/v2\/posts\/18546\/revisions"}],"wp:featuredmedia":[{"embeddable":true,"href":"https:\/\/agromt.news\/index.php?rest_route=\/wp\/v2\/media\/18547"}],"wp:attachment":[{"href":"https:\/\/agromt.news\/index.php?rest_route=%2Fwp%2Fv2%2Fmedia&parent=18546"}],"wp:term":[{"taxonomy":"category","embeddable":true,"href":"https:\/\/agromt.news\/index.php?rest_route=%2Fwp%2Fv2%2Fcategories&post=18546"},{"taxonomy":"post_tag","embeddable":true,"href":"https:\/\/agromt.news\/index.php?rest_route=%2Fwp%2Fv2%2Ftags&post=18546"}],"curies":[{"name":"wp","href":"https:\/\/api.w.org\/{rel}","templated":true}]}}