{"id":18542,"date":"2025-08-14T05:41:30","date_gmt":"2025-08-14T09:41:30","guid":{"rendered":"https:\/\/agromt.news\/?p=18542"},"modified":"2025-08-14T05:41:30","modified_gmt":"2025-08-14T09:41:30","slug":"reflexos-do-pacote-para-mitigar-o-tarifaco-dos-eua-estao-na-pauta-economica-do-dia","status":"publish","type":"post","link":"https:\/\/agromt.news\/?p=18542","title":{"rendered":"Reflexos do pacote para mitigar o tarifa\u00e7o dos EUA est\u00e3o na pauta econ\u00f4mica do dia"},"content":{"rendered":"<p> <br \/>\n<\/p>\n<div>\n<p>No morning call de hoje, a economista-chefe do PicPay, Ariane Benedito, comenta que o governo anunciou pacote para mitigar o tarifa\u00e7o dos EUA sem alterar a meta fiscal. <\/p>\n<p>Vendas no varejo decepcionaram, e o Ibovespa caiu 0,89% a 136 mil pontos. O d\u00f3lar subiu a R$ 5,40 e os juros futuros avan\u00e7aram levemente. L\u00e1 fora, bolsas de NY renovaram recordes com expectativa de corte de 50 pontos-base pelo Fed em setembro. <\/p>\n<p><iframe title=\"Reflexos do pacote para mitigar o tarifa\u00e7o dos EUA est\u00e3o na pauta econ\u00f4mica do dia\" width=\"800\" height=\"450\" src=\"https:\/\/www.youtube.com\/embed\/sq32xnyv378?feature=oembed\" frameborder=\"0\" allow=\"accelerometer; autoplay; clipboard-write; encrypted-media; gyroscope; picture-in-picture; web-share\" referrerpolicy=\"strict-origin-when-cross-origin\" allowfullscreen><\/iframe><noscript><iframe title=\"Reflexos do pacote para mitigar o tarifa\u00e7o dos EUA est\u00e3o na pauta econ\u00f4mica do dia\" width=\"800\" height=\"450\" src=\"https:\/\/www.youtube.com\/embed\/sq32xnyv378?feature=oembed\" frameborder=\"0\" allow=\"accelerometer; autoplay; clipboard-write; encrypted-media; gyroscope; picture-in-picture; web-share\" referrerpolicy=\"strict-origin-when-cross-origin\" allowfullscreen><\/iframe><\/noscript><\/p>\n<p>Hoje, aten\u00e7\u00e3o ao PIB da zona do euro, PPI nos EUA e dados locais de infla\u00e7\u00e3o e consumo.<\/p>\n<\/div>\n<div>\n<p>Ou\u00e7a o\u00a0<strong><a href=\"http:\/\/www.canalrural.com.br\/tag\/diario-economico\/\">Di\u00e1rio Econ\u00f4mico<\/a><\/strong>, o podcast do PicPay que traz tudo que voc\u00ea precisa saber sobre economia para come\u00e7ar o seu dia, com base nas principais not\u00edcias que impactam o mercado financeiro.<\/p>\n<p>Para mais conte\u00fados de <a href=\"https:\/\/www.bomdiamercado.com.br\/mercado-financeiro\/\">mercado financeiro<\/a>, acesse: <a href=\"https:\/\/www.bomdiamercado.com.br\/\">Bom Dia Mercado<\/a>!<\/p>\n<figure class=\"wp-block-image size-large\"><img fetchpriority=\"high\" fetchpriority=\"high\" decoding=\"async\" width=\"1024\" height=\"576\" src=\"https:\/\/agromt.news\/wp-content\/uploads\/2025\/02\/Mercado-segue-atento-a-Trump-e-ha-risco-de-inflacao.jpeg\" alt=\"Ariane Benedito, apresentadora do podcast Di\u00e1rio Econ\u00f4mico\" class=\"wp-image-4078300\"  \/><figcaption class=\"wp-element-caption\">Foto: divulga\u00e7\u00e3o<\/figcaption><\/figure>\n<\/p><\/div>\n<p><br \/>\n<br \/><a href=\"https:\/\/www.canalrural.com.br\/economia\/reflexos-do-pacote-para-mitigar-o-tarifaco-dos-eua-estao-na-pauta-economica-do-dia\/\">Source link <\/a><\/p>\n","protected":false},"excerpt":{"rendered":"<p>No morning call de hoje, a economista-chefe do PicPay, Ariane Benedito, comenta que o governo anunciou pacote para mitigar o<\/p>\n","protected":false},"author":1,"featured_media":9860,"comment_status":"open","ping_status":"open","sticky":false,"template":"","format":"standard","meta":{"_monsterinsights_skip_tracking":false,"_monsterinsights_sitenote_active":false,"_monsterinsights_sitenote_note":"","_monsterinsights_sitenote_category":0,"_uf_show_specific_survey":0,"_uf_disable_surveys":false,"footnotes":""},"categories":[1],"tags":[],"class_list":["post-18542","post","type-post","status-publish","format-standard","has-post-thumbnail","hentry","category-news"],"_links":{"self":[{"href":"https:\/\/agromt.news\/index.php?rest_route=\/wp\/v2\/posts\/18542"}],"collection":[{"href":"https:\/\/agromt.news\/index.php?rest_route=\/wp\/v2\/posts"}],"about":[{"href":"https:\/\/agromt.news\/index.php?rest_route=\/wp\/v2\/types\/post"}],"author":[{"embeddable":true,"href":"https:\/\/agromt.news\/index.php?rest_route=\/wp\/v2\/users\/1"}],"replies":[{"embeddable":true,"href":"https:\/\/agromt.news\/index.php?rest_route=%2Fwp%2Fv2%2Fcomments&post=18542"}],"version-history":[{"count":0,"href":"https:\/\/agromt.news\/index.php?rest_route=\/wp\/v2\/posts\/18542\/revisions"}],"wp:featuredmedia":[{"embeddable":true,"href":"https:\/\/agromt.news\/index.php?rest_route=\/wp\/v2\/media\/9860"}],"wp:attachment":[{"href":"https:\/\/agromt.news\/index.php?rest_route=%2Fwp%2Fv2%2Fmedia&parent=18542"}],"wp:term":[{"taxonomy":"category","embeddable":true,"href":"https:\/\/agromt.news\/index.php?rest_route=%2Fwp%2Fv2%2Fcategories&post=18542"},{"taxonomy":"post_tag","embeddable":true,"href":"https:\/\/agromt.news\/index.php?rest_route=%2Fwp%2Fv2%2Ftags&post=18542"}],"curies":[{"name":"wp","href":"https:\/\/api.w.org\/{rel}","templated":true}]}}