{"id":18539,"date":"2025-08-13T23:47:06","date_gmt":"2025-08-14T03:47:06","guid":{"rendered":"https:\/\/agromt.news\/?p=18539"},"modified":"2025-08-13T23:47:06","modified_gmt":"2025-08-14T03:47:06","slug":"aumento-da-mistura-de-etanol-na-gasolina-pressiona-precos","status":"publish","type":"post","link":"https:\/\/agromt.news\/?p=18539","title":{"rendered":"aumento da mistura de etanol na gasolina pressiona pre\u00e7os"},"content":{"rendered":"<p> <br \/>\n<\/p>\n<div>\n<div class=\"row\">\n<div class=\"col-lg col-infos mt-0 mt-lg-0\">\n<div class=\"section-sub-title\">\n<p itemprop=\"description\">&#13;<br \/>\n                                No Brasil, os pre\u00e7os internos permaneceram firmes&#13;\n                            <\/p>\n<\/p><\/div>\n<div class=\"container\">\n<div class=\"row\">\n<div class=\"col-lg p-0\">\n<div>\n<div class=\"block-news-main-infos mt-3 text-start\">\n<p>                                            <strong class=\"fn\" itemprop=\"author\" style=\"color: rgb(112, 112, 112); \">&#13;<br \/>\n                                                <a href=\"https:\/\/www.agrolink.com.br\/noticias\/javascript:;\" class=\"text-uppercase\" target=\"_blank\" style=\"color: rgb(112, 112, 112); \" rel=\"noopener\">Agrolink<\/a>&#13;<br \/>\n&#13;<br \/>\n                                                    &#8211; Aline Merladete&#13;<br \/>\n&#13;<br \/>\n                                            <\/strong><br \/>\n                                        <\/p>\n<p>                                            <abbr><time datetime=\"2025-08-12T16:13\" itemprop=\"datePublished dateModified\">Publicado em 12\/08\/2025 \u00e0s 16:13h.<\/time><\/abbr><br \/>\n                                            <\/p><\/div>\n<\/p><\/div>\n<\/p><\/div>\n<div class=\"col-lg p-0 text-lg-end\">\n<div>\n<div id=\"mdEnviarPagina\" class=\"modal fade\" role=\"dialog\">\n<div class=\"modal-dialog\">\n<div class=\"modal-content\">\n<div class=\"modal-body\">\n<p><strong>Estimado usu\u00e1rio.<\/strong><br \/>Preencha o formul\u00e1rio abaixo para remeter a p\u00e1gina.<\/p>\n<\/p><\/div>\n<\/p><\/div>\n<\/p><\/div>\n<\/div><\/div>\n<\/p><\/div>\n<\/p><\/div>\n<\/p><\/div>\n<\/p><\/div>\n<\/p><\/div>\n<div class=\"row justify-content-md-center mt-3\">\n<div class=\"col-lg-auto col-image block-news-main-image\">\n<p>                                <img decoding=\"async\" src=\"https:\/\/www.agrolink.com.br\/upload\/imagens-resizes\/747e25bff1c74262ba3894b82a931fb9_858x483.jpg\" class=\"lazyload img-fluid\"\/><br \/>\n                                                <span class=\"publicity-photo d-block mt-1\">Foto: Divulga\u00e7\u00e3o<\/span><\/p><\/div>\n<\/p><\/div>\n<div class=\"section-description section-description-noticias mt-3\">\n<p style=\"text-align:justify\">O mercado de a\u00e7\u00facar encerrou julho com pre\u00e7os em alta, reflexo direto do aumento da mistura obrigat\u00f3ria de etanol anidro na gasolina, que entrou em vigor a partir de agosto. A mudan\u00e7a para o B15 elevou a demanda pelo biocombust\u00edvel, impactando o mix de produ\u00e7\u00e3o das usinas e sustentando as cota\u00e7\u00f5es do ado\u00e7ante.&#13;\n<\/p>\n<p style=\"text-align:justify\">Segundo o relat\u00f3rio Agro Mensal Ita\u00fa BBA, a maior destina\u00e7\u00e3o da cana para produ\u00e7\u00e3o de etanol reduziu a oferta de a\u00e7\u00facar no mercado, pressionando os pre\u00e7os internacionais. A volatilidade do petr\u00f3leo e a incerteza geopol\u00edtica global tamb\u00e9m contribu\u00edram para a oscila\u00e7\u00e3o das cota\u00e7\u00f5es.&#13;\n<\/p>\n<p style=\"text-align:justify\">No Brasil, os pre\u00e7os internos permaneceram firmes, apoiados pela competitividade das exporta\u00e7\u00f5es. O real mais fraco frente ao d\u00f3lar favoreceu os embarques, garantindo margens atrativas para o setor sucroenerg\u00e9tico.<\/p>\n<p style=\"text-align:justify\">No cen\u00e1rio internacional, a demanda por a\u00e7\u00facar brasileiro segue elevada, especialmente por parte de pa\u00edses asi\u00e1ticos e do Oriente M\u00e9dio. A redu\u00e7\u00e3o da oferta de alguns concorrentes, como \u00cdndia e Tail\u00e2ndia, ampliou o espa\u00e7o para o produto nacional no mercado global.&#13;\n<\/p>\n<p style=\"text-align:justify\">O clima favor\u00e1vel nas regi\u00f5es produtoras de cana-de-a\u00e7\u00facar ajudou a manter um bom ritmo de moagem, mas a expectativa \u00e9 de que as usinas continuem priorizando o etanol enquanto a paridade de pre\u00e7os se mantiver vantajosa.<\/p>\n<p style=\"text-align:justify\">Para os pr\u00f3ximos meses, o setor seguir\u00e1 atento \u00e0s varia\u00e7\u00f5es cambiais e \u00e0 evolu\u00e7\u00e3o da demanda global, com proje\u00e7\u00f5es que indicam continuidade de pre\u00e7os sustentados at\u00e9 o encerramento da safra 2025\/26.<\/p>\n<\/p><\/div>\n<\/p><\/div>\n<p><script data-cfasync=\"false\">\n    !function (f, b, e, v, n, t, s) {\n        if (f.fbq) return; n = f.fbq = function () {\n            n.callMethod ?\n                n.callMethod.apply(n, arguments) : n.queue.push(arguments)\n        };\n        if (!f._fbq) f._fbq = n; n.push = n; n.loaded = !0; n.version = '2.0';\n        n.queue = []; t = b.createElement(e); t.async = !0;\n        t.src = v; s = b.getElementsByTagName(e)[0];\n        s.parentNode.insertBefore(t, s)\n    }(window, document, 'script',\n        'https:\/\/connect.facebook.net\/en_US\/fbevents.js');\n    fbq('init', '522546078623747');\n    fbq('track', 'PageView');\n<\/script><br \/>\n<br \/><br \/>\n<br \/><a href=\"https:\/\/www.agrolink.com.br\/noticias\/acucar--aumento-da-mistura-de-etanol-na-gasolina-pressiona-precos_504855.html\">Source link <\/a><\/p>\n","protected":false},"excerpt":{"rendered":"<p>&#13; No Brasil, os pre\u00e7os internos permaneceram firmes&#13; &#13; Agrolink&#13; &#13; &#8211; Aline Merladete&#13; &#13; Publicado em 12\/08\/2025 \u00e0s 16:13h.<\/p>\n","protected":false},"author":1,"featured_media":11997,"comment_status":"open","ping_status":"open","sticky":false,"template":"","format":"standard","meta":{"_monsterinsights_skip_tracking":false,"_monsterinsights_sitenote_active":false,"_monsterinsights_sitenote_note":"","_monsterinsights_sitenote_category":0,"_uf_show_specific_survey":0,"_uf_disable_surveys":false,"footnotes":""},"categories":[8,1,14],"tags":[],"class_list":["post-18539","post","type-post","status-publish","format-standard","has-post-thumbnail","hentry","category-agro","category-news","category-politica-agro"],"_links":{"self":[{"href":"https:\/\/agromt.news\/index.php?rest_route=\/wp\/v2\/posts\/18539"}],"collection":[{"href":"https:\/\/agromt.news\/index.php?rest_route=\/wp\/v2\/posts"}],"about":[{"href":"https:\/\/agromt.news\/index.php?rest_route=\/wp\/v2\/types\/post"}],"author":[{"embeddable":true,"href":"https:\/\/agromt.news\/index.php?rest_route=\/wp\/v2\/users\/1"}],"replies":[{"embeddable":true,"href":"https:\/\/agromt.news\/index.php?rest_route=%2Fwp%2Fv2%2Fcomments&post=18539"}],"version-history":[{"count":0,"href":"https:\/\/agromt.news\/index.php?rest_route=\/wp\/v2\/posts\/18539\/revisions"}],"wp:featuredmedia":[{"embeddable":true,"href":"https:\/\/agromt.news\/index.php?rest_route=\/wp\/v2\/media\/11997"}],"wp:attachment":[{"href":"https:\/\/agromt.news\/index.php?rest_route=%2Fwp%2Fv2%2Fmedia&parent=18539"}],"wp:term":[{"taxonomy":"category","embeddable":true,"href":"https:\/\/agromt.news\/index.php?rest_route=%2Fwp%2Fv2%2Fcategories&post=18539"},{"taxonomy":"post_tag","embeddable":true,"href":"https:\/\/agromt.news\/index.php?rest_route=%2Fwp%2Fv2%2Ftags&post=18539"}],"curies":[{"name":"wp","href":"https:\/\/api.w.org\/{rel}","templated":true}]}}