{"id":18507,"date":"2025-08-13T15:02:35","date_gmt":"2025-08-13T19:02:35","guid":{"rendered":"https:\/\/agromt.news\/?p=18507"},"modified":"2025-08-13T15:02:35","modified_gmt":"2025-08-13T19:02:35","slug":"umidade-do-ar-abaixo-de-12-deixa-estados-com-clima-de-deserto-veja-ate-quando","status":"publish","type":"post","link":"https:\/\/agromt.news\/?p=18507","title":{"rendered":"Umidade do ar abaixo de 12% deixa estados com clima de deserto; veja at\u00e9 quando"},"content":{"rendered":"<p> <br \/>\n<\/p>\n<div>\n<p>A massa de ar seco que predomina sobre o Centro-Oeste do pa\u00eds tende a se agravar durante esta semana, de acordo com a Climatempo. Tal cen\u00e1rio leva a umidade relativa do ar (URA) a n\u00edveis de emerg\u00eancia, ou seja, abaixo de 12%, especialmente durante as tardes, quando a temperatura sobe. <\/p>\n<p>Para se ter ideia, no deserto do Saara, o maior do mundo, localizado na \u00c1frica, esse \u00edndice costuma variar entre 14% e 20%.<\/p>\n<p>Com isso, o oeste do Tri\u00e2ngulo Mineiro, o sul e oeste de Goi\u00e1s e a faixa leste de Mato Grosso s\u00e3o as \u00e1reas mais atingidas, conforme o mapa abaixo:<\/p>\n<figure class=\"wp-block-image size-large\"><img fetchpriority=\"high\" decoding=\"async\" width=\"1024\" height=\"1024\" alt=\"umidade relativa do ar\" class=\"wp-image-4116769\"  data-lazy- src=\"https:\/\/agromt.news\/wp-content\/uploads\/2025\/08\/Umidade-do-ar-abaixo-de-12-deixa-estados-com-clima.jpeg\"\/><img decoding=\"async\" width=\"1024\" height=\"1024\" src=\"https:\/\/agromt.news\/wp-content\/uploads\/2025\/08\/Umidade-do-ar-abaixo-de-12-deixa-estados-com-clima.jpeg\" alt=\"umidade relativa do ar\" class=\"wp-image-4116769\"  \/><figcaption class=\"wp-element-caption\">Foto: Climatempo<\/figcaption><\/figure>\n<p>Em outras diversas \u00e1reas de Mato Grosso do Sul, Goi\u00e1s e no <strong><a href=\"https:\/\/www.canalrural.com.br\/nacional\/brasilia\/\">Distrito Federal<\/a><\/strong>, os valores de umidade devem permanecer em limiares de alerta, variando entre 12% e 20%, durante as horas mais quentes.<\/p>\n<\/div>\n<div>\n<p>Esse padr\u00e3o de ar muito seco tamb\u00e9m se estende a grande parte do estado de S\u00e3o Paulo, incluindo a Regi\u00e3o Metropolitana da capital, e a \u00e1reas do estado de Minas Gerais. <\/p>\n<p>Segundo a Climatempo, esse padr\u00e3o de tempo seco deve persistir at\u00e9 pelo menos o <strong>final desta semana<\/strong>, mantendo os \u00edndices de umidade do ar em patamares cr\u00edticos em grande parte do interior do pa\u00eds.<\/p>\n<p>Vale lembrar que a aus\u00eancia de chuva, combinada com o sol forte e o aquecimento progressivo, tende a agravar os impactos \u00e0 sa\u00fade, aumentar o risco de inc\u00eandios florestais e gerar dificuldades para a agricultura e para o abastecimento de \u00e1gua em algumas localidades.<\/p>\n<div data-icp-cta=\"1\" id=\"icp-cta-unique\">Voc\u00ea quer entender como usar o clima a seu favor?<b> <\/b><a href=\"https:\/\/climacampo.canalrural.com.br\/climacampo_-01\">Preparamos um e-book exclusivo<\/a> para ajudar produtores rurais a se antecipar \u00e0s mudan\u00e7as do tempo e planejar melhor suas a\u00e7\u00f5es. Com base em previs\u00f5es meteorol\u00f3gicas confi\u00e1veis, ele oferece orienta\u00e7\u00f5es pr\u00e1ticas para proteger sua lavoura e otimizar seus resultados.<\/div>\n<\/div>\n<p><br \/>\n<br \/><a href=\"https:\/\/www.canalrural.com.br\/tempo\/umidade-do-ar-abaixo-de-12-deixa-estados-com-clima-de-deserto-veja-ate-quando\/\">Source link <\/a><\/p>\n","protected":false},"excerpt":{"rendered":"<p>A massa de ar seco que predomina sobre o Centro-Oeste do pa\u00eds tende a se agravar durante esta semana, de<\/p>\n","protected":false},"author":1,"featured_media":18508,"comment_status":"open","ping_status":"open","sticky":false,"template":"","format":"standard","meta":{"_monsterinsights_skip_tracking":false,"_monsterinsights_sitenote_active":false,"_monsterinsights_sitenote_note":"","_monsterinsights_sitenote_category":0,"_uf_show_specific_survey":0,"_uf_disable_surveys":false,"footnotes":""},"categories":[1],"tags":[],"class_list":["post-18507","post","type-post","status-publish","format-standard","has-post-thumbnail","hentry","category-news"],"_links":{"self":[{"href":"https:\/\/agromt.news\/index.php?rest_route=\/wp\/v2\/posts\/18507"}],"collection":[{"href":"https:\/\/agromt.news\/index.php?rest_route=\/wp\/v2\/posts"}],"about":[{"href":"https:\/\/agromt.news\/index.php?rest_route=\/wp\/v2\/types\/post"}],"author":[{"embeddable":true,"href":"https:\/\/agromt.news\/index.php?rest_route=\/wp\/v2\/users\/1"}],"replies":[{"embeddable":true,"href":"https:\/\/agromt.news\/index.php?rest_route=%2Fwp%2Fv2%2Fcomments&post=18507"}],"version-history":[{"count":0,"href":"https:\/\/agromt.news\/index.php?rest_route=\/wp\/v2\/posts\/18507\/revisions"}],"wp:featuredmedia":[{"embeddable":true,"href":"https:\/\/agromt.news\/index.php?rest_route=\/wp\/v2\/media\/18508"}],"wp:attachment":[{"href":"https:\/\/agromt.news\/index.php?rest_route=%2Fwp%2Fv2%2Fmedia&parent=18507"}],"wp:term":[{"taxonomy":"category","embeddable":true,"href":"https:\/\/agromt.news\/index.php?rest_route=%2Fwp%2Fv2%2Fcategories&post=18507"},{"taxonomy":"post_tag","embeddable":true,"href":"https:\/\/agromt.news\/index.php?rest_route=%2Fwp%2Fv2%2Ftags&post=18507"}],"curies":[{"name":"wp","href":"https:\/\/api.w.org\/{rel}","templated":true}]}}