{"id":18503,"date":"2025-08-13T14:17:32","date_gmt":"2025-08-13T18:17:32","guid":{"rendered":"https:\/\/agromt.news\/?p=18503"},"modified":"2025-08-13T14:17:32","modified_gmt":"2025-08-13T18:17:32","slug":"fora-das-excecoes-do-tarifaco-setor-de-carne-bovina-bate-recorde-de-exportacoes-em-julho","status":"publish","type":"post","link":"https:\/\/agromt.news\/?p=18503","title":{"rendered":"Fora das exce\u00e7\u00f5es do tarifa\u00e7o, setor de carne bovina bate recorde de exporta\u00e7\u00f5es em julho"},"content":{"rendered":"<p> <br \/>\n<br \/><img decoding=\"async\" src=\"https:\/\/agromt.news\/wp-content\/uploads\/2024\/11\/Exportacao-brasileira-de-carne-bovina-registra-recorde-em-outubro.jpg\" \/><\/p>\n<div>\n<p>As exporta\u00e7\u00f5es de carne bovina bateram recorde no m\u00eas de julho de 2025, mesmo com as tarifas adicionais impostas pelo governo dos Estados Unidos. <a href=\"https:\/\/www.canalrural.com.br\/economia\/tarifaco-exclui-446-das-exportacoes-do-brasil-para-eua\/\">A carne bovina n\u00e3o est\u00e1 entre os produtos que entraram na lista de exce\u00e7\u00f5es<\/a> e passou a sofrer uma taxa adicional de 40%, a partir de 1\u00ba de agosto de 2025, chegando a uma tarifa <a href=\"https:\/\/www.canalrural.com.br\/pecuaria\/com-tarifaco-exportadores-de-carne-bovina-dizem-que-carga-tributaria-ultrapassara-76\/\">total de 76,4% para entrar no mercado dos Estados Unidos<\/a>.<\/p>\n<p>De acordo com Associa\u00e7\u00e3o Brasileira de Frigor\u00edficos (Abrafrigo), as exporta\u00e7\u00f5es totais do setor no m\u00eas de julho alcan\u00e7aram US$ 1,726 bilh\u00e3o, resultado 48,4% maior em rela\u00e7\u00e3o ao mesmo m\u00eas do ano passado, enquanto a movimenta\u00e7\u00e3o foi de 366.920 toneladas, um aumento de 27,4%, registrando novo recorde hist\u00f3rico para um \u00fanico m\u00eas, tanto em receitas como em volume. No ano passado, no mesmo m\u00eas, as receitas foram de US$ 1,163 bilh\u00e3o, com o embarque de 288.014 toneladas.<\/p>\n<p><em>Veja em primeira m\u00e3o tudo sobre agricultura, pecu\u00e1ria, economia e previs\u00e3o do tempo:<\/em><a href=\"https:\/\/news.google.com\/publications\/CAAqBwgKMPKZlQswq_mqAw?hl=pt-BR&amp;gl=BR&amp;ceid=BR%3Apt-419\" target=\"_blank\" rel=\"noreferrer noopener\"><em>\u00a0siga o Canal Rural no Google News!<\/em><\/a><\/p>\n<p>No acumulado, de janeiro a julho de 2025, as exporta\u00e7\u00f5es do setor renderam US$ 9,170 bilh\u00f5es (+31,3%) com o embarque de 2.055.273 toneladas (+19%). No ano passado, no mesmo per\u00edodo, a receita foi de US$ 6,983 bilh\u00f5es e o volume de 1.728.454 toneladas.<\/p>\n<\/div>\n<div>\n<p>Ainda de acordo com a Abrafigo, a China foi respons\u00e1vel por 44,5%% da receita e por 38,5% das exporta\u00e7\u00f5es de carne bovina nos sete primeiros meses do ano. O pa\u00eds comprou 790.337 toneladas (+14,6%), que proporcionaram uma receita de US$ 4,082 bilh\u00f5es (+33,7%). No ano passado, no mesmo per\u00edodo, a China importou 689.840 toneladas, com receita de US$ 3,052 bilh\u00f5es.<\/p>\n<p>Os Estados Unidos se mantiveram na segunda posi\u00e7\u00e3o entre os maiores importadores, com vendas de US$ 1,468 bilh\u00e3o e 484 mil toneladas embarcadas, participando com 23,6% do volume e 16% das receitas no acumulado de janeiro a julho de 2025. Mas as vendas para o pa\u00eds norte-americano v\u00eam apresentando queda ap\u00f3s o m\u00eas de abril de 2025, quando atingiram o recorde de US$ 306 milh\u00f5es. Em julho \u00faltimo, foram de US$ 183 milh\u00f5es.<\/p>\n<p>Na terceira posi\u00e7\u00e3o est\u00e1 o Chile, que elevou suas aquisi\u00e7\u00f5es de 57.241 toneladas em 2024 para 68.804 toneladas (+20,2%) no acumulado at\u00e9 julho de 2025, com receita subindo de US$ 271 milh\u00f5es no ano passado para US$ 372,9 milh\u00f5es (+37,6%) neste ano. <\/p>\n<p>O M\u00e9xico passou a ocupar a quarta posi\u00e7\u00e3o saindo das 22.892 toneladas importadas em 2024 para 67.766 toneladas em 2025 (+ 196%), e propiciando uma entrada de divisas de US$ 364,79 milh\u00f5es (+249,2%) contra US$ 104,5 milh\u00f5es at\u00e9 julho do ano passado. No total, 124 pa\u00edses aumentaram suas importa\u00e7\u00f5es enquanto 48 reduziram suas compras.<\/p>\n<\/p><\/div>\n<p><br \/>\n<br \/><a href=\"https:\/\/www.canalrural.com.br\/pecuaria\/fora-das-excecoes-do-tarifaco-setor-de-carne-bovina-bate-recorde-de-exportacoes-em-julho\/\">Source link <\/a><\/p>\n","protected":false},"excerpt":{"rendered":"<p>As exporta\u00e7\u00f5es de carne bovina bateram recorde no m\u00eas de julho de 2025, mesmo com as tarifas adicionais impostas pelo<\/p>\n","protected":false},"author":1,"featured_media":4699,"comment_status":"open","ping_status":"open","sticky":false,"template":"","format":"standard","meta":{"_monsterinsights_skip_tracking":false,"_monsterinsights_sitenote_active":false,"_monsterinsights_sitenote_note":"","_monsterinsights_sitenote_category":0,"_uf_show_specific_survey":0,"_uf_disable_surveys":false,"footnotes":""},"categories":[1],"tags":[],"class_list":["post-18503","post","type-post","status-publish","format-standard","has-post-thumbnail","hentry","category-news"],"_links":{"self":[{"href":"https:\/\/agromt.news\/index.php?rest_route=\/wp\/v2\/posts\/18503"}],"collection":[{"href":"https:\/\/agromt.news\/index.php?rest_route=\/wp\/v2\/posts"}],"about":[{"href":"https:\/\/agromt.news\/index.php?rest_route=\/wp\/v2\/types\/post"}],"author":[{"embeddable":true,"href":"https:\/\/agromt.news\/index.php?rest_route=\/wp\/v2\/users\/1"}],"replies":[{"embeddable":true,"href":"https:\/\/agromt.news\/index.php?rest_route=%2Fwp%2Fv2%2Fcomments&post=18503"}],"version-history":[{"count":0,"href":"https:\/\/agromt.news\/index.php?rest_route=\/wp\/v2\/posts\/18503\/revisions"}],"wp:featuredmedia":[{"embeddable":true,"href":"https:\/\/agromt.news\/index.php?rest_route=\/wp\/v2\/media\/4699"}],"wp:attachment":[{"href":"https:\/\/agromt.news\/index.php?rest_route=%2Fwp%2Fv2%2Fmedia&parent=18503"}],"wp:term":[{"taxonomy":"category","embeddable":true,"href":"https:\/\/agromt.news\/index.php?rest_route=%2Fwp%2Fv2%2Fcategories&post=18503"},{"taxonomy":"post_tag","embeddable":true,"href":"https:\/\/agromt.news\/index.php?rest_route=%2Fwp%2Fv2%2Ftags&post=18503"}],"curies":[{"name":"wp","href":"https:\/\/api.w.org\/{rel}","templated":true}]}}