{"id":18500,"date":"2025-08-13T13:49:21","date_gmt":"2025-08-13T17:49:21","guid":{"rendered":"https:\/\/agromt.news\/?p=18500"},"modified":"2025-08-13T13:49:21","modified_gmt":"2025-08-13T17:49:21","slug":"governo-anuncia-pacote-de-ajuda-a-setores-afetados-pelo-tarifaco-dos-eua-veja-quais-sao-as-medidas","status":"publish","type":"post","link":"https:\/\/agromt.news\/?p=18500","title":{"rendered":"Governo anuncia pacote de ajuda a setores afetados pelo tarifa\u00e7o dos EUA; veja quais s\u00e3o as medidas"},"content":{"rendered":"<p> <br \/>\n<br \/><img decoding=\"async\" src=\"https:\/\/agromt.news\/wp-content\/uploads\/2025\/08\/Haddad.jpg\" \/><\/p>\n<div>\n<p>Em cerim\u00f4nia no Pal\u00e1cio do Planalto nesta quarta-feira (13), o presidente Luiz In\u00e1cio Lula da Silva assinou a medida provis\u00f3ria (MP) que estabelece um pacote de apoio aos setores prejudicados pelo tarifa\u00e7o imposto pelo governo dos Estados Unidos. Em entrevista \u00e0 Band News, na ter\u00e7a-feira, <a href=\"https:\/\/www.canalrural.com.br\/economia\/governo-anuncia-r-30-bilhoes-para-empresas-afetadas-por-tarifaco\/#:~:text=As%20empresas%20afetadas%20pelo%20tarifa%C3%A7o,quarta%2Dfeira%20(13).\">Lula disse que o pacote totalizaria uma ajuda de  R$ 30 bilh\u00f5es<\/a>. <\/p>\n<p>O an\u00fancio detalhado coube ao vice-presidente e ministro do Desenvolvimento, Geraldo Alckmin, e ao ministro da Fazenda, Fernando Haddad. O conjunto de a\u00e7\u00f5es, segundo o governo, visa dar f\u00f4lego imediato aos exportadores e preservar empregos no setor.<\/p>\n<h3 class=\"wp-block-heading\" id=\"h-principais-medidas-do-pacote\">Principais medidas do pacote<\/h3>\n<ul class=\"wp-block-list\">\n<li><strong>Sistema de Cr\u00e9dito \u00e0 Exporta\u00e7\u00e3o<\/strong> \u2013 Reativado para financiar os setores afetados pelo tarifa\u00e7o, mas com opera\u00e7\u00e3o estendida a todo o segmento exportador brasileiro.<\/li>\n<li><strong>Sistema de Seguro<\/strong>: exportadores contar\u00e3o com cobertura por meio do Fundo Garantidor.<\/li>\n<li><strong>Reintegra<\/strong>: Programa que devolve parte dos tributos incidentes sobre exporta\u00e7\u00f5es, convertido em cr\u00e9dito tribut\u00e1rio. Segundo Haddad, o mecanismo ser\u00e1 encerrado no final de 2026, quando entra em vigor a isen\u00e7\u00e3o para exportadores prevista na reforma tribut\u00e1ria.<\/li>\n<li><strong>Flexibiliza\u00e7\u00e3o de compras governamentais<\/strong>: estados e munic\u00edpios poder\u00e3o adquirir produtos perec\u00edveis que originalmente seriam exportados para os Estados Unidos e utilizar na merenda escolar e outros programa alimentares.<\/li>\n<\/ul>\n<\/div>\n<div>\n<p>O ministro Fernando Haddad<strong> <\/strong>afirmou ainda que o governo seguir\u00e1 monitorando os impactos e que novas medidas poder\u00e3o ser adotadas, com possibilidade de inclus\u00e3o de outros setores. Ele citou como exemplos a <a href=\"https:\/\/www.canalrural.com.br\/agricultura\/projeto-soja-brasil\/trump-inicia-ofensiva-para-vender-mais-soja-a-china-principal-mercado-do-brasil\/\">soja <\/a>e o algod\u00e3o, que disputam mercado diretamente com os norte-americanos.<\/p>\n<p>A medida provis\u00f3ria entra em vigor imediatamente, mas precisa ser aprovada pelo Congresso Nacional no prazo de at\u00e9 60 dias para n\u00e3o perder a validade.<\/p>\n<\/p><\/div>\n<p><br \/>\n<br \/><a href=\"https:\/\/www.canalrural.com.br\/economia\/governo-anuncia-pacote-de-ajuda-a-setores-afetados-pelo-tarifaco-dos-eua-veja-quais-sao-as-medidas\/\">Source link <\/a><\/p>\n","protected":false},"excerpt":{"rendered":"<p>Em cerim\u00f4nia no Pal\u00e1cio do Planalto nesta quarta-feira (13), o presidente Luiz In\u00e1cio Lula da Silva assinou a medida provis\u00f3ria<\/p>\n","protected":false},"author":1,"featured_media":18127,"comment_status":"open","ping_status":"open","sticky":false,"template":"","format":"standard","meta":{"_monsterinsights_skip_tracking":false,"_monsterinsights_sitenote_active":false,"_monsterinsights_sitenote_note":"","_monsterinsights_sitenote_category":0,"_uf_show_specific_survey":0,"_uf_disable_surveys":false,"footnotes":""},"categories":[1],"tags":[],"class_list":["post-18500","post","type-post","status-publish","format-standard","has-post-thumbnail","hentry","category-news"],"_links":{"self":[{"href":"https:\/\/agromt.news\/index.php?rest_route=\/wp\/v2\/posts\/18500"}],"collection":[{"href":"https:\/\/agromt.news\/index.php?rest_route=\/wp\/v2\/posts"}],"about":[{"href":"https:\/\/agromt.news\/index.php?rest_route=\/wp\/v2\/types\/post"}],"author":[{"embeddable":true,"href":"https:\/\/agromt.news\/index.php?rest_route=\/wp\/v2\/users\/1"}],"replies":[{"embeddable":true,"href":"https:\/\/agromt.news\/index.php?rest_route=%2Fwp%2Fv2%2Fcomments&post=18500"}],"version-history":[{"count":0,"href":"https:\/\/agromt.news\/index.php?rest_route=\/wp\/v2\/posts\/18500\/revisions"}],"wp:featuredmedia":[{"embeddable":true,"href":"https:\/\/agromt.news\/index.php?rest_route=\/wp\/v2\/media\/18127"}],"wp:attachment":[{"href":"https:\/\/agromt.news\/index.php?rest_route=%2Fwp%2Fv2%2Fmedia&parent=18500"}],"wp:term":[{"taxonomy":"category","embeddable":true,"href":"https:\/\/agromt.news\/index.php?rest_route=%2Fwp%2Fv2%2Fcategories&post=18500"},{"taxonomy":"post_tag","embeddable":true,"href":"https:\/\/agromt.news\/index.php?rest_route=%2Fwp%2Fv2%2Ftags&post=18500"}],"curies":[{"name":"wp","href":"https:\/\/api.w.org\/{rel}","templated":true}]}}