{"id":18499,"date":"2025-08-13T12:01:59","date_gmt":"2025-08-13T16:01:59","guid":{"rendered":"https:\/\/agromt.news\/?p=18499"},"modified":"2025-08-13T12:01:59","modified_gmt":"2025-08-13T16:01:59","slug":"exportacoes-de-milho-crescem-em-julho-mas-recuam-frente-a-2024","status":"publish","type":"post","link":"https:\/\/agromt.news\/?p=18499","title":{"rendered":"Exporta\u00e7\u00f5es de milho crescem em julho, mas recuam frente a 2024"},"content":{"rendered":"<p> <br \/>\n<\/p>\n<div>\n<div class=\"row\">\n<div class=\"col-lg col-infos mt-0 mt-lg-0\">\n<div class=\"section-sub-title\">\n<p itemprop=\"description\">&#13;<br \/>\n                                USDA prev\u00ea safra recorde nos EUA&#13;\n                            <\/p>\n<\/p><\/div>\n<div class=\"container\">\n<div class=\"row\">\n<div class=\"col-lg p-0\">\n<div>\n<div class=\"block-news-main-infos mt-3 text-start\">\n<p>                                            <strong class=\"fn\" itemprop=\"author\" style=\"color: rgb(112, 112, 112); \">&#13;<br \/>\n                                                <a href=\"https:\/\/www.agrolink.com.br\/noticias\/javascript:;\" class=\"text-uppercase\" target=\"_blank\" style=\"color: rgb(112, 112, 112); \" rel=\"noopener\">Agrolink<\/a>&#13;<br \/>\n&#13;<br \/>\n                                                    &#8211; Seane Lennon&#13;<br \/>\n&#13;<br \/>\n                                            <\/strong><br \/>\n                                        <\/p>\n<p>                                            <abbr><time datetime=\"2025-08-12T17:13\" itemprop=\"datePublished dateModified\">Publicado em 12\/08\/2025 \u00e0s 17:13h.<\/time><\/abbr><br \/>\n                                            <\/p><\/div>\n<\/p><\/div>\n<\/p><\/div>\n<div class=\"col-lg p-0 text-lg-end\">\n<div>\n<div id=\"mdEnviarPagina\" class=\"modal fade\" role=\"dialog\">\n<div class=\"modal-dialog\">\n<div class=\"modal-content\">\n<div class=\"modal-body\">\n<p><strong>Estimado usu\u00e1rio.<\/strong><br \/>Preencha o formul\u00e1rio abaixo para remeter a p\u00e1gina.<\/p>\n<\/p><\/div>\n<\/p><\/div>\n<\/p><\/div>\n<\/div><\/div>\n<\/p><\/div>\n<\/p><\/div>\n<\/p><\/div>\n<\/p><\/div>\n<\/p><\/div>\n<div class=\"row justify-content-md-center mt-3\">\n<div class=\"col-lg-auto col-image block-news-main-image\">\n<p>                                <img decoding=\"async\" src=\"https:\/\/www.agrolink.com.br\/upload\/imagens-resizes\/dee6634cf3344795984d70bc68e91d29_858x483.jpg\" class=\"lazyload img-fluid\"\/><br \/>\n                                                <span class=\"publicity-photo d-block mt-1\">Foto: Canva<\/span><\/p><\/div>\n<\/p><\/div>\n<div class=\"section-description section-description-noticias mt-3\">\n<p style=\"text-align:justify\">Segundo an\u00e1lise semanal do Instituto Mato-grossense de Economia Agropecu\u00e1ria (Imea) divulgada nesta segunda-feira (12), com base em dados da Secretaria de Com\u00e9rcio Exterior (Secex), Mato Grosso exportou 1,18 milh\u00e3o de toneladas de <a href=\"https:\/\/www.agrolink.com.br\/culturas\/milho?utm_source=agrolink-detalhe-noticia&amp;utm_medium=detalhe-noticia&amp;utm_campaign=links-internos&#9;\" target=\"_blank\" rel=\"noopener\">milho<\/a> em julho de 2025, alta de 625,83% em rela\u00e7\u00e3o a junho. O crescimento \u00e9 significativo ao avan\u00e7o da colheita no estado, movimento considerado sazonal para este per\u00edodo do ano.&#13;\n<\/p>\n<p style=\"text-align:justify\"><span><span>Na compara\u00e7\u00e3o com julho de 2024, entretanto, houve queda de 59,02% nos embarques. O Imea apontou que o retorno \u00e9 resultado do atraso na colheita deste ano em rela\u00e7\u00e3o aos anteriores e do prolongamento do escoamento da soja, o que aumentou a concorr\u00eancia pelo uso dos terminais portu\u00e1rios.<\/span><\/span>&#13;\n<\/p>\n<p style=\"text-align:justify\"><span><span>Para os pr\u00f3ximos meses, a expectativa \u00e9 de acelera\u00e7\u00e3o nos embarques, com a colheita entrando na reta final e a necessidade de liberar espa\u00e7o nos armaz\u00e9ns. Contudo, o instituto alertou para a colheita de milho nos Estados Unidos. \u201cO USDA projeta produ\u00e7\u00e3o recorde para o pa\u00eds na pr\u00f3xima temporada, o que dever\u00e1 competir com a oferta brasileira no segundo semestre de 2025\u201d, destacou.<\/span><\/span>&#13;\n<\/p>\n<\/p><\/div>\n<\/p><\/div>\n<p><script data-cfasync=\"false\">\n    !function (f, b, e, v, n, t, s) {\n        if (f.fbq) return; n = f.fbq = function () {\n            n.callMethod ?\n                n.callMethod.apply(n, arguments) : n.queue.push(arguments)\n        };\n        if (!f._fbq) f._fbq = n; n.push = n; n.loaded = !0; n.version = '2.0';\n        n.queue = []; t = b.createElement(e); t.async = !0;\n        t.src = v; s = b.getElementsByTagName(e)[0];\n        s.parentNode.insertBefore(t, s)\n    }(window, document, 'script',\n        'https:\/\/connect.facebook.net\/en_US\/fbevents.js');\n    fbq('init', '522546078623747');\n    fbq('track', 'PageView');\n<\/script><br \/>\n<br \/><br \/>\n<br \/><a href=\"https:\/\/www.agrolink.com.br\/noticias\/exportacoes-de-milho-crescem-em-julho--mas-recuam-frente-a-2024_504863.html\">Source link <\/a><\/p>\n","protected":false},"excerpt":{"rendered":"<p>&#13; USDA prev\u00ea safra recorde nos EUA&#13; &#13; Agrolink&#13; &#13; &#8211; Seane Lennon&#13; &#13; Publicado em 12\/08\/2025 \u00e0s 17:13h. Estimado<\/p>\n","protected":false},"author":1,"featured_media":2009,"comment_status":"open","ping_status":"open","sticky":false,"template":"","format":"standard","meta":{"_monsterinsights_skip_tracking":false,"_monsterinsights_sitenote_active":false,"_monsterinsights_sitenote_note":"","_monsterinsights_sitenote_category":0,"_uf_show_specific_survey":0,"_uf_disable_surveys":false,"footnotes":""},"categories":[8,1,14],"tags":[],"class_list":["post-18499","post","type-post","status-publish","format-standard","has-post-thumbnail","hentry","category-agro","category-news","category-politica-agro"],"_links":{"self":[{"href":"https:\/\/agromt.news\/index.php?rest_route=\/wp\/v2\/posts\/18499"}],"collection":[{"href":"https:\/\/agromt.news\/index.php?rest_route=\/wp\/v2\/posts"}],"about":[{"href":"https:\/\/agromt.news\/index.php?rest_route=\/wp\/v2\/types\/post"}],"author":[{"embeddable":true,"href":"https:\/\/agromt.news\/index.php?rest_route=\/wp\/v2\/users\/1"}],"replies":[{"embeddable":true,"href":"https:\/\/agromt.news\/index.php?rest_route=%2Fwp%2Fv2%2Fcomments&post=18499"}],"version-history":[{"count":0,"href":"https:\/\/agromt.news\/index.php?rest_route=\/wp\/v2\/posts\/18499\/revisions"}],"wp:featuredmedia":[{"embeddable":true,"href":"https:\/\/agromt.news\/index.php?rest_route=\/wp\/v2\/media\/2009"}],"wp:attachment":[{"href":"https:\/\/agromt.news\/index.php?rest_route=%2Fwp%2Fv2%2Fmedia&parent=18499"}],"wp:term":[{"taxonomy":"category","embeddable":true,"href":"https:\/\/agromt.news\/index.php?rest_route=%2Fwp%2Fv2%2Fcategories&post=18499"},{"taxonomy":"post_tag","embeddable":true,"href":"https:\/\/agromt.news\/index.php?rest_route=%2Fwp%2Fv2%2Ftags&post=18499"}],"curies":[{"name":"wp","href":"https:\/\/api.w.org\/{rel}","templated":true}]}}