{"id":18492,"date":"2025-08-13T10:06:15","date_gmt":"2025-08-13T14:06:15","guid":{"rendered":"https:\/\/agromt.news\/?p=18492"},"modified":"2025-08-13T10:06:15","modified_gmt":"2025-08-13T14:06:15","slug":"canola-mantem-potencial-produtivo-apesar-de-impactos-climaticos","status":"publish","type":"post","link":"https:\/\/agromt.news\/?p=18492","title":{"rendered":"Canola mant\u00e9m potencial produtivo apesar de impactos clim\u00e1ticos"},"content":{"rendered":"<p> <br \/>\n<\/p>\n<div>\n<p style=\"text-align:justify\"><span><span>De acordo com o Informativo Conjuntural divulgado pela Emater\/RS-Ascar na \u00faltima quinta-feira (7), a cultura da canola apresenta desenvolvimento vegetativo e estrutura\u00e7\u00e3o adequada adequadamente, mesmo em \u00e1reas com baixa densidade de plantas, resultado do excesso de chuvas no p\u00f3s-plantio e na emerg\u00eancia. Segundo o levantamento, esses cultivos foram registrados como transfer\u00eancias compensat\u00f3rias de ramos secund\u00e1rios, caracter\u00edsticas fisiol\u00f3gicas que contribuem para a preserva\u00e7\u00e3o do potencial produtivo inicial.<\/span><\/span>&#13;\n<\/p>\n<p style=\"text-align:justify\"><span><span>O avan\u00e7o das \u00e1reas em seguran\u00e7a e a presen\u00e7a de polinizadores, como abelhas, favorecem a forma\u00e7\u00e3o de s\u00edliquas. \u201cA integra\u00e7\u00e3o entre pr\u00e1ticas agr\u00edcolas e ap\u00edcolas \u00e9 fundamental para a produtividade\u201d, destacou a publica\u00e7\u00e3o.<\/span><\/span><\/p>\n<p style=\"text-align:justify\"><span><span>Na Regi\u00e3o Noroeste, as ocorr\u00eancias da primeira semana de julho, que coincidiram com o florescimento de parte das atividades, somadas ao excesso de chuvas, podem ter causado pequena redu\u00e7\u00e3o no potencial produtivo em rela\u00e7\u00e3o \u00e0 estimativa inicial. Ainda assim, a sanidade das plantas \u00e9 considerada adequada, sem registros relevantes de pr\u00e1ticas ou doen\u00e7as. A estimativa para esta safra \u00e9 de 203.206 hectares cultivados, com produtividade m\u00e9dia projetada em 1.737 kg\/ha.<\/span><\/span><\/p>\n<p style=\"text-align:justify\"><span><span>Na regi\u00e3o administrativa de Frederico Westphalen, 5% das atividades est\u00e3o em fase vegetativa, 80% em recupera\u00e7\u00e3o e 15% em forma\u00e7\u00e3o de s\u00edliquas, o que indica avan\u00e7o uniforme do ciclo na maior parte das \u00e1reas.<\/span><\/span><\/p>\n<p style=\"text-align:justify\"><span><span>Em Iju\u00ed, cerca de 50% das atividades avan\u00e7am para o est\u00e1dio reprodutivo, quando ocorrem alongamentos da pressa principal, separa\u00e7\u00e3o das gemas flor\u00edferas e in\u00edcio da expans\u00e3o dos ped\u00fanculos florais. O estado fitossanit\u00e1rio \u00e9 descrito como muito bom, sem consultas de senten\u00e7as ou doen\u00e7as.<\/span><\/span>&#13;\n<\/p>\n<p style=\"text-align:justify\"><span><span>Na regi\u00e3o de Santa Rosa, 42% dos cultivos est\u00e3o em desenvolvimento vegetativo, 47% em florescimento, 10% em enchimento de gr\u00e3os e 1% em matura\u00e7\u00e3o. As noites provocaram o aborto floral, redu\u00e7\u00e3o no n\u00famero de s\u00edliquas e poss\u00edvel queda no teor de \u00f3leo das sementes. Apesar dos impactos, os trabalhos ainda em fase vegetativa mant\u00eam bom potencial produtivo, sobretudo com o uso de cultivares tardios e manejo adequado.<\/span><\/span><\/p>\n<p style=\"text-align:justify\"><span><span>Em Soledade, 70% das atividades est\u00e3o em florescimento, 25% em fase vegetativa e 5% em forma\u00e7\u00e3o de s\u00edliquas. As atividades de campo concentram-se no monitoramento fitossanit\u00e1rio e na aplica\u00e7\u00e3o preventiva de fungicidas para preservar a sanidade dos cultivos.<\/span><\/span>&#13;\n<\/p>\n<\/p><\/div>\n<p><script data-cfasync=\"false\">\n    !function (f, b, e, v, n, t, s) {\n        if (f.fbq) return; n = f.fbq = function () {\n            n.callMethod ?\n                n.callMethod.apply(n, arguments) : n.queue.push(arguments)\n        };\n        if (!f._fbq) f._fbq = n; n.push = n; n.loaded = !0; n.version = '2.0';\n        n.queue = []; t = b.createElement(e); t.async = !0;\n        t.src = v; s = b.getElementsByTagName(e)[0];\n        s.parentNode.insertBefore(t, s)\n    }(window, document, 'script',\n        'https:\/\/connect.facebook.net\/en_US\/fbevents.js');\n    fbq('init', '522546078623747');\n    fbq('track', 'PageView');\n<\/script><br \/>\n<br \/><br \/>\n<br \/><a href=\"https:\/\/www.agrolink.com.br\/noticias\/canola-mantem-potencial-produtivo-apesar-de-impactos-climaticos_504864.html\">Source link <\/a><\/p>\n","protected":false},"excerpt":{"rendered":"<p>De acordo com o Informativo Conjuntural divulgado pela Emater\/RS-Ascar na \u00faltima quinta-feira (7), a cultura da canola apresenta desenvolvimento vegetativo<\/p>\n","protected":false},"author":1,"featured_media":15032,"comment_status":"open","ping_status":"open","sticky":false,"template":"","format":"standard","meta":{"_monsterinsights_skip_tracking":false,"_monsterinsights_sitenote_active":false,"_monsterinsights_sitenote_note":"","_monsterinsights_sitenote_category":0,"_uf_show_specific_survey":0,"_uf_disable_surveys":false,"footnotes":""},"categories":[8,1,14],"tags":[],"class_list":["post-18492","post","type-post","status-publish","format-standard","has-post-thumbnail","hentry","category-agro","category-news","category-politica-agro"],"_links":{"self":[{"href":"https:\/\/agromt.news\/index.php?rest_route=\/wp\/v2\/posts\/18492"}],"collection":[{"href":"https:\/\/agromt.news\/index.php?rest_route=\/wp\/v2\/posts"}],"about":[{"href":"https:\/\/agromt.news\/index.php?rest_route=\/wp\/v2\/types\/post"}],"author":[{"embeddable":true,"href":"https:\/\/agromt.news\/index.php?rest_route=\/wp\/v2\/users\/1"}],"replies":[{"embeddable":true,"href":"https:\/\/agromt.news\/index.php?rest_route=%2Fwp%2Fv2%2Fcomments&post=18492"}],"version-history":[{"count":0,"href":"https:\/\/agromt.news\/index.php?rest_route=\/wp\/v2\/posts\/18492\/revisions"}],"wp:featuredmedia":[{"embeddable":true,"href":"https:\/\/agromt.news\/index.php?rest_route=\/wp\/v2\/media\/15032"}],"wp:attachment":[{"href":"https:\/\/agromt.news\/index.php?rest_route=%2Fwp%2Fv2%2Fmedia&parent=18492"}],"wp:term":[{"taxonomy":"category","embeddable":true,"href":"https:\/\/agromt.news\/index.php?rest_route=%2Fwp%2Fv2%2Fcategories&post=18492"},{"taxonomy":"post_tag","embeddable":true,"href":"https:\/\/agromt.news\/index.php?rest_route=%2Fwp%2Fv2%2Ftags&post=18492"}],"curies":[{"name":"wp","href":"https:\/\/api.w.org\/{rel}","templated":true}]}}