{"id":18491,"date":"2025-08-13T09:53:39","date_gmt":"2025-08-13T13:53:39","guid":{"rendered":"https:\/\/agromt.news\/?p=18491"},"modified":"2025-08-13T09:53:39","modified_gmt":"2025-08-13T13:53:39","slug":"perspectiva-e-de-baixo-rendimento-no-final-da-colheita","status":"publish","type":"post","link":"https:\/\/agromt.news\/?p=18491","title":{"rendered":"perspectiva \u00e9 de baixo rendimento no final da colheita"},"content":{"rendered":"<p> <br \/>\n<br \/><img decoding=\"async\" src=\"https:\/\/agromt.news\/wp-content\/uploads\/2024\/11\/Governo-de-SP-lanca-programa-para-impulsionar-cafe-canephora-e.jpg\" \/><\/p>\n<div>\n<p>A colheita de caf\u00e9 ar\u00e1bica deve se encerrar ainda neste m\u00eas na maioria das regi\u00f5es produtoras brasileiras com rendimento menor que o esperado. \u00c9 isso o que apontam os levantamentos do <a href=\"https:\/\/www.canalrural.com.br\/tag\/cepea\/\">Centro de Estudos Avan\u00e7ados em Economia Aplicada (Cepea).<\/a><\/p>\n<p>Segundo o instituto, para se formar uma saca de caf\u00e9 beneficiado, t\u00eam sido necess\u00e1rios mais gr\u00e3os que o normal. Em Minas Gerais e parte do estado de S\u00e3o Paulo, h\u00e1 relatos de at\u00e9 12 saquinhos para completar uma saca de caf\u00e9 beneficiado de 60 quilos, contra m\u00e9dia de 7 a 8 saquinhos.\u00a0<\/p>\n<\/div>\n<div>\n<p>Ainda conforme pesquisadores, esse cen\u00e1rio evidencia que as lavouras de ar\u00e1bica estavam debilitadas ap\u00f3s o baixo volume de chuva e os per\u00edodos de altas temperaturas durante o outono e o inverno de 2024.\u00a0<\/p>\n<p>Al\u00e9m disso, a menor pluviosidade entre meados de fevereiro e mar\u00e7o de 2025 piorou as condi\u00e7\u00f5es das lavouras. Diante disso, parte dos agentes consultados pelo Cepea acredita que dados oficiais de produ\u00e7\u00e3o podem passar por reajustes negativos nos pr\u00f3ximos meses.<\/p>\n<p><em>*Sob supervis\u00e3o de Luis Roberto Toledo<\/em><\/p>\n<\/p><\/div>\n<p><br \/>\n<br \/><a href=\"https:\/\/www.canalrural.com.br\/agricultura\/cafe-perspectiva-e-de-baixo-rendimento-no-final-da-colheita\/\">Source link <\/a><\/p>\n","protected":false},"excerpt":{"rendered":"<p>A colheita de caf\u00e9 ar\u00e1bica deve se encerrar ainda neste m\u00eas na maioria das regi\u00f5es produtoras brasileiras com rendimento menor<\/p>\n","protected":false},"author":1,"featured_media":4442,"comment_status":"open","ping_status":"open","sticky":false,"template":"","format":"standard","meta":{"_monsterinsights_skip_tracking":false,"_monsterinsights_sitenote_active":false,"_monsterinsights_sitenote_note":"","_monsterinsights_sitenote_category":0,"_uf_show_specific_survey":0,"_uf_disable_surveys":false,"footnotes":""},"categories":[1],"tags":[],"class_list":["post-18491","post","type-post","status-publish","format-standard","has-post-thumbnail","hentry","category-news"],"_links":{"self":[{"href":"https:\/\/agromt.news\/index.php?rest_route=\/wp\/v2\/posts\/18491"}],"collection":[{"href":"https:\/\/agromt.news\/index.php?rest_route=\/wp\/v2\/posts"}],"about":[{"href":"https:\/\/agromt.news\/index.php?rest_route=\/wp\/v2\/types\/post"}],"author":[{"embeddable":true,"href":"https:\/\/agromt.news\/index.php?rest_route=\/wp\/v2\/users\/1"}],"replies":[{"embeddable":true,"href":"https:\/\/agromt.news\/index.php?rest_route=%2Fwp%2Fv2%2Fcomments&post=18491"}],"version-history":[{"count":0,"href":"https:\/\/agromt.news\/index.php?rest_route=\/wp\/v2\/posts\/18491\/revisions"}],"wp:featuredmedia":[{"embeddable":true,"href":"https:\/\/agromt.news\/index.php?rest_route=\/wp\/v2\/media\/4442"}],"wp:attachment":[{"href":"https:\/\/agromt.news\/index.php?rest_route=%2Fwp%2Fv2%2Fmedia&parent=18491"}],"wp:term":[{"taxonomy":"category","embeddable":true,"href":"https:\/\/agromt.news\/index.php?rest_route=%2Fwp%2Fv2%2Fcategories&post=18491"},{"taxonomy":"post_tag","embeddable":true,"href":"https:\/\/agromt.news\/index.php?rest_route=%2Fwp%2Fv2%2Ftags&post=18491"}],"curies":[{"name":"wp","href":"https:\/\/api.w.org\/{rel}","templated":true}]}}