{"id":18489,"date":"2025-08-13T09:39:36","date_gmt":"2025-08-13T13:39:36","guid":{"rendered":"https:\/\/agromt.news\/?p=18489"},"modified":"2025-08-13T09:39:36","modified_gmt":"2025-08-13T13:39:36","slug":"o-futuro-do-agro-paulista-conquistas-desafios-e-o-compromisso-com-o-dialogo","status":"publish","type":"post","link":"https:\/\/agromt.news\/?p=18489","title":{"rendered":"O futuro do agro paulista: conquistas, desafios e o compromisso com o di\u00e1logo"},"content":{"rendered":"<p> <br \/>\n<\/p>\n<div>\n<p>\u00c9 com entusiasmo e senso de responsabilidade que celebramos a nova parceria<br \/>entre a <strong>Federa\u00e7\u00e3o da Agricultura e Pecu\u00e1ria do Estado de S\u00e3o Paulo (Faesp) <\/strong>e o<strong> Canal Rural<\/strong>. Este espa\u00e7o ser\u00e1 dedicado n\u00e3o apenas \u00e0 divulga\u00e7\u00e3o de informa\u00e7\u00f5es<br \/>estrat\u00e9gicas do setor agropecu\u00e1rio paulista, mas tamb\u00e9m \u00e0 reflex\u00e3o cr\u00edtica sobre os<br \/>caminhos que percorremos e os horizontes que ainda podemos construir. <\/p>\n<p>O campo paulista vive um momento de transforma\u00e7\u00e3o profunda, que exige protagonismo, uni\u00e3o e, acima de tudo, compromisso com o conhecimento. O setor agropecu\u00e1rio de S\u00e3o Paulo \u00e9 uma pot\u00eancia. Representa aproximadamente 14% do PIB agro brasileiro, liderando em diversas cadeias produtivas como cana-de-a\u00e7\u00facar, citricultura, flores, olericultura, borracha, caf\u00e9 ar\u00e1bica e prote\u00edna animal.<\/p>\n<p>Mesmo diante das intemp\u00e9ries clim\u00e1ticas, de instabilidades pol\u00edticas e dos<br \/>frequentes desafios nas rela\u00e7\u00f5es comerciais internacionais, nossos produtores<br \/>seguem demonstrando capacidade de adapta\u00e7\u00e3o e resili\u00eancia. S\u00e3o<br \/>empreendedores que enfrentam a seca e o excesso de chuvas, os entraves<br \/>log\u00edsticos e as oscila\u00e7\u00f5es de mercado com coragem e vis\u00e3o de futuro.<\/p>\n<p>Nossas conquistas recentes s\u00e3o reflexo direto do investimento em capacita\u00e7\u00e3o,<br \/>inova\u00e7\u00e3o e sustentabilidade. O <strong>Sistema Faesp\/Senar-SP<\/strong>, em parceria com os<br \/>sindicatos rurais, oferece anualmente milhares de cursos e programas que<br \/>profissionalizam o produtor, elevam a produtividade e promovem a sucess\u00e3o familiar<br \/>no campo. A difus\u00e3o de tecnologias, o est\u00edmulo \u00e0 agricultura de baixo carbono, o<br \/>apoio \u00e0 regulariza\u00e7\u00e3o ambiental e a inclus\u00e3o da mulher e do jovem rural nas<br \/>decis\u00f5es estrat\u00e9gicas tamb\u00e9m s\u00e3o pilares dessa transforma\u00e7\u00e3o silenciosa, mas<br \/>profundamente eficaz, que acontece diariamente nas propriedades paulistas.<\/p>\n<\/div>\n<div>\n<p>Neste espa\u00e7o no Canal Rural, vamos aprofundar debates que interessam a todos: o<br \/>futuro da pol\u00edtica agr\u00edcola, os impactos de medidas internacionais como as tarifas<br \/>sobre produtos brasileiros, a inser\u00e7\u00e3o do pequeno e m\u00e9dio produtor no mercado<br \/>global, os desafios da seguran\u00e7a h\u00eddrica e energ\u00e9tica, e os caminhos da transi\u00e7\u00e3o<br \/>agroecol\u00f3gica. Queremos aproximar o produtor da tomada de decis\u00e3o e da<br \/>formula\u00e7\u00e3o de pol\u00edticas p\u00fablicas. O agro paulista \u00e9 feito de gente que produz com<br \/>paix\u00e3o, e essa voz precisa ser ouvida com aten\u00e7\u00e3o e respeito.<\/p>\n<p>Convido voc\u00ea, produtor, t\u00e9cnica, estudante ou profissional do campo, a nos<br \/>acompanhar nesta jornada. Vamos juntos construir um agro cada vez mais forte, inclusivo, competitivo e inovador. Esta parceria \u00e9 mais do que institucional: \u00e9 um<br \/>compromisso com o Brasil que planta, colhe e alimenta o mundo.<\/p>\n<div class=\"wp-block-columns is-layout-flex wp-container-core-columns-is-layout-9d6595d7 wp-block-columns-is-layout-flex\">\n<div class=\"wp-block-column is-layout-flow wp-block-column-is-layout-flow\" style=\"flex-basis:66.66%\">\n<figure class=\"wp-block-image size-large\"><img fetchpriority=\"high\" decoding=\"async\" width=\"1024\" height=\"744\" src=\"https:\/\/agromt.news\/wp-content\/uploads\/2025\/08\/O-futuro-do-agro-paulista-conquistas-desafios-e-o-compromisso.jpg\" alt=\"\" class=\"wp-image-4116675\"  \/><\/figure>\n<\/div>\n<div class=\"wp-block-column is-vertically-aligned-center is-layout-flow wp-block-column-is-layout-flow\" style=\"flex-basis:80%\">\n<p style=\"font-size:19px\"><strong>Tirso Meirelles \u2013<\/strong> Presidente do Sistema Faesp\/Senar-SP<\/p>\n<p style=\"font-size:19px\">Economista e produtor rural, atua h\u00e1 d\u00e9cadas no fortalecimento da produ\u00e7\u00e3o paulista, capacitando e abrindo mercados para pequenos e m\u00e9dios produtores.<\/p>\n<\/div>\n<\/div>\n<hr class=\"wp-block-separator has-alpha-channel-opacity\"\/>\n<p><em>O <strong>Canal Rural <\/strong>n\u00e3o se responsabiliza pelas opini\u00f5es e conceitos emitidos nos textos desta sess\u00e3o, sendo os conte\u00fados de inteira responsabilidade de seus autores. A empresa se reserva o direito de fazer ajustes no texto para adequa\u00e7\u00e3o \u00e0s normas de publica\u00e7\u00e3o<\/em><\/p>\n<\/p><\/div>\n<p><br \/>\n<br \/><a href=\"https:\/\/www.canalrural.com.br\/opiniao-noticias\/o-futuro-do-agro-paulista-conquistas-desafios-e-o-compromisso-com-o-dialogo\/\">Source link <\/a><\/p>\n","protected":false},"excerpt":{"rendered":"<p>\u00c9 com entusiasmo e senso de responsabilidade que celebramos a nova parceriaentre a Federa\u00e7\u00e3o da Agricultura e Pecu\u00e1ria do Estado<\/p>\n","protected":false},"author":1,"featured_media":18490,"comment_status":"open","ping_status":"open","sticky":false,"template":"","format":"standard","meta":{"_monsterinsights_skip_tracking":false,"_monsterinsights_sitenote_active":false,"_monsterinsights_sitenote_note":"","_monsterinsights_sitenote_category":0,"_uf_show_specific_survey":0,"_uf_disable_surveys":false,"footnotes":""},"categories":[1],"tags":[],"class_list":["post-18489","post","type-post","status-publish","format-standard","has-post-thumbnail","hentry","category-news"],"_links":{"self":[{"href":"https:\/\/agromt.news\/index.php?rest_route=\/wp\/v2\/posts\/18489"}],"collection":[{"href":"https:\/\/agromt.news\/index.php?rest_route=\/wp\/v2\/posts"}],"about":[{"href":"https:\/\/agromt.news\/index.php?rest_route=\/wp\/v2\/types\/post"}],"author":[{"embeddable":true,"href":"https:\/\/agromt.news\/index.php?rest_route=\/wp\/v2\/users\/1"}],"replies":[{"embeddable":true,"href":"https:\/\/agromt.news\/index.php?rest_route=%2Fwp%2Fv2%2Fcomments&post=18489"}],"version-history":[{"count":0,"href":"https:\/\/agromt.news\/index.php?rest_route=\/wp\/v2\/posts\/18489\/revisions"}],"wp:featuredmedia":[{"embeddable":true,"href":"https:\/\/agromt.news\/index.php?rest_route=\/wp\/v2\/media\/18490"}],"wp:attachment":[{"href":"https:\/\/agromt.news\/index.php?rest_route=%2Fwp%2Fv2%2Fmedia&parent=18489"}],"wp:term":[{"taxonomy":"category","embeddable":true,"href":"https:\/\/agromt.news\/index.php?rest_route=%2Fwp%2Fv2%2Fcategories&post=18489"},{"taxonomy":"post_tag","embeddable":true,"href":"https:\/\/agromt.news\/index.php?rest_route=%2Fwp%2Fv2%2Ftags&post=18489"}],"curies":[{"name":"wp","href":"https:\/\/api.w.org\/{rel}","templated":true}]}}