{"id":18485,"date":"2025-08-13T08:57:05","date_gmt":"2025-08-13T12:57:05","guid":{"rendered":"https:\/\/agromt.news\/?p=18485"},"modified":"2025-08-13T08:57:05","modified_gmt":"2025-08-13T12:57:05","slug":"massa-polar-perde-forca-e-onda-de-frio-se-aproxima-do-fim-veja-quando-na-previsao-do-tempo","status":"publish","type":"post","link":"https:\/\/agromt.news\/?p=18485","title":{"rendered":"Massa polar perde for\u00e7a e onda de frio se aproxima do fim; veja quando na previs\u00e3o do tempo"},"content":{"rendered":"<p> <br \/>\n<br \/><img decoding=\"async\" src=\"https:\/\/agromt.news\/wp-content\/uploads\/2025\/08\/Massa-polar-perde-forca-e-onda-de-frio-se-aproxima.jpg\" \/><\/p>\n<div>\n<p>A circula\u00e7\u00e3o de ventos na atmosfera associados \u00e0 presen\u00e7a de uma \u00e1rea de alta press\u00e3o devem manter o predom\u00ednio de tempo firme e as temperaturas mais amenas nos estados da regi\u00e3o Sul nesta quarta-feira (13). Ainda pela manh\u00e3, haver\u00e1 condi\u00e7\u00f5es para forma\u00e7\u00e3o de geada em \u00e1reas da serra ga\u00facha, serra e regi\u00e3o central catarinense, al\u00e9m de alguns pontos do centro-sul paranaense. <\/p>\n<p>No decorrer do dia, o sol predomina entre algumas varia\u00e7\u00f5es de nebulosidade e n\u00e3o h\u00e1 previs\u00e3o de chuva significativa para nenhuma das \u00e1reas. Na parte da tarde, o ar seco ganha for\u00e7a e estabelece o alerta de baixa umidade do ar em boa parte do interior paranaense. Algumas \u00e1reas do norte e noroeste ganham destaque, pois podem apresentar \u00edndices inseridos em um cen\u00e1rio de alerta \u2013 abaixo de 20% \u2013 durante as horas mais quentes. Nas demais regi\u00f5es paranaenses \u2013 com exce\u00e7\u00e3o do sul e sudoeste \u2013 devem apresentar valores abaixo de 30%, incluindo Curitiba.<\/p>\n<p>No Sudeste, a condi\u00e7\u00e3o de tempo est\u00e1vel tamb\u00e9m deve predominar ao longo do dia, com predom\u00ednio de sol entre algumas varia\u00e7\u00f5es de nebulosidade. Conforme a massa de ar polar perde for\u00e7a e influ\u00eancia na regi\u00e3o, os term\u00f4metros voltam a apresentar maior aumento em compara\u00e7\u00e3o aos dias anteriores. Ainda nas primeiras horas da manh\u00e3, as m\u00ednimas permanecem mais baixas, e algumas \u00e1reas do extremo sul de MG e da Serra da Mantiqueira podem contar com forma\u00e7\u00e3o de geada pontual. <\/p>\n<p>\u00c0 tarde, o ar seco segue ganhando destaque e refor\u00e7a o alerta de baixa umidade do ar em boa parte do estado de S\u00e3o Paulo,  incluindo a regi\u00e3o metropolitana, e de Minas Gerais. Em S\u00e3o Paulo, os \u00edndices devem permanecer abaixo de 20% durante a tarde. Em Belo Horizonte, entre 21% e 30%. Ainda no estado mineiro, \u00e1reas do tri\u00e2ngulo devem registrar valores de umidade abaixo de 12% no decorrer das horas mais quentes.<\/p>\n<p><em>Veja em primeira m\u00e3o tudo sobre agricultura, pecu\u00e1ria, economia e previs\u00e3o do tempo:<\/em><a href=\"https:\/\/news.google.com\/publications\/CAAqBwgKMPKZlQswq_mqAw?hl=pt-BR&amp;gl=BR&amp;ceid=BR%3Apt-419\" target=\"_blank\" rel=\"noreferrer noopener\"><em>\u00a0siga o Canal Rural no Google News!<\/em><\/a><\/p>\n<\/div>\n<div>\n<p>Enquanto no Centro-Oeste, o tempo firme segue marcando presen\u00e7a em todos os estados, com predom\u00ednio de sol ao longo do dia e calor voltando a ganhar destaque \u2013 juntamente com o ar seco. Ainda pela manh\u00e3, as temperaturas permanecem mais baixas entre Mato Grosso do Sul e sul de Goi\u00e1s, e o frio ainda segue presente. No decorrer do dia, o sol e o ar seco ganham for\u00e7a, sendo assim, calor e alerta de baixa umidade do ar ganham for\u00e7a j\u00e1 a partir do in\u00edcio da tarde em todos os estados \u2013 com \u00edndices em n\u00edveis de alerta, abaixo de 20%. O cen\u00e1rio de maior aten\u00e7\u00e3o fica entre o sul de Goi\u00e1s e o leste de Mato Grosso, onde h\u00e1 risco para que os \u00edndices de umidade fiquem abaixo de 12% durante as horas mais quentes \u2013 ilustrando um cen\u00e1rio de emerg\u00eancia.<\/p>\n<p>J\u00e1 no Nordeste, a incurs\u00e3o de umidade vinda do oceano em dire\u00e7\u00e3o ao continente deve seguir realizando a manuten\u00e7\u00e3o das instabilidades no litoral da Bahia, e as pancadas de chuva ganham for\u00e7a e se espalham ainda no per\u00edodo da manh\u00e3. N\u00e3o est\u00e3o descartados eventuais temporais \u2013 sobretudo entre o litoral sul e a regi\u00e3o do rec\u00f4ncavo baiano. Entre o litoral de Sergipe e Alagoas, h\u00e1 risco de chuva forte isolada em alguns intervalos do dia. No litoral do Recife, tamb\u00e9m pela incid\u00eancia de umidade vinda do oceano, pode chover com fraca a moderada intensidade ao longo do dia. <\/p>\n<p>Entre o Maranh\u00e3o, parte do interior do Piau\u00ed e do Cear\u00e1, a presen\u00e7a de umidade na atmosfera local e a circula\u00e7\u00e3o de ventos em superf\u00edcie tamb\u00e9m deve favorecer a ocorr\u00eancia de pancadas de chuva com moderada a pontual forte intensidade.<\/p>\n<p>E no Norte, as instabilidades devem seguir atuando sobre o Amazonas, Par\u00e1 e Roraima, mas come\u00e7am a se espalhar sobre o Amap\u00e1 e parte do Tocantins. O sol aparece entre nuvens no decorrer das horas, no entanto, as pancadas de chuva podem vir com forte intensidade a partir do per\u00edodo da tarde. N\u00e3o est\u00e3o descartados temporais localizados, especialmente entre Amazonas e Par\u00e1, al\u00e9m do norte do Tocantins. Entre Acre e Rond\u00f4nia, predom\u00ednio de tempo firme, com destaque para o calor intenso \u00e0 tarde. Em Rond\u00f4nia, o per\u00edodo da tarde ficar\u00e1 marcado pelo alerta de baixa umidade do ar \u2013 com \u00edndices que devem permanecer abaixo dos 30%.<\/p>\n<div data-icp-cta=\"1\" id=\"icp-cta-unique\">Voc\u00ea quer entender como usar o clima a seu favor?<b> <\/b><a href=\"https:\/\/climacampo.canalrural.com.br\/climacampo_-01\">Preparamos um e-book exclusivo<\/a> para ajudar produtores rurais a se antecipar \u00e0s mudan\u00e7as do tempo e planejar melhor suas a\u00e7\u00f5es. Com base em previs\u00f5es meteorol\u00f3gicas confi\u00e1veis, ele oferece orienta\u00e7\u00f5es pr\u00e1ticas para proteger sua lavoura e otimizar seus resultados.<\/div>\n<\/div>\n<p><br \/>\n<br \/><a href=\"https:\/\/www.canalrural.com.br\/tempo\/massa-polar-perde-forca-e-onda-de-frio-se-aproxima-do-fim-veja-quando-na-previsao-do-tempo\/\">Source link <\/a><\/p>\n","protected":false},"excerpt":{"rendered":"<p>A circula\u00e7\u00e3o de ventos na atmosfera associados \u00e0 presen\u00e7a de uma \u00e1rea de alta press\u00e3o devem manter o predom\u00ednio de<\/p>\n","protected":false},"author":1,"featured_media":18486,"comment_status":"open","ping_status":"open","sticky":false,"template":"","format":"standard","meta":{"_monsterinsights_skip_tracking":false,"_monsterinsights_sitenote_active":false,"_monsterinsights_sitenote_note":"","_monsterinsights_sitenote_category":0,"_uf_show_specific_survey":0,"_uf_disable_surveys":false,"footnotes":""},"categories":[1],"tags":[],"class_list":["post-18485","post","type-post","status-publish","format-standard","has-post-thumbnail","hentry","category-news"],"_links":{"self":[{"href":"https:\/\/agromt.news\/index.php?rest_route=\/wp\/v2\/posts\/18485"}],"collection":[{"href":"https:\/\/agromt.news\/index.php?rest_route=\/wp\/v2\/posts"}],"about":[{"href":"https:\/\/agromt.news\/index.php?rest_route=\/wp\/v2\/types\/post"}],"author":[{"embeddable":true,"href":"https:\/\/agromt.news\/index.php?rest_route=\/wp\/v2\/users\/1"}],"replies":[{"embeddable":true,"href":"https:\/\/agromt.news\/index.php?rest_route=%2Fwp%2Fv2%2Fcomments&post=18485"}],"version-history":[{"count":0,"href":"https:\/\/agromt.news\/index.php?rest_route=\/wp\/v2\/posts\/18485\/revisions"}],"wp:featuredmedia":[{"embeddable":true,"href":"https:\/\/agromt.news\/index.php?rest_route=\/wp\/v2\/media\/18486"}],"wp:attachment":[{"href":"https:\/\/agromt.news\/index.php?rest_route=%2Fwp%2Fv2%2Fmedia&parent=18485"}],"wp:term":[{"taxonomy":"category","embeddable":true,"href":"https:\/\/agromt.news\/index.php?rest_route=%2Fwp%2Fv2%2Fcategories&post=18485"},{"taxonomy":"post_tag","embeddable":true,"href":"https:\/\/agromt.news\/index.php?rest_route=%2Fwp%2Fv2%2Ftags&post=18485"}],"curies":[{"name":"wp","href":"https:\/\/api.w.org\/{rel}","templated":true}]}}