{"id":18484,"date":"2025-08-13T08:42:13","date_gmt":"2025-08-13T12:42:13","guid":{"rendered":"https:\/\/agromt.news\/?p=18484"},"modified":"2025-08-13T08:42:13","modified_gmt":"2025-08-13T12:42:13","slug":"haddad-defende-pensar-forma-de-agregar-valor-as-terras-raras","status":"publish","type":"post","link":"https:\/\/agromt.news\/?p=18484","title":{"rendered":"Haddad defende pensar forma de agregar valor \u00e0s terras raras"},"content":{"rendered":"<p> <br \/>\n<br \/><img decoding=\"async\" src=\"https:\/\/agromt.news\/wp-content\/uploads\/2025\/08\/Governo-autorizara-estados-a-comprar-alimentos-afetados-por-tarifaco.jpg\" \/><\/p>\n<div>\n<p>O ministro da Fazenda, Fernando Haddad, disse que os tr\u00eas poderes precisam pensar \u201cestrategicamente\u201d em como v\u00e3o tratar dos minerais cr\u00edticos de<a href=\"https:\/\/www.canalrural.com.br\/economia\/terras-raras-pode-ser-trunfo-brasileiro-nas-negociacoes-sobre-o-tarifaco\/\"> terras raras brasileiras<\/a>. \u201cO padr\u00e3o brasileiro \u00e9 exportar <em>commodity.<\/em> E n\u00f3s devemos pensar nesse caso espec\u00edfico porque \u00e9 um caso muito especial, n\u00e3o \u00e9 como min\u00e9rio de ferro. Tem muitos lugares. Aqui n\u00e3o. Aqui voc\u00ea tem concentra\u00e7\u00e3o no Brasil. Em poucos pa\u00edses, na China tem muito, no Brasil tem muito. E por isso que a turma fica de olho no territ\u00f3rio nacional\u201d, comentou Haddad.<\/p>\n<p>\u201cN\u00f3s t\u00ednhamos que pensar uma forma de agregar valor a esse min\u00e9rio\u201d, completou durante participa\u00e7\u00e3o na comiss\u00e3o mista que analisa a medida provis\u00f3ria (MP) alternativa ao IOF.<\/p>\n<p><em>Veja em primeira m\u00e3o tudo sobre agricultura, pecu\u00e1ria, economia e previs\u00e3o do tempo:<\/em><a href=\"https:\/\/news.google.com\/publications\/CAAqBwgKMPKZlQswq_mqAw?hl=pt-BR&amp;gl=BR&amp;ceid=BR%3Apt-419\" target=\"_blank\" rel=\"noreferrer noopener\"><em>\u00a0siga o Canal Rural no Google News!<\/em><\/a><\/p>\n<p>Ele lembrou que o governo brasileiro chegou a discutir com o governo dos Estados Unidos, na gest\u00e3o do ex-presidente Joe Biden, a possibilidade de joint ventures no Brasil para produ\u00e7\u00e3o de baterias no pa\u00eds e para a transfer\u00eancia de tecnologia.<\/p>\n<\/div>\n<div>\n<p>\u201cN\u00f3s chegamos a come\u00e7ar esse entendimento. E eu espero que n\u00f3s possamos fazer com a Europa, com a China, com os Estados Unidos, que s\u00e3o nossos parceiros, fazer acordos de coopera\u00e7\u00e3o tecnol\u00f3gica para agregar valor no Brasil\u201d, afirmou. Ele defendeu que o Brasil n\u00e3o seja \u201cum simples exportador de mais uma commodity\u201d, e acrescentou que esse debate n\u00e3o pode ser adiado.<\/p>\n<h2 class=\"wp-block-heading\" id=\"h-projeto-de-renuncia-fiscal\"><b>Projeto de ren\u00fancia fiscal<\/b><\/h2>\n<p>O ministro tamb\u00e9m respondeu a uma quest\u00e3o sobre o projeto de ren\u00fancia fiscal que est\u00e1 em an\u00e1lise pela C\u00e2mara dos Deputados. A mat\u00e9ria define crit\u00e9rios para a concess\u00e3o de benef\u00edcios fiscais. <\/p>\n<p>Ele disse que o deputado Aguinaldo Ribeiro (PP-PB) tem procurado a equipe econ\u00f4mica para debater e, eventualmente, compatibilizar esse texto com o do governo. \u201cEst\u00e1 havendo ali um entendimento para ver se n\u00f3s chegamos a um acordo.\u201d<\/p>\n<\/p><\/div>\n<p><br \/>\n<br \/><a href=\"https:\/\/www.canalrural.com.br\/nacional\/haddad-defende-pensar-forma-de-agregar-valor-as-terras-raras\/\">Source link <\/a><\/p>\n","protected":false},"excerpt":{"rendered":"<p>O ministro da Fazenda, Fernando Haddad, disse que os tr\u00eas poderes precisam pensar \u201cestrategicamente\u201d em como v\u00e3o tratar dos minerais<\/p>\n","protected":false},"author":1,"featured_media":17905,"comment_status":"open","ping_status":"open","sticky":false,"template":"","format":"standard","meta":{"_monsterinsights_skip_tracking":false,"_monsterinsights_sitenote_active":false,"_monsterinsights_sitenote_note":"","_monsterinsights_sitenote_category":0,"_uf_show_specific_survey":0,"_uf_disable_surveys":false,"footnotes":""},"categories":[1],"tags":[],"class_list":["post-18484","post","type-post","status-publish","format-standard","has-post-thumbnail","hentry","category-news"],"_links":{"self":[{"href":"https:\/\/agromt.news\/index.php?rest_route=\/wp\/v2\/posts\/18484"}],"collection":[{"href":"https:\/\/agromt.news\/index.php?rest_route=\/wp\/v2\/posts"}],"about":[{"href":"https:\/\/agromt.news\/index.php?rest_route=\/wp\/v2\/types\/post"}],"author":[{"embeddable":true,"href":"https:\/\/agromt.news\/index.php?rest_route=\/wp\/v2\/users\/1"}],"replies":[{"embeddable":true,"href":"https:\/\/agromt.news\/index.php?rest_route=%2Fwp%2Fv2%2Fcomments&post=18484"}],"version-history":[{"count":0,"href":"https:\/\/agromt.news\/index.php?rest_route=\/wp\/v2\/posts\/18484\/revisions"}],"wp:featuredmedia":[{"embeddable":true,"href":"https:\/\/agromt.news\/index.php?rest_route=\/wp\/v2\/media\/17905"}],"wp:attachment":[{"href":"https:\/\/agromt.news\/index.php?rest_route=%2Fwp%2Fv2%2Fmedia&parent=18484"}],"wp:term":[{"taxonomy":"category","embeddable":true,"href":"https:\/\/agromt.news\/index.php?rest_route=%2Fwp%2Fv2%2Fcategories&post=18484"},{"taxonomy":"post_tag","embeddable":true,"href":"https:\/\/agromt.news\/index.php?rest_route=%2Fwp%2Fv2%2Ftags&post=18484"}],"curies":[{"name":"wp","href":"https:\/\/api.w.org\/{rel}","templated":true}]}}