{"id":18481,"date":"2025-08-13T07:52:57","date_gmt":"2025-08-13T11:52:57","guid":{"rendered":"https:\/\/agromt.news\/?p=18481"},"modified":"2025-08-13T07:52:57","modified_gmt":"2025-08-13T11:52:57","slug":"produtor-paulista-une-mel-e-morango-e-cria-negocio-sustentavel-no-campo","status":"publish","type":"post","link":"https:\/\/agromt.news\/?p=18481","title":{"rendered":"Produtor paulista une mel e morango e cria neg\u00f3cio sustent\u00e1vel no campo"},"content":{"rendered":"<p> <br \/>\n<\/p>\n<div>\n<p>De abelhas sem ferr\u00e3o a morangos agroecol\u00f3gicos, o produtor Isa\u00edas Rondinelli Rosa Pasqualini encontrou no campo, especificamente, em S\u00e3o Roque, interior de S\u00e3o Paulo (SP),  um jeito de unir renda e sustentabilidade. <\/p>\n<p>Apaixonado pela <a href=\"https:\/\/www.canalrural.com.br\/empreendedorismo\/apicultor-investe-em-capacitacao-para-empreender-no-mercado-de-meis\/\">apicultura<\/a>, Pasqualini come\u00e7ou em 2016 com colmeias legalizadas e, anos depois, investiu no cultivo de morango. <\/p>\n<p>\u201cOs dois s\u00e3o maravilhosos. Porque, na realidade, um complementa o outro. O morango precisa de muita <a href=\"https:\/\/www.instagram.com\/sitio_pasqualini\/profilecard\/?igsh=OWpvbTdoeW0zMXNz\">poliniza\u00e7\u00e3o<\/a>. Eu tenho um morango que quase n\u00e3o tem deformidade por conta da poliniza\u00e7\u00e3o\u201d, relata.<\/p>\n<p>Ao longo do caminho, ele percebeu que informa\u00e7\u00e3o e capacita\u00e7\u00e3o s\u00e3o essenciais. Por isso, buscou aperfei\u00e7oamento no <a href=\"https:\/\/sebrae.com.br\/sites\/PortalSebrae\/ufs\/SP?codUf=26\">Sebrae\/SP<\/a> e no Senar, incluindo o Empretec Rural e treinamentos sobre gest\u00e3o de custos. \u201cVoc\u00ea precisa saber quanto gasta e quanto vende, para ter certeza de que est\u00e1 lucrando\u201d, afirma o produtor ressaltando a import\u00e2ncia da qualifica\u00e7\u00e3o na hora de empreender. <\/p>\n<\/div>\n<div>\n<ul class=\"wp-block-list\">\n<li>Participe do Porteira Aberta Empreender: envie perguntas, sugest\u00f5es e conte a sua hist\u00f3ria de empreendedorismo pelo<a href=\"https:\/\/api.whatsapp.com\/send?phone=5511932796720&amp;PorteiraAbertaEmpreender=SuaMensagem\"> WhatsApp<\/a><\/li>\n<\/ul>\n<figure class=\"wp-block-image size-large is-resized\"><img fetchpriority=\"high\" decoding=\"async\" width=\"1024\" height=\"768\" alt=\"Na foto, h\u00e1 duas pessoas com roupas espec\u00edficas da apicultura \" class=\"wp-image-4115981\" style=\"width:580px;height:auto\"  data-lazy- src=\"https:\/\/agromt.news\/wp-content\/uploads\/2025\/08\/Produtor-paulista-une-mel-e-morango-e-cria-negocio-sustentavel.jpeg\"\/><img decoding=\"async\" width=\"1024\" height=\"768\" src=\"https:\/\/agromt.news\/wp-content\/uploads\/2025\/08\/Produtor-paulista-une-mel-e-morango-e-cria-negocio-sustentavel.jpeg\" alt=\"Na foto, h\u00e1 duas pessoas com roupas espec\u00edficas da apicultura \" class=\"wp-image-4115981\" style=\"width:580px;height:auto\"  \/><figcaption class=\"wp-element-caption\">\u201cMeu filho est\u00e1 come\u00e7ando a acompanhar o trabalho de retirada do mel\u201d, conta Pasqualini. <br \/>Foto: Arquivo pessoal <\/figcaption><\/figure>\n<h2 class=\"wp-block-heading\" id=\"h-entre-a-lei-e-o-mel\"><strong>Entre a lei e o mel<\/strong><\/h2>\n<p>No in\u00edcio, Pasqualini conta que a maior barreira como apicultor foi a legisla\u00e7\u00e3o. Afinal, para comercializar os produtos de origem animal, \u00e9 preciso estar regularizado nos \u00f3rg\u00e3os competentes. Mas, esta j\u00e1 foi uma etapa superada. Agora, Pasqualini vai comemora mais uma conquista: \u201cminha certifica\u00e7\u00e3o org\u00e2nica.\u201d<\/p>\n<p>Com vis\u00e3o empreendedora, ele integra produ\u00e7\u00e3o, poliniza\u00e7\u00e3o e gest\u00e3o de forma planejada. \u201cAcredito que o conhecimento \u00e9 o ingrediente essencial para manter o campo vivo e rent\u00e1vel. Inclusive, eu estudei, sou p\u00f3s-graduado em apicultura e em meliponicultura\u00a0\u2013 que \u00e9 a cria\u00e7\u00e3o racional de abelhas sem ferr\u00e3o\u201d, diz o produtor orgulhoso dos seus cultivos, t\u00edtulos e do interesse do filho pela apicultura: \u201cmeu filho est\u00e1 come\u00e7ando a acompanhar o trabalho de retirada do mel\u201d, finaliza Pasqualini. <\/p>\n<\/p><\/div>\n<p><script async src=\"\/\/www.instagram.com\/embed.js\"><\/script><br \/>\n<br \/><br \/>\n<br \/><a href=\"https:\/\/www.canalrural.com.br\/empreendedorismo\/produtor-paulista-une-mel-e-morango-e-cria-negocio-sustentavel-no-campo\/\">Source link <\/a><\/p>\n","protected":false},"excerpt":{"rendered":"<p>De abelhas sem ferr\u00e3o a morangos agroecol\u00f3gicos, o produtor Isa\u00edas Rondinelli Rosa Pasqualini encontrou no campo, especificamente, em S\u00e3o Roque,<\/p>\n","protected":false},"author":1,"featured_media":18482,"comment_status":"open","ping_status":"open","sticky":false,"template":"","format":"standard","meta":{"_monsterinsights_skip_tracking":false,"_monsterinsights_sitenote_active":false,"_monsterinsights_sitenote_note":"","_monsterinsights_sitenote_category":0,"_uf_show_specific_survey":0,"_uf_disable_surveys":false,"footnotes":""},"categories":[1],"tags":[],"class_list":["post-18481","post","type-post","status-publish","format-standard","has-post-thumbnail","hentry","category-news"],"_links":{"self":[{"href":"https:\/\/agromt.news\/index.php?rest_route=\/wp\/v2\/posts\/18481"}],"collection":[{"href":"https:\/\/agromt.news\/index.php?rest_route=\/wp\/v2\/posts"}],"about":[{"href":"https:\/\/agromt.news\/index.php?rest_route=\/wp\/v2\/types\/post"}],"author":[{"embeddable":true,"href":"https:\/\/agromt.news\/index.php?rest_route=\/wp\/v2\/users\/1"}],"replies":[{"embeddable":true,"href":"https:\/\/agromt.news\/index.php?rest_route=%2Fwp%2Fv2%2Fcomments&post=18481"}],"version-history":[{"count":0,"href":"https:\/\/agromt.news\/index.php?rest_route=\/wp\/v2\/posts\/18481\/revisions"}],"wp:featuredmedia":[{"embeddable":true,"href":"https:\/\/agromt.news\/index.php?rest_route=\/wp\/v2\/media\/18482"}],"wp:attachment":[{"href":"https:\/\/agromt.news\/index.php?rest_route=%2Fwp%2Fv2%2Fmedia&parent=18481"}],"wp:term":[{"taxonomy":"category","embeddable":true,"href":"https:\/\/agromt.news\/index.php?rest_route=%2Fwp%2Fv2%2Fcategories&post=18481"},{"taxonomy":"post_tag","embeddable":true,"href":"https:\/\/agromt.news\/index.php?rest_route=%2Fwp%2Fv2%2Ftags&post=18481"}],"curies":[{"name":"wp","href":"https:\/\/api.w.org\/{rel}","templated":true}]}}