{"id":18476,"date":"2025-08-13T04:10:22","date_gmt":"2025-08-13T08:10:22","guid":{"rendered":"https:\/\/agromt.news\/?p=18476"},"modified":"2025-08-13T04:10:22","modified_gmt":"2025-08-13T08:10:22","slug":"baixa-oferta-eleva-preco-do-leite-no-mato-grosso","status":"publish","type":"post","link":"https:\/\/agromt.news\/?p=18476","title":{"rendered":"Baixa oferta eleva pre\u00e7o do leite no Mato Grosso"},"content":{"rendered":"<p> <br \/>\n<\/p>\n<div>\n<div class=\"row\">\n<div class=\"col-lg col-infos mt-0 mt-lg-0\">\n<div class=\"section-sub-title\">\n<p itemprop=\"description\">&#13;<br \/>\n                                Pre\u00e7o do leite sobe 14,25% no semestre&#13;\n                            <\/p>\n<\/p><\/div>\n<div class=\"container\">\n<div class=\"row\">\n<div class=\"col-lg p-0\">\n<div>\n<div class=\"block-news-main-infos mt-3 text-start\">\n<p>                                            <strong class=\"fn\" itemprop=\"author\" style=\"color: rgb(112, 112, 112); \">&#13;<br \/>\n                                                <a href=\"https:\/\/www.agrolink.com.br\/noticias\/javascript:;\" class=\"text-uppercase\" target=\"_blank\" style=\"color: rgb(112, 112, 112); \" rel=\"noopener\">Agrolink<\/a>&#13;<br \/>\n&#13;<br \/>\n                                                    &#8211; Seane Lennon&#13;<br \/>\n&#13;<br \/>\n                                            <\/strong><br \/>\n                                        <\/p>\n<p>                                            <abbr><time datetime=\"2025-08-12T18:11\" itemprop=\"datePublished dateModified\">Publicado em 12\/08\/2025 \u00e0s 18:11h.<\/time><\/abbr><br \/>\n                                            <\/p><\/div>\n<\/p><\/div>\n<\/p><\/div>\n<div class=\"col-lg p-0 text-lg-end\">\n<div>\n<div id=\"mdEnviarPagina\" class=\"modal fade\" role=\"dialog\">\n<div class=\"modal-dialog\">\n<div class=\"modal-content\">\n<div class=\"modal-body\">\n<p><strong>Estimado usu\u00e1rio.<\/strong><br \/>Preencha o formul\u00e1rio abaixo para remeter a p\u00e1gina.<\/p>\n<\/p><\/div>\n<\/p><\/div>\n<\/p><\/div>\n<\/div><\/div>\n<\/p><\/div>\n<\/p><\/div>\n<\/p><\/div>\n<\/p><\/div>\n<\/p><\/div>\n<div class=\"row justify-content-md-center mt-3\">\n<div class=\"col-lg-auto col-image block-news-main-image\">\n<p>                                <img decoding=\"async\" src=\"https:\/\/www.agrolink.com.br\/upload\/imagens-resizes\/39a5bc7e99304269a7718483df619dfd_858x483.jpg\" class=\"lazyload img-fluid\"\/><br \/>\n                                                <span class=\"publicity-photo d-block mt-1\">Foto: Divulga\u00e7\u00e3o<\/span><\/p><\/div>\n<\/p><\/div>\n<div class=\"section-description section-description-noticias mt-3\">\n<p style=\"text-align:justify\">Segundo an\u00e1lise semanal do Instituto Mato-Grossense de Economia Agropecu\u00e1ria (Imea), divulgada nesta segunda-feira (12), o produtor de leite de Mato Grosso recebeu, no primeiro semestre de 2025, em m\u00e9dia, R$ 2,31 por litro. O valor representa alta de 14,25% em rela\u00e7\u00e3o ao mesmo per\u00edodo de 2024 e \u00e9 o maior j\u00e1 registrado para um primeiro semestre desde o in\u00edcio da s\u00e9rie hist\u00f3rica, em 2015.&#13;\n<\/p>\n<p style=\"text-align:justify\">O instituto apontou que a eleva\u00e7\u00e3o foi influenciada pela menor oferta de leite no estado e pelo aumento dos custos de produ\u00e7\u00e3o. \u201cNo mesmo per\u00edodo, o \u00cdndice de Capta\u00e7\u00e3o de Leite (ICAP-L) em Mato Grosso foi de 51,28%, queda de 3,47 pontos percentuais, atingindo a menor m\u00e9dia desde 2015\u201d, informou o Imea.&#13;\n<\/p>\n<p style=\"text-align:justify\">Ainda segundo o levantamento, o Diferencial de Base (DB) entre o pre\u00e7o do leite em Mato Grosso e a \u201cM\u00e9dia Brasil\u201d, calculada pelo Centro de Estudos Avan\u00e7ados em Economia Aplicada (Cepea), ficou em -14,64%, equivalente a -R$ 0,40 por litro. Trata-se da menor diferen\u00e7a desde o primeiro semestre de 2016.&#13;\n<\/p>\n<p style=\"text-align:justify\">Para os pr\u00f3ximos meses, a expectativa do Imea \u00e9 de que a redu\u00e7\u00e3o das chuvas, com o pico do per\u00edodo de seca no estado, impacte ainda mais a capta\u00e7\u00e3o de leite na regi\u00e3o.<\/p>\n<\/p><\/div>\n<\/p><\/div>\n<p><script data-cfasync=\"false\">\n    !function (f, b, e, v, n, t, s) {\n        if (f.fbq) return; n = f.fbq = function () {\n            n.callMethod ?\n                n.callMethod.apply(n, arguments) : n.queue.push(arguments)\n        };\n        if (!f._fbq) f._fbq = n; n.push = n; n.loaded = !0; n.version = '2.0';\n        n.queue = []; t = b.createElement(e); t.async = !0;\n        t.src = v; s = b.getElementsByTagName(e)[0];\n        s.parentNode.insertBefore(t, s)\n    }(window, document, 'script',\n        'https:\/\/connect.facebook.net\/en_US\/fbevents.js');\n    fbq('init', '522546078623747');\n    fbq('track', 'PageView');\n<\/script><br \/>\n<br \/><br \/>\n<br \/><a href=\"https:\/\/www.agrolink.com.br\/noticias\/baixa-oferta-eleva-preco-do-leite-no-mato-grosso_504867.html\">Source link <\/a><\/p>\n","protected":false},"excerpt":{"rendered":"<p>&#13; Pre\u00e7o do leite sobe 14,25% no semestre&#13; &#13; Agrolink&#13; &#13; &#8211; Seane Lennon&#13; &#13; Publicado em 12\/08\/2025 \u00e0s 18:11h.<\/p>\n","protected":false},"author":1,"featured_media":2777,"comment_status":"open","ping_status":"open","sticky":false,"template":"","format":"standard","meta":{"_monsterinsights_skip_tracking":false,"_monsterinsights_sitenote_active":false,"_monsterinsights_sitenote_note":"","_monsterinsights_sitenote_category":0,"_uf_show_specific_survey":0,"_uf_disable_surveys":false,"footnotes":""},"categories":[8,1,14],"tags":[],"class_list":["post-18476","post","type-post","status-publish","format-standard","has-post-thumbnail","hentry","category-agro","category-news","category-politica-agro"],"_links":{"self":[{"href":"https:\/\/agromt.news\/index.php?rest_route=\/wp\/v2\/posts\/18476"}],"collection":[{"href":"https:\/\/agromt.news\/index.php?rest_route=\/wp\/v2\/posts"}],"about":[{"href":"https:\/\/agromt.news\/index.php?rest_route=\/wp\/v2\/types\/post"}],"author":[{"embeddable":true,"href":"https:\/\/agromt.news\/index.php?rest_route=\/wp\/v2\/users\/1"}],"replies":[{"embeddable":true,"href":"https:\/\/agromt.news\/index.php?rest_route=%2Fwp%2Fv2%2Fcomments&post=18476"}],"version-history":[{"count":0,"href":"https:\/\/agromt.news\/index.php?rest_route=\/wp\/v2\/posts\/18476\/revisions"}],"wp:featuredmedia":[{"embeddable":true,"href":"https:\/\/agromt.news\/index.php?rest_route=\/wp\/v2\/media\/2777"}],"wp:attachment":[{"href":"https:\/\/agromt.news\/index.php?rest_route=%2Fwp%2Fv2%2Fmedia&parent=18476"}],"wp:term":[{"taxonomy":"category","embeddable":true,"href":"https:\/\/agromt.news\/index.php?rest_route=%2Fwp%2Fv2%2Fcategories&post=18476"},{"taxonomy":"post_tag","embeddable":true,"href":"https:\/\/agromt.news\/index.php?rest_route=%2Fwp%2Fv2%2Ftags&post=18476"}],"curies":[{"name":"wp","href":"https:\/\/api.w.org\/{rel}","templated":true}]}}