{"id":18467,"date":"2025-08-12T18:55:26","date_gmt":"2025-08-12T22:55:26","guid":{"rendered":"https:\/\/agromt.news\/?p=18467"},"modified":"2025-08-12T18:55:26","modified_gmt":"2025-08-12T22:55:26","slug":"brasil-obtem-receita-recorde-nas-exportacoes-de-cafe-e-luta-contra-tarifaco","status":"publish","type":"post","link":"https:\/\/agromt.news\/?p=18467","title":{"rendered":"Brasil obt\u00e9m receita recorde nas exporta\u00e7\u00f5es de caf\u00e9 e luta contra tarifa\u00e7o"},"content":{"rendered":"<p> <br \/>\n<\/p>\n<div>\n<p>O Brasil exportou 2,733 milh\u00f5es de sacas de 60 kg de caf\u00e9 em julho, primeiro m\u00eas do ano da safra 2025\/26, queda de 27,6% na compara\u00e7\u00e3o com o mesmo per\u00edodo de 2024. Os dados partem de relat\u00f3rio mensal do Conselho dos Exportadores de Caf\u00e9 do Brasil (Cecaf\u00e9).<\/p>\n<p>Contudo, a receita cambial foi recorde para os meses de julho, com o ingresso de US$ 1,033 bilh\u00e3o, crescimento de 10,4% no comparativo anual.<\/p>\n<p>No acumulado dos sete primeiros meses de 2025, a exporta\u00e7\u00e3o de caf\u00e9 do Brasil recuou 21,4% na compara\u00e7\u00e3o com o mesmo per\u00edodo do ano passado (28,182 milh\u00f5es de sacas), com os embarques caindo para 22,150 milh\u00f5es de sacas. <\/p>\n<p>A receita cambial, por sua vez, cresceu 36% ante o obtido entre janeiro e o fim de julho de 2024, alcan\u00e7ando o recorde para o per\u00edodo de US$ 8,555 bilh\u00f5es.<\/p>\n<p>\u201cUma redu\u00e7\u00e3o nos embarques j\u00e1 era aguardada neste ano, uma vez que n\u00f3s vimos de exporta\u00e7\u00f5es recordes em 2024, estamos com estoques reduzidos e uma safra sem excedentes, com o potencial produtivo total impactado pelo clima. No que se refere \u00e0 receita cambial, ainda surfamos a onda dos elevados pre\u00e7os no mercado internacional, que reflete o apertado equil\u00edbrio entre oferta e demanda ou mesmo um leve d\u00e9ficit na disponibilidade\u201d, conta o presidente do Cecaf\u00e9, M\u00e1rcio Ferreira.<\/p>\n<h2 class=\"wp-block-heading\" id=\"h-principais-destinos-do-cafe\">Principais destinos do caf\u00e9<\/h2>\n<p>Os Estados Unidos seguem como o maior comprador dos caf\u00e9s do Brasil no acumulado dos sete primeiros meses de 2025, com a importa\u00e7\u00e3o de 3,713 milh\u00f5es de sacas, o que corresponde a 16,8% dos embarques totais e, apesar de apresentar decl\u00ednio de 17,9% na compara\u00e7\u00e3o com o adquirido entre janeiro e julho de 2024, esse volume fica acima dos 16% de representatividade aferidos no mesmo intervalo do ano passado.<\/p>\n<p>\u201cAt\u00e9 julho, n\u00e3o observamos de fato o impacto do tarifa\u00e7o de 50% do governo dos Estados Unidos imposto para a importa\u00e7\u00e3o dos caf\u00e9s do Brasil, j\u00e1 que a vig\u00eancia da medida come\u00e7ou em 6 de agosto. A partir de agora, as ind\u00fastrias americanas est\u00e3o em compasso de espera, pois possuem estoque por 30 a 60 dias, o que gera algum f\u00f4lego para aguardarem um pouco mais as negocia\u00e7\u00f5es em andamento. Por\u00e9m, o que j\u00e1 visualizamos s\u00e3o eventuais pedidos de prorroga\u00e7\u00e3o, que s\u00e3o extremamente prejudiciais ao setor\u201d, comenta.<\/p>\n<p>De acordo com ele, quando o exportador realiza o neg\u00f3cio, ele fecha o Adiantamento sobre Contrato de C\u00e2mbio (ACC) \u2014 financiamento, pr\u00e9-embarque, que permite que as empresas obtenham recursos antecipados com base em um contrato de c\u00e2mbio \u2014 e tem um tempo para cumprir esse compromisso. <\/p>\n<p>\u201cCom a prorroga\u00e7\u00e3o dos neg\u00f3cios, o ACC n\u00e3o \u00e9 cumprido e passamos a sofrer com mais juros, com taxas altas, e custos adicionais, com <em>overhead<\/em>, por exemplo\u201d, cita.<\/p>\n<h2 class=\"wp-block-heading\" id=\"h-prejuizo-esperado\">Preju\u00edzo esperado<\/h2>\n<p>Ferreira anota que o preju\u00edzo fica ainda maior quando se analisa a estrutura do mercado internacional, que, h\u00e1 algum tempo, se apresenta como o chamado \u201cmercado invertido\u201d, com os contratos futuros mais distantes depreciados em rela\u00e7\u00e3o aos mais pr\u00f3ximos.<\/p>\n<p>\u201cO vencimento dezembro de 2026 na Bolsa de Nova York, por exemplo, est\u00e1 com des\u00e1gio de 9% a 10% frente ao dez\/25. J\u00e1 esse dez\/25 possui deprecia\u00e7\u00e3o de cerca de US$ 10 por saca ante o set\/25. Ou seja, a prorroga\u00e7\u00e3o de um embarque de agosto, tendo como refer\u00eancia o set\/25, para os pr\u00f3ximos meses, que ter\u00e3o como base o dez\/25, geraria uma perda adicional de US$ 10 por saca, al\u00e9m do impacto dos juros do ACC e dos custos adicionais com carrego, armazenagem e log\u00edstica. Portanto, prorrogar embarques, al\u00e9m de atrasar divisas e compromissos, tem esse impacto negativo acumulado e acentuado\u201d, analisa.<\/p>\n<p>Fechando a lista dos cinco principais destinos dos caf\u00e9s do Brasil, entre janeiro e o fim de julho deste ano, aparecem:<\/p>\n<ul class=\"wp-block-list\">\n<li><strong>Alemanha:<\/strong> 2,656 milh\u00f5es de sacas \u2013 queda de 34,1% em rela\u00e7\u00e3o aos sete primeiros meses de 2024; <\/li>\n<li><strong>It\u00e1lia: <\/strong>1,733 milh\u00e3o de sacas (-21,9%); <\/li>\n<li><strong>Jap\u00e3o:<\/strong> 1,459 milh\u00e3o de sacas (+11,5%); e <\/li>\n<li><strong>B\u00e9lgica:<\/strong> 1,374 milh\u00e3o de sacas (-49,4%).<\/li>\n<\/ul>\n<h2 class=\"wp-block-heading\" id=\"h-acoes-contra-o-tarifaco\">A\u00e7\u00f5es contra o tarifa\u00e7o<\/h2>\n<p>O Cecaf\u00e9 informa que continua o trabalho para alcan\u00e7ar, junto ao governo brasileiro, aos pares do setor privado norte-americano e a outros canais pertinentes nos Estados Unidos, o entendimento para que os <strong><a href=\"https:\/\/www.canalrural.com.br\/agricultura\/cafe-brasileiro-luta-para-se-encaixar-na-lista-de-excecoes-a-tarifa-dos-eua\/\">caf\u00e9s do Brasil entrem na lista de isen\u00e7\u00e3o do tarifa\u00e7o<\/a><\/strong>.<\/p>\n<p>Isso porque o produto n\u00e3o \u00e9 cultivado em escala no pa\u00eds parceiro e, ainda, desempenha papel fundamental na economia dos EUA, na satisfa\u00e7\u00e3o dos consumidores locais. <\/p>\n<p>Al\u00e9m disso, conforme o Cecaf\u00e9, os dois pa\u00edses possuem uma rela\u00e7\u00e3o de interdepend\u00eancia, com o Brasil sendo o maior produtor e exportador mundial e o l\u00edder no fornecimento de caf\u00e9 ao pa\u00eds do Hemisf\u00e9rio Norte, e os Estados Unidos ocupando o posto de maior importador e consumidor global, al\u00e9m de principal destino do produto brasileiro.<\/p>\n<\/div>\n<div>\n<p>\u201cN\u00e3o podemos, em hip\u00f3tese alguma, sacrificar uma rela\u00e7\u00e3o comercial constru\u00edda em favor da cafeicultura com esmero, respeito e dedica\u00e7\u00e3o, de ambos os lados, em preju\u00edzo de centenas de milhares de produtores e consumidores. Nossa hist\u00f3ria \u00e9 muito maior do que o momento que estamos vivendo e, com pragmatismo e diplomacia, devemos negociar em favor dos dois lados. Ao longo da hist\u00f3ria do crescimento da economia brasileira, o caf\u00e9 sempre esteve \u00e0 frente de seu tempo, n\u00e3o somente em n\u00fameros, mas desempenhando um papel social, que podemos dizer, incompar\u00e1vel em todo o mundo\u201d, avalia Ferreira.<\/p>\n<p>Mediante os preju\u00edzos que inevitavelmente ocorrer\u00e3o em raz\u00e3o das tarifas, o Cecaf\u00e9 enfatiza que vem mantendo di\u00e1logos com os governos federal e dos Estados produtores a respeito da necessidade de implanta\u00e7\u00f5es de medidas \u201ctemporariamente compensat\u00f3rias\u201d enquanto permane\u00e7a essa situa\u00e7\u00e3o de desequil\u00edbrio comercial entre os caf\u00e9s do Brasil frente \u00e0s demais origens que exportam para os Estados Unidos, bem como para outros destinos.<\/p>\n<p>Segundo o presidente do Cecaf\u00e9, a institui\u00e7\u00e3o, junto com a Associa\u00e7\u00e3o Brasileira da Ind\u00fastria de Caf\u00e9 Sol\u00favel (ABICS), tem solicitado ao governo brasileiro que intensifique a\u00e7\u00f5es junto a outras na\u00e7\u00f5es compradoras desse produto, visando acordos bilaterais, com reciprocidade comercial, a fim de que esses pa\u00edses em espec\u00edfico possam dar, aos caf\u00e9s sol\u00faveis do Brasil, a mesma isen\u00e7\u00e3o oferecida a outras origens concorrentes.<\/p>\n<p>\u201cPrincipalmente no caso do caf\u00e9 sol\u00favel, produto acabado, de valor agregado e gerador de empregos, nossas ind\u00fastrias, infelizmente, v\u00eam sendo penalizadas em v\u00e1rios destinos das nossas exporta\u00e7\u00f5es, o que retira a competitividade, prejudica nosso segmento industrial e, por conseguinte, nossos produtores. Temos solicitado aten\u00e7\u00e3o nesse sentido h\u00e1 algum tempo e precisamos desses acordos bilaterais para que, assim, possamos ampliar nossa participa\u00e7\u00e3o nesses outros mercados\u201d, aponta Ferreira.<\/p>\n<p>Ele completa, ainda, que o Brasil, atrav\u00e9s do Cecaf\u00e9 e das demais entidades da cadeia produtiva, participa dos mais diversos f\u00f3runs mundiais, em pa\u00edses consumidores e produtores, compartilhando conhecimento, ci\u00eancia, tecnologia, mais produtividade, sustentabilidade e qualidade.<\/p>\n<p>\u201cEsse trabalho \u00e9 para que haja um ambiente de empatia e respeito, de forma que todos os produtores de caf\u00e9 e as pr\u00f3ximas gera\u00e7\u00f5es tenham uma melhor qualidade de vida, em todo o mundo, e para que os consumidores de todo o planeta possam desfrutar das mais diversas experi\u00eancias com caf\u00e9, com diferentes blends, os quais n\u00e3o deveriam abdicar dos caf\u00e9s do Brasil\u201d, conclui.<\/p>\n<h2 class=\"wp-block-heading\" id=\"h-china-como-alternativa\">China como alternativa?<\/h2>\n<figure class=\"wp-block-image size-large\"><img fetchpriority=\"high\" decoding=\"async\" width=\"640\" height=\"427\" alt=\"brasil-china-bandeiras\" class=\"wp-image-2934039\"  data-lazy- src=\"https:\/\/agromt.news\/wp-content\/uploads\/2025\/08\/Brasil-obtem-receita-recorde-nas-exportacoes-de-cafe-e-luta.jpg\"\/><img decoding=\"async\" width=\"640\" height=\"427\" src=\"https:\/\/agromt.news\/wp-content\/uploads\/2025\/08\/Brasil-obtem-receita-recorde-nas-exportacoes-de-cafe-e-luta.jpg\" alt=\"brasil-china-bandeiras\" class=\"wp-image-2934039\"  \/><figcaption class=\"wp-element-caption\">Foto: Ag\u00eancia Brasil<br \/>\n<\/figcaption><\/figure>\n<p>A respeito do credenciamento, por parte da China, de 183 novas empresas exportadoras de caf\u00e9 do Brasil, o presidente do Cecaf\u00e9 esclarece que muitos desses exportadores j\u00e1 atuavam no mercado chin\u00eas e que isso n\u00e3o necessariamente implica aumento dos embarques cafeeiros ao pa\u00eds asi\u00e1tico.<\/p>\n<p>\u201cObservamos atentamente o potencial de crescimento do consumo chin\u00eas, mercado que importou 571.866 sacas de janeiro a julho e ocupa a 11\u00aa posi\u00e7\u00e3o no ranking dos principais parceiros dos caf\u00e9s do Brasil em 2025. Esse credenciamento por cinco anos, como divulgado nas m\u00eddias, \u00e9 positivo do ponto de vista de desburocratiza\u00e7\u00e3o, mas, por si s\u00f3, n\u00e3o representa nenhum aumento de exporta\u00e7\u00f5es \u00e0 China, o que esperamos siga ocorrendo de forma natural, a ser alcan\u00e7ado ao longo dos pr\u00f3ximos anos e d\u00e9cadas, dado o aumento de interesse por parte do consumidor, como experimentamos em outros pa\u00edses da \u00c1sia\u201d, finaliza.<\/p>\n<h2 class=\"wp-block-heading\" id=\"h-tipos-de-cafe-exportados\">Tipos de caf\u00e9 exportados<\/h2>\n<p>Nos primeiros sete meses de 2025, o caf\u00e9 ar\u00e1bica foi a esp\u00e9cie mais exportada pelo Brasil, com o envio de 17,940 milh\u00f5es de sacas ao exterior. Esse montante equivale a 81% do total, ainda que implique queda de 13,3% frente a id\u00eantico intervalo antecedente.<\/p>\n<p>O segmento do caf\u00e9 sol\u00favel veio na sequ\u00eancia, com embarques equivalentes a 2,229 milh\u00f5es de sacas (10,1% do total), seguido pela esp\u00e9cie can\u00e9fora (conilon + robusta), com 1,949 milh\u00e3o de sacas (8,8%), e pelo setor industrial de caf\u00e9 torrado e torrado e mo\u00eddo, com 31.755 sacas (0,1%).<\/p>\n<h2 class=\"wp-block-heading\" id=\"h-produtos-diferenciados\">Produtos diferenciados<\/h2>\n<p>Os caf\u00e9s que t\u00eam certificados de pr\u00e1ticas sustent\u00e1veis ou qualidade superior responderam por 21,5% das exporta\u00e7\u00f5es totais brasileiras entre janeiro e julho de 2025, com a remessa de 4,759 milh\u00f5es de sacas ao exterior. Esse volume \u00e9 8,8% inferior ao aferido no acumulado dos primeiros sete meses do ano passado.<\/p>\n<p>A um pre\u00e7o m\u00e9dio de US$ 425,78 por saca, a receita cambial com os embarques do produto diferenciado foi de US$ 2,026 bilh\u00f5es, o que correspondeu a 23,7% do total obtido com todos os embarques de janeiro a julho deste ano. Na compara\u00e7\u00e3o com o mesmo intervalo de 2024, o valor \u00e9 57,8% maior.<\/p>\n<p>Os EUA lideraram o ranking dos principais destinos dos caf\u00e9s diferenciados, com a compra de 871.972 sacas, o equivalente a 18,3% do total desse tipo de produto exportado. Fechando o top 5, aparecem: <\/p>\n<ul class=\"wp-block-list\">\n<li><strong>Alemanha:<\/strong> 606.122 sacas (12,7%); <\/li>\n<li><strong>B\u00e9lgica: <\/strong>533.023 sacas (11,2%); <\/li>\n<li><strong>Holanda (Pa\u00edses Baixos):<\/strong> 366.536 sacas (7,7%); e <\/li>\n<li><strong>It\u00e1lia: <\/strong>292.795 sacas (6,2%).<\/li>\n<\/ul>\n<h2 class=\"wp-block-heading\" id=\"h-escoamento-de-cafe\">Escoamento de caf\u00e9<\/h2>\n<figure class=\"wp-block-image size-large\"><img decoding=\"async\" width=\"640\" height=\"383\" alt=\"Porto de Santos\/SP (27\/05\/2021) - Foto: Ricardo Botelho\/MInfra\" class=\"wp-image-2909052\"  data-lazy- src=\"https:\/\/agromt.news\/wp-content\/uploads\/2025\/08\/1755039326_82_Brasil-obtem-receita-recorde-nas-exportacoes-de-cafe-e-luta.jpg\"\/><img loading=\"lazy\" decoding=\"async\" width=\"640\" height=\"383\" src=\"https:\/\/agromt.news\/wp-content\/uploads\/2025\/08\/1755039326_82_Brasil-obtem-receita-recorde-nas-exportacoes-de-cafe-e-luta.jpg\" alt=\"Porto de Santos\/SP (27\/05\/2021) - Foto: Ricardo Botelho\/MInfra\" class=\"wp-image-2909052\"  \/><figcaption class=\"wp-element-caption\">Foto: Ricardo Botelho\/MInfra<\/figcaption><\/figure>\n<p>O Porto de Santos segue como o principal exportador dos caf\u00e9s do Brasil em 2025, com o embarque de 17,809 milh\u00f5es de sacas e representatividade de 80,4% nos sete primeiros meses do ano. <\/p>\n<p>Na sequ\u00eancia, vem o complexo portu\u00e1rio do Rio de Janeiro, que responde por 15,5% ao enviar 3,429 milh\u00f5es de sacas ao exterior, e o Porto de Paranagu\u00e1 (PR), que exportou 208.950 sacas e tem representatividade de 0,9%.<\/p>\n<\/p><\/div>\n<p><br \/>\n<br \/><a href=\"https:\/\/www.canalrural.com.br\/agricultura\/brasil-obtem-receita-recorde-nas-exportacoes-de-cafe-e-luta-contra-tarifaco\/\">Source link <\/a><\/p>\n","protected":false},"excerpt":{"rendered":"<p>O Brasil exportou 2,733 milh\u00f5es de sacas de 60 kg de caf\u00e9 em julho, primeiro m\u00eas do ano da safra<\/p>\n","protected":false},"author":1,"featured_media":5186,"comment_status":"open","ping_status":"open","sticky":false,"template":"","format":"standard","meta":{"_monsterinsights_skip_tracking":false,"_monsterinsights_sitenote_active":false,"_monsterinsights_sitenote_note":"","_monsterinsights_sitenote_category":0,"_uf_show_specific_survey":0,"_uf_disable_surveys":false,"footnotes":""},"categories":[1],"tags":[],"class_list":["post-18467","post","type-post","status-publish","format-standard","has-post-thumbnail","hentry","category-news"],"_links":{"self":[{"href":"https:\/\/agromt.news\/index.php?rest_route=\/wp\/v2\/posts\/18467"}],"collection":[{"href":"https:\/\/agromt.news\/index.php?rest_route=\/wp\/v2\/posts"}],"about":[{"href":"https:\/\/agromt.news\/index.php?rest_route=\/wp\/v2\/types\/post"}],"author":[{"embeddable":true,"href":"https:\/\/agromt.news\/index.php?rest_route=\/wp\/v2\/users\/1"}],"replies":[{"embeddable":true,"href":"https:\/\/agromt.news\/index.php?rest_route=%2Fwp%2Fv2%2Fcomments&post=18467"}],"version-history":[{"count":0,"href":"https:\/\/agromt.news\/index.php?rest_route=\/wp\/v2\/posts\/18467\/revisions"}],"wp:featuredmedia":[{"embeddable":true,"href":"https:\/\/agromt.news\/index.php?rest_route=\/wp\/v2\/media\/5186"}],"wp:attachment":[{"href":"https:\/\/agromt.news\/index.php?rest_route=%2Fwp%2Fv2%2Fmedia&parent=18467"}],"wp:term":[{"taxonomy":"category","embeddable":true,"href":"https:\/\/agromt.news\/index.php?rest_route=%2Fwp%2Fv2%2Fcategories&post=18467"},{"taxonomy":"post_tag","embeddable":true,"href":"https:\/\/agromt.news\/index.php?rest_route=%2Fwp%2Fv2%2Ftags&post=18467"}],"curies":[{"name":"wp","href":"https:\/\/api.w.org\/{rel}","templated":true}]}}