{"id":18456,"date":"2025-08-12T17:26:39","date_gmt":"2025-08-12T21:26:39","guid":{"rendered":"https:\/\/agromt.news\/?p=18456"},"modified":"2025-08-12T17:26:39","modified_gmt":"2025-08-12T21:26:39","slug":"preco-do-cafe-cai-pela-primeira-vez-depois-de-um-ano-e-meio-diz-ibge","status":"publish","type":"post","link":"https:\/\/agromt.news\/?p=18456","title":{"rendered":"Pre\u00e7o do caf\u00e9 cai pela primeira vez depois de um ano e meio, diz IBGE"},"content":{"rendered":"<p> <br \/>\n<br \/><img decoding=\"async\" src=\"https:\/\/agromt.news\/wp-content\/uploads\/2025\/08\/Preco-do-cafe-cai-pela-primeira-vez-depois-de-um.webp.webp\" \/><\/p>\n<div>\n<p>Ao divulgar a infla\u00e7\u00e3o oficial de julho nesta ter\u00e7a-feira (12), que marcou 0,26%, o Instituto Brasileiro de Geografia e Estat\u00edstica <strong><a href=\"http:\/\/www.canalrural.com.br\/tag\/ibge\/\">(IBGE)<\/a><\/strong> revelou uma percep\u00e7\u00e3o que n\u00e3o era registrada no pa\u00eds h\u00e1 mais de um ano: depois de 18 meses, o pre\u00e7o do caf\u00e9 mo\u00eddo caiu.<\/p>\n<p>O \u00cdndice Nacional de Pre\u00e7os ao Consumidor Amplo (IPCA) mostrou que o caf\u00e9 recuou 1,01%. Nos 18 meses anteriores, a alta do produto chegou a 99,46%, ou seja, praticamente dobrou de pre\u00e7o.<\/p>\n<p>Com o recuo de julho, o caf\u00e9 soma alta de 41,46% no ano e de 70,51% em 12 meses. A infla\u00e7\u00e3o anual do caf\u00e9 mo\u00eddo faz do item o segundo com maior influ\u00eancia de alta no IPCA do mesmo per\u00edodo (5,23%), respondendo por 0,30 ponto percentual (p.p.). Fica atr\u00e1s apenas das carnes, que representam 0,54 p.p. (alta de 23,34%).<\/p>\n<h2 class=\"wp-block-heading\" id=\"h-queda-de-preco\">Queda de pre\u00e7o<\/h2>\n<p>Segundo o gerente da pesquisa do IBGE, Fernando Gon\u00e7alves, a queda de pre\u00e7o no m\u00eas passado \u00e9 resultado da safra e n\u00e3o pode ser atribu\u00edda ao tarifa\u00e7o imposto pelos Estados Unidos a produtos brasileiros.<\/p>\n<p>\u201cS\u00e3o n\u00fameros de julho\u201d, diz Gon\u00e7alves, destacando que a cobran\u00e7a de 50% sobre produtos brasileiros que entram nos Estados Unidos, entre eles o caf\u00e9, s\u00f3 come\u00e7ou no \u00faltimo dia 6.<\/p>\n<\/div>\n<div>\n<p>\u201c[Em julho], j\u00e1 estava come\u00e7ando a colheita, uma oferta maior no campo. Pode ser efeito dessa maior oferta\u201d, sugere o analista.<\/p>\n<p>Com a colheita, mais caf\u00e9 fica \u00e0 disposi\u00e7\u00e3o para ser ofertado, fazendo com que a press\u00e3o provocada pela demanda dos consumidores caia e, consequentemente, os pre\u00e7os recuam.<\/p>\n<p>Esse efeito, ali\u00e1s, \u00e9 um reflexo esperado tamb\u00e9m a partir do tarifa\u00e7o, caso os produtores de caf\u00e9 n\u00e3o consigam encontrar outros pa\u00edses que comprem o produto brasileiro, uma vez que as tarifas v\u00e3o encarecer o caf\u00e9 e fazer compradores americanos pensarem duas vezes antes de adquirir o item.<\/p>\n<p>\u201cTendo uma oferta maior do produto, a tend\u00eancia \u00e9 redu\u00e7\u00e3o de pre\u00e7os\u201d, opina Gon\u00e7alves.<\/p>\n<h2 class=\"wp-block-heading\" id=\"h-clima-e-china\">Clima e China<\/h2>\n<p>Segundo a Associa\u00e7\u00e3o Brasileira da Ind\u00fastria do Caf\u00e9 (Abic), a alta do caf\u00e9 nos 18 meses anteriores a julho era explicada por fatores como eventos clim\u00e1ticos, que prejudicaram a safra do gr\u00e3o, e por maior demanda mundial, impulsionada pelos chineses, que aumentaram o consumo da bebida.<\/p>\n<\/p><\/div>\n<p><br \/>\n<br \/><a href=\"https:\/\/www.canalrural.com.br\/agricultura\/preco-do-cafe-cai-pela-primeira-vez-depois-de-um-ano-e-meio-diz-ibge\/\">Source link <\/a><\/p>\n","protected":false},"excerpt":{"rendered":"<p>Ao divulgar a infla\u00e7\u00e3o oficial de julho nesta ter\u00e7a-feira (12), que marcou 0,26%, o Instituto Brasileiro de Geografia e Estat\u00edstica<\/p>\n","protected":false},"author":1,"featured_media":18457,"comment_status":"open","ping_status":"open","sticky":false,"template":"","format":"standard","meta":{"_monsterinsights_skip_tracking":false,"_monsterinsights_sitenote_active":false,"_monsterinsights_sitenote_note":"","_monsterinsights_sitenote_category":0,"_uf_show_specific_survey":0,"_uf_disable_surveys":false,"footnotes":""},"categories":[1],"tags":[],"class_list":["post-18456","post","type-post","status-publish","format-standard","has-post-thumbnail","hentry","category-news"],"_links":{"self":[{"href":"https:\/\/agromt.news\/index.php?rest_route=\/wp\/v2\/posts\/18456"}],"collection":[{"href":"https:\/\/agromt.news\/index.php?rest_route=\/wp\/v2\/posts"}],"about":[{"href":"https:\/\/agromt.news\/index.php?rest_route=\/wp\/v2\/types\/post"}],"author":[{"embeddable":true,"href":"https:\/\/agromt.news\/index.php?rest_route=\/wp\/v2\/users\/1"}],"replies":[{"embeddable":true,"href":"https:\/\/agromt.news\/index.php?rest_route=%2Fwp%2Fv2%2Fcomments&post=18456"}],"version-history":[{"count":0,"href":"https:\/\/agromt.news\/index.php?rest_route=\/wp\/v2\/posts\/18456\/revisions"}],"wp:featuredmedia":[{"embeddable":true,"href":"https:\/\/agromt.news\/index.php?rest_route=\/wp\/v2\/media\/18457"}],"wp:attachment":[{"href":"https:\/\/agromt.news\/index.php?rest_route=%2Fwp%2Fv2%2Fmedia&parent=18456"}],"wp:term":[{"taxonomy":"category","embeddable":true,"href":"https:\/\/agromt.news\/index.php?rest_route=%2Fwp%2Fv2%2Fcategories&post=18456"},{"taxonomy":"post_tag","embeddable":true,"href":"https:\/\/agromt.news\/index.php?rest_route=%2Fwp%2Fv2%2Ftags&post=18456"}],"curies":[{"name":"wp","href":"https:\/\/api.w.org\/{rel}","templated":true}]}}