{"id":18454,"date":"2025-08-12T17:12:28","date_gmt":"2025-08-12T21:12:28","guid":{"rendered":"https:\/\/agromt.news\/?p=18454"},"modified":"2025-08-12T17:12:28","modified_gmt":"2025-08-12T21:12:28","slug":"bahia-e-emirados-arabes-unidos-discutem-termos-para-producao-de-tamaras-no-semiarido-baiano","status":"publish","type":"post","link":"https:\/\/agromt.news\/?p=18454","title":{"rendered":"Bahia e Emirados \u00c1rabes Unidos discutem termos para produ\u00e7\u00e3o de t\u00e2maras no semi\u00e1rido baiano"},"content":{"rendered":"<p> <br \/>\n<\/p>\n<div>\n<p>Nesta segunda-feira (11), representantes da <strong>Bahia<\/strong> e dos <strong>Emirados \u00c1rabes Unidos<\/strong> discutiram os termos do <strong>acordo de coopera\u00e7\u00e3o t\u00e9cnica<\/strong> para implementa\u00e7\u00e3o de um projeto in\u00e9dito de cultivo de <strong>t\u00e2maras <\/strong>no semi\u00e1rido baiano.<\/p>\n<p>A reuni\u00e3o online foi realizada sentre a Secretaria da Agricultura da Bahia (Seagri), Ag\u00eancia de Defesa Agropecu\u00e1ria da Bahia (Adab) com a Funda\u00e7\u00e3o Zayed e a Al Foah Company, dos Emirados \u00c1rabes Unidos. <\/p>\n<p>A proposta prev\u00ea um investimento de <strong>US$ 4 milh\u00f5es<\/strong> ao longo de cinco anos, com o plantio inicial de <strong>10 mil mudas da planta<\/strong>. O acordo deve ser formalizado no per\u00edodo da <a href=\"http:\/\/canalrural.com.br\/tag\/cop30\">COP 30<\/a>, marcada para novembro, em Bel\u00e9m (PA).<\/p>\n<p>Segundo a Seagri, o acordo inclui transfer\u00eancia de tecnologia, capacita\u00e7\u00e3o t\u00e9cnica de agricultores e assist\u00eancia especializada para viabilizar o cultivo em regi\u00f5es com clima seco e quente, prop\u00edcio \u00e0 tamareira.<\/p>\n<figure class=\"wp-block-image size-large\"><img fetchpriority=\"high\" decoding=\"async\" width=\"1024\" height=\"684\" alt=\"\" class=\"wp-image-4116572\"  data-lazy- src=\"https:\/\/agromt.news\/wp-content\/uploads\/2025\/08\/Bahia-e-Emirados-Arabes-Unidos-discutem-termos-para-producao-de.jpeg\"\/><img decoding=\"async\" width=\"1024\" height=\"684\" src=\"https:\/\/agromt.news\/wp-content\/uploads\/2025\/08\/Bahia-e-Emirados-Arabes-Unidos-discutem-termos-para-producao-de.jpeg\" alt=\"\" class=\"wp-image-4116572\"  \/><figcaption class=\"wp-element-caption\">Foto: Divulga\u00e7\u00e3o\/Seagri<\/figcaption><\/figure>\n<p>\u201cA expectativa \u00e9 que a Bahia se torne um novo polo produtor de t\u00e2maras, aproveitando as caracter\u00edsticas do semi\u00e1rido. Estamos unindo esfor\u00e7os com parceiros internacionais e institui\u00e7\u00f5es de pesquisa para implantar uma cadeia produtiva s\u00f3lida, geradora de emprego, renda e desenvolvimento regional\u201d, afirmou o secret\u00e1rio da Agricultura da Bahia, Pablo Barrozo.<\/p>\n<h2 class=\"wp-block-heading\" id=\"h-primeiras-mudas-no-estado\"><strong>Primeiras mudas no estado<\/strong><\/h2>\n<p>As primeiras 100 mudas de tamareiras, de 12 variedades diferentes <a href=\"https:\/\/www.canalrural.com.br\/nacional\/bahia\/bahia-inicia-implantacao-da-cultura-da-tamara-para-atender-mercado-interno\/\">doadas pelos Emirados \u00c1rabes chegaram \u00e0 Bahia em julho<\/a>. <\/p>\n<p>Cumprindo normas de controle, as plantas passaram por quarentena no Centro Nacional de Pesquisa de Recursos Gen\u00e9ticos e Biotecnologia (Cenargen), da Embrapa, em Bras\u00edlia, e foram liberadas pela Adab ap\u00f3s inspe\u00e7\u00e3o fitossanit\u00e1ria.<\/p>\n<figure class=\"wp-block-image size-large\"><img decoding=\"async\" width=\"1024\" height=\"683\" alt=\"Bahia inicia implanta\u00e7\u00e3o da cultura da t\u00e2mara com distribui\u00e7\u00e3o de mudas; tamareiras\" class=\"wp-image-4109124\"  data-lazy- src=\"https:\/\/agromt.news\/wp-content\/uploads\/2025\/08\/1755033148_691_Bahia-e-Emirados-Arabes-Unidos-discutem-termos-para-producao-de.jpeg\"\/><img loading=\"lazy\" decoding=\"async\" width=\"1024\" height=\"683\" src=\"https:\/\/agromt.news\/wp-content\/uploads\/2025\/08\/1755033148_691_Bahia-e-Emirados-Arabes-Unidos-discutem-termos-para-producao-de.jpeg\" alt=\"Bahia inicia implanta\u00e7\u00e3o da cultura da t\u00e2mara com distribui\u00e7\u00e3o de mudas; tamareiras\" class=\"wp-image-4109124\"  \/><figcaption class=\"wp-element-caption\">Edi\u00e7\u00e3o: Vinicius Ramos\/Canal Rural Bahia | Imagens: Divulga\u00e7\u00e3o\/Adab e Freepik<\/figcaption><\/figure>\n<p>Durante a reuni\u00e3o, o diretor-geral da Adab, Paulo S\u00e9rgio Menezes, destacou o cuidado na introdu\u00e7\u00e3o da cultura no estado.<\/p>\n<\/div>\n<div>\n<p>\u201cA introdu\u00e7\u00e3o da tamareira na Bahia conta com toda a aten\u00e7\u00e3o da Adab, garantindo a seguran\u00e7a fitossanit\u00e1ria e a distribui\u00e7\u00e3o em regi\u00f5es aptas ao cultivo. Estudos indicam que a tamareira se adapta bem a climas quentes e secos, com irriga\u00e7\u00e3o controlada e manejo adequado, uma alternativa vi\u00e1vel para diversifica\u00e7\u00e3o produtiva e fonte de renda, principalmente, na regi\u00e3o semi\u00e1rida do estado\u201d, explicou Menezes.<\/p>\n<h3 class=\"wp-block-heading\" id=\"h-potencial-produtivo-da-tamara\"><strong>Potencial produtivo da t\u00e2mara<\/strong><\/h3>\n<p>Com o manejo ideal, a tamareira pode come\u00e7ar a produzir entre quatro e seis anos ap\u00f3s o plantio. <\/p>\n<p>Al\u00e9m disso, quando atinge a maturidade plena, cada planta <strong>pode render at\u00e9 70 kg de frutos por ano<\/strong>, o que a torna uma cultura de alto valor agregado, com forte apelo no mercado interno e externo.<\/p>\n<p>De acordo com a Seagri, a Phoenix dactylifera, nome cient\u00edfico da tamareira, \u00e9 uma palmeira robusta, que pode atingir at\u00e9 30 metros de altura. Seus frutos t\u00eam polpa carnuda, sabor doce e alto valor nutricional.<\/p>\n<p>Segundo o Minist\u00e9rio da Agricultura e Pesca (Mapa) as importa\u00e7\u00f5es brasileiras de t\u00e2maras cresceram mais de 450% na \u00faltima d\u00e9cada \u2014 de 776 toneladas para mais de 4,3 mil toneladas por ano, o que indica um mercado consumidor em expans\u00e3o e potencial para substitui\u00e7\u00e3o de importa\u00e7\u00f5es com produ\u00e7\u00e3o nacional.<\/p>\n<p>Participaram da reuni\u00e3o a assessora t\u00e9cnica da Seagri, Waleska Viana, representando a embaixada dos Emirados \u00c1rabes, Nobienne Freire, e a Funda\u00e7\u00e3o Zayed, o diretor de Parcerias Estrat\u00e9gicas Mohammad Amin.<\/p>\n<hr class=\"wp-block-separator has-alpha-channel-opacity\"\/>\n<p><em>Voc\u00ea tamb\u00e9m pode participar deixando uma sugest\u00e3o de pauta. Siga o\u00a0<a href=\"https:\/\/www.instagram.com\/canalruralbahia\/\">Canal Rural Bahia no Instagram<\/a>\u00a0e nos envie uma mensagem<\/em>.<\/p>\n<\/p><\/div>\n<p><script async src=\"\/\/www.instagram.com\/embed.js\"><\/script><br \/>\n<br \/><br \/>\n<br \/><a href=\"https:\/\/www.canalrural.com.br\/nacional\/bahia\/bahia-e-emirados-arabe-unidos-discutem-termos-para-producao-de-tamaras-no-semiarido-baiano\/\">Source link <\/a><\/p>\n","protected":false},"excerpt":{"rendered":"<p>Nesta segunda-feira (11), representantes da Bahia e dos Emirados \u00c1rabes Unidos discutiram os termos do acordo de coopera\u00e7\u00e3o t\u00e9cnica para<\/p>\n","protected":false},"author":1,"featured_media":18455,"comment_status":"open","ping_status":"open","sticky":false,"template":"","format":"standard","meta":{"_monsterinsights_skip_tracking":false,"_monsterinsights_sitenote_active":false,"_monsterinsights_sitenote_note":"","_monsterinsights_sitenote_category":0,"_uf_show_specific_survey":0,"_uf_disable_surveys":false,"footnotes":""},"categories":[1],"tags":[],"class_list":["post-18454","post","type-post","status-publish","format-standard","has-post-thumbnail","hentry","category-news"],"_links":{"self":[{"href":"https:\/\/agromt.news\/index.php?rest_route=\/wp\/v2\/posts\/18454"}],"collection":[{"href":"https:\/\/agromt.news\/index.php?rest_route=\/wp\/v2\/posts"}],"about":[{"href":"https:\/\/agromt.news\/index.php?rest_route=\/wp\/v2\/types\/post"}],"author":[{"embeddable":true,"href":"https:\/\/agromt.news\/index.php?rest_route=\/wp\/v2\/users\/1"}],"replies":[{"embeddable":true,"href":"https:\/\/agromt.news\/index.php?rest_route=%2Fwp%2Fv2%2Fcomments&post=18454"}],"version-history":[{"count":0,"href":"https:\/\/agromt.news\/index.php?rest_route=\/wp\/v2\/posts\/18454\/revisions"}],"wp:featuredmedia":[{"embeddable":true,"href":"https:\/\/agromt.news\/index.php?rest_route=\/wp\/v2\/media\/18455"}],"wp:attachment":[{"href":"https:\/\/agromt.news\/index.php?rest_route=%2Fwp%2Fv2%2Fmedia&parent=18454"}],"wp:term":[{"taxonomy":"category","embeddable":true,"href":"https:\/\/agromt.news\/index.php?rest_route=%2Fwp%2Fv2%2Fcategories&post=18454"},{"taxonomy":"post_tag","embeddable":true,"href":"https:\/\/agromt.news\/index.php?rest_route=%2Fwp%2Fv2%2Ftags&post=18454"}],"curies":[{"name":"wp","href":"https:\/\/api.w.org\/{rel}","templated":true}]}}