{"id":18452,"date":"2025-08-12T16:57:59","date_gmt":"2025-08-12T20:57:59","guid":{"rendered":"https:\/\/agromt.news\/?p=18452"},"modified":"2025-08-12T16:57:59","modified_gmt":"2025-08-12T20:57:59","slug":"ataque-de-carcaras-a-bezerros-entenda-o-motivo-e-como-se-defender","status":"publish","type":"post","link":"https:\/\/agromt.news\/?p=18452","title":{"rendered":"Ataque de carcar\u00e1s a bezerros: entenda o motivo e como se defender"},"content":{"rendered":"<p> <br \/>\n<\/p>\n<div>\n<p>Pecuaristas, o ataque de aves de rapina, como o <strong>carcar\u00e1<\/strong>, a bezerros rec\u00e9m-nascidos \u00e9 um problema grave que pode causar perdas significativas nas fazendas de cria. Assista ao v\u00eddeo e descubra as raz\u00f5es por tr\u00e1s desses ataques.<\/p>\n<figure class=\"wp-block-embed is-type-video is-provider-youtube wp-block-embed-youtube wp-embed-aspect-16-9 wp-has-aspect-ratio\">\n<p>\n<iframe title=\"CARCAR\u00c1S EST\u00c3O ATACANDO BEZERROS EM FAZENDAS DE CRIA. ENTENDA O PORQU\u00ca\" width=\"800\" height=\"450\" src=\"https:\/\/www.youtube.com\/embed\/v3pJ5s4YGFo?feature=oembed\" frameborder=\"0\" allow=\"accelerometer; autoplay; clipboard-write; encrypted-media; gyroscope; picture-in-picture; web-share\" referrerpolicy=\"strict-origin-when-cross-origin\" allowfullscreen><\/iframe>\n<\/p>\n<\/figure>\n<p><strong>Ant\u00f4nio Nogueira<\/strong>, que possui uma propriedade no Paraguai, enfrenta uma infesta\u00e7\u00e3o de carcar\u00e1s que atacam seus bezerros logo ap\u00f3s o parto, em muitos casos causando a morte dos animais.<\/p>\n<p>Esse problema se intensificou devido \u00e0 concentra\u00e7\u00e3o de nascimentos em um curto espa\u00e7o de tempo, uma consequ\u00eancia direta do uso da <strong>IATF (Insemina\u00e7\u00e3o Artificial em Tempo Fixo)<\/strong>.<\/p>\n<p>Nesta ter\u00e7a-feira (12), o m\u00e9dico-veterin\u00e1rio e consultor <strong>Guilherme Vieira<\/strong> respondeu a essa d\u00favida no quadro \u201cGiro do Boi Responde\u201d.<\/p>\n<p>Ele explicou a biologia do carcar\u00e1 e as medidas de preven\u00e7\u00e3o para proteger o rebanho e garantir a sanidade e a sobreviv\u00eancia dos bezerros.<\/p>\n<h2 class=\"wp-block-heading\" id=\"h-a-biologia-do-carcara-oportunista-e-necrofago\">A biologia do carcar\u00e1: oportunista e necr\u00f3fago<\/h2>\n<figure class=\"wp-block-image size-large\"><img fetchpriority=\"high\" decoding=\"async\" width=\"1024\" height=\"576\" src=\"https:\/\/agromt.news\/wp-content\/uploads\/2025\/08\/Ataque-de-carcaras-a-bezerros-entenda-o-motivo-e-como.jpg\" alt=\"\" class=\"wp-image-4116544\"  \/><figcaption class=\"wp-element-caption\">Foto: Reprodu\u00e7\u00e3o<\/figcaption><\/figure>\n<p>O carcar\u00e1 \u00e9 uma ave de rapina da fam\u00edlia dos falc\u00f5es, mas n\u00e3o \u00e9 um ca\u00e7ador t\u00e3o poderoso. Suas garras s\u00e3o menos fortes que as de outras aves de rapina.<\/p>\n<p>Ele \u00e9 <strong>on\u00edvoro<\/strong> (alimenta-se de animais e vegetais) e, principalmente, <strong>oportunista<\/strong> e <strong>necr\u00f3fago<\/strong>, ou seja, alimenta-se de carni\u00e7a.<\/p>\n<p>Guilherme Vieira ressalta que o carcar\u00e1 \u00e9 um <strong>cleptoparasita<\/strong>, roubando alimentos de outras aves de rapina. Por isso, onde est\u00e1 o urubu, o carcar\u00e1 est\u00e1 por perto. O carcar\u00e1 n\u00e3o age sozinho: geralmente, o urubu age primeiro, e o carcar\u00e1 se junta ao ataque.<\/p>\n<\/div>\n<div>\n<p>O ataque a bezerros se d\u00e1 principalmente nos animais mais fracos, filhos de novilhas inexperientes que ainda n\u00e3o conseguem proteger suas crias adequadamente.<\/p>\n<h2 class=\"wp-block-heading\" id=\"h-causas-e-medidas-de-prevencao-contra-o-ataque\">Causas e medidas de preven\u00e7\u00e3o contra o ataque<\/h2>\n<figure class=\"wp-block-image size-large\"><img decoding=\"async\" width=\"1024\" height=\"576\" src=\"https:\/\/agromt.news\/wp-content\/uploads\/2025\/08\/1755032279_717_Ataque-de-carcaras-a-bezerros-entenda-o-motivo-e-como.jpg\" alt=\"\" class=\"wp-image-4116547\"  \/><figcaption class=\"wp-element-caption\">Foto: Reprodu\u00e7\u00e3o<\/figcaption><\/figure>\n<p>O aumento da infesta\u00e7\u00e3o de carcar\u00e1s na fazenda de Ant\u00f4nio Nogueira se deve, provavelmente, \u00e0 alta concentra\u00e7\u00e3o de nascimentos em um curto espa\u00e7o de tempo.<\/p>\n<p>Essa concentra\u00e7\u00e3o de partos resulta em um ac\u00famulo de restos de parto, sangue e umbigo no pasto (chamados de f\u00f4mites). Esse material em decomposi\u00e7\u00e3o atrai os urubus e carcar\u00e1s, que se aproximam e atacam os bezerros mais fracos.<\/p>\n<p>Para prevenir os ataques, Guilherme Vieira recomenda as seguintes medidas de manejo e controle:<\/p>\n<ul class=\"wp-block-list\">\n<li><strong>Separar as novilhas:<\/strong> Crie pastos maternidade exclusivos para as novilhas de primeira cria. Essas \u00e1reas devem ser localizadas mais pr\u00f3ximas aos trabalhadores da fazenda, para facilitar o monitoramento e a vigil\u00e2ncia constante.<\/li>\n<li><strong>Limpeza do pasto:<\/strong> Fa\u00e7a a limpeza do pasto sempre que poss\u00edvel, retirando os restos de parto. Essa simples medida evita que os carcar\u00e1s sejam atra\u00eddos para a \u00e1rea de cria.<\/li>\n<li><strong>Manejo sanit\u00e1rio adequado:<\/strong> D\u00ea aten\u00e7\u00e3o especial aos restos de parto em decomposi\u00e7\u00e3o, pois eles s\u00e3o o principal atrativo para urubus e carcar\u00e1s. Um ambiente limpo \u00e9 a primeira linha de defesa contra esses ataques.<\/li>\n<li><strong>Vigil\u00e2ncia:<\/strong> Acompanhe de perto os nascimentos para garantir que os bezerros n\u00e3o fiquem desprotegidos. A presen\u00e7a humana no local \u00e9 um inibidor natural para as aves de rapina.<\/li>\n<\/ul>\n<p>\u00c9 importante ressaltar que urubus e carcar\u00e1s s\u00e3o protegidos por leis ambientais, e qualquer tentativa de dizim\u00e1-los \u00e9 crime ambiental.<\/p>\n<p>A melhor estrat\u00e9gia para o pecuarista \u00e9 o <strong>manejo sanit\u00e1rio<\/strong> e a <strong>preven\u00e7\u00e3o<\/strong>, controlando a presen\u00e7a dessas aves no ambiente de cria e protegendo os bezerros de forma legal e sustent\u00e1vel.<\/p>\n<\/p><\/div>\n<p><br \/>\n<br \/><a href=\"https:\/\/www.canalrural.com.br\/pecuaria\/ataque-de-carcaras-a-bezerros-entenda-o-motivo-e-como-se-defender\/\">Source link <\/a><\/p>\n","protected":false},"excerpt":{"rendered":"<p>Pecuaristas, o ataque de aves de rapina, como o carcar\u00e1, a bezerros rec\u00e9m-nascidos \u00e9 um problema grave que pode causar<\/p>\n","protected":false},"author":1,"featured_media":18453,"comment_status":"open","ping_status":"open","sticky":false,"template":"","format":"standard","meta":{"_monsterinsights_skip_tracking":false,"_monsterinsights_sitenote_active":false,"_monsterinsights_sitenote_note":"","_monsterinsights_sitenote_category":0,"_uf_show_specific_survey":0,"_uf_disable_surveys":false,"footnotes":""},"categories":[1],"tags":[],"class_list":["post-18452","post","type-post","status-publish","format-standard","has-post-thumbnail","hentry","category-news"],"_links":{"self":[{"href":"https:\/\/agromt.news\/index.php?rest_route=\/wp\/v2\/posts\/18452"}],"collection":[{"href":"https:\/\/agromt.news\/index.php?rest_route=\/wp\/v2\/posts"}],"about":[{"href":"https:\/\/agromt.news\/index.php?rest_route=\/wp\/v2\/types\/post"}],"author":[{"embeddable":true,"href":"https:\/\/agromt.news\/index.php?rest_route=\/wp\/v2\/users\/1"}],"replies":[{"embeddable":true,"href":"https:\/\/agromt.news\/index.php?rest_route=%2Fwp%2Fv2%2Fcomments&post=18452"}],"version-history":[{"count":0,"href":"https:\/\/agromt.news\/index.php?rest_route=\/wp\/v2\/posts\/18452\/revisions"}],"wp:featuredmedia":[{"embeddable":true,"href":"https:\/\/agromt.news\/index.php?rest_route=\/wp\/v2\/media\/18453"}],"wp:attachment":[{"href":"https:\/\/agromt.news\/index.php?rest_route=%2Fwp%2Fv2%2Fmedia&parent=18452"}],"wp:term":[{"taxonomy":"category","embeddable":true,"href":"https:\/\/agromt.news\/index.php?rest_route=%2Fwp%2Fv2%2Fcategories&post=18452"},{"taxonomy":"post_tag","embeddable":true,"href":"https:\/\/agromt.news\/index.php?rest_route=%2Fwp%2Fv2%2Ftags&post=18452"}],"curies":[{"name":"wp","href":"https:\/\/api.w.org\/{rel}","templated":true}]}}