{"id":18449,"date":"2025-08-12T16:27:03","date_gmt":"2025-08-12T20:27:03","guid":{"rendered":"https:\/\/agromt.news\/?p=18449"},"modified":"2025-08-12T16:27:03","modified_gmt":"2025-08-12T20:27:03","slug":"trigo-avanca-com-clima-favoravel-e-manejo-adequado","status":"publish","type":"post","link":"https:\/\/agromt.news\/?p=18449","title":{"rendered":"Trigo avan\u00e7a com clima favor\u00e1vel e manejo adequado"},"content":{"rendered":"<p> <br \/>\n<\/p>\n<div>\n<p style=\"text-align:justify\">De acordo com o Informativo Conjuntural divulgado na quinta-feira (7) pela Emater\/RS-Ascar, as lavouras de <a href=\"https:\/\/www.agrolink.com.br\/culturas\/trigo\/?utm_source=agrolink-detalhe-noticia&amp;utm_medium=detalhe-noticia&amp;utm_campaign=links-internos\" target=\"_blank\" rel=\"noopener\">trigo<\/a> no Rio Grande do Sul apresentam bom desempenho nas principais regi\u00f5es produtoras, com avan\u00e7os no desenvolvimento vegetativo e nas pr\u00e1ticas de manejo.&#13;\n<\/p>\n<p style=\"text-align:justify\">Na regi\u00e3o administrativa de Caxias do Sul, a semeadura foi conclu\u00edda, com as \u00faltimas opera\u00e7\u00f5es realizadas nos Campos de Cima da Serra. Conforme o boletim, as lavouras apresentam \u201cexcelente estabelecimento inicial\u201d. \u00c1reas implantadas no in\u00edcio de junho tiveram germina\u00e7\u00e3o desuniforme e baixa densidade de plantas devido ao excesso de chuvas, mas representam pequena parcela do total cultivado. Nas \u00e1reas semeadas mais cedo, j\u00e1 foram aplicados herbicidas para controle de plantas daninhas e aduba\u00e7\u00e3o nitrogenada em cobertura.<\/p>\n<p style=\"text-align:justify\">Em Frederico Westphalen, os cultivos registram elevada taxa de afilhamento e avan\u00e7o no desenvolvimento vegetativo em compara\u00e7\u00e3o \u00e0 semana anterior. O boletim atribui esse resultado \u00e0s condi\u00e7\u00f5es clim\u00e1ticas favor\u00e1veis e \u00e0 aduba\u00e7\u00e3o nitrogenada. Nas lavouras mais tardias, h\u00e1 aplica\u00e7\u00e3o intensiva de herbicidas para controle de azev\u00e9m, enquanto nas \u00e1reas mais adiantadas s\u00e3o realizadas aplica\u00e7\u00f5es preventivas de fungicidas.<\/p>\n<p style=\"text-align:justify\">Na regi\u00e3o de Iju\u00ed, o desenvolvimento \u00e9 considerado \u201cmuito satisfat\u00f3rio\u201d, com vigor vegetativo e sanidade adequados. As lavouras semeadas no fim de maio, que representam cerca de 20% do total, est\u00e3o entre o alongamento do colmo e o in\u00edcio do emborrachamento, devendo emitir espigas nos pr\u00f3ximos dias. Segundo a Emater\/RS-Ascar, o resultado \u00e9 reflexo da boa implanta\u00e7\u00e3o e da efic\u00e1cia do manejo nutricional e fitossanit\u00e1rio.&#13;\n<\/p>\n<p style=\"text-align:justify\">Em Santa Maria, a altern\u00e2ncia de chuvas e per\u00edodos de radia\u00e7\u00e3o solar favoreceu a retomada do crescimento vegetativo, permitindo a aplica\u00e7\u00e3o da aduba\u00e7\u00e3o nitrogenada em cobertura, considerada estrat\u00e9gica para o incremento do perfilhamento e do potencial produtivo.<\/p>\n<p style=\"text-align:justify\">Na regi\u00e3o de Santa Rosa, 98% das lavouras est\u00e3o na fase vegetativa e 2% em fase reprodutiva inicial, com emiss\u00e3o de espigas. As condi\u00e7\u00f5es clim\u00e1ticas amenas e a boa disponibilidade de \u00e1gua favoreceram o crescimento, com plantas entre 15 e 20 cent\u00edmetros. Parte das \u00e1reas, no entanto, foi implantada com baixo n\u00edvel tecnol\u00f3gico, sem aduba\u00e7\u00e3o de base ou com doses inferiores \u00e0s recomendadas, devido a restri\u00e7\u00f5es de cr\u00e9dito rural e ao alto custo de acesso ao Proagro.<\/p>\n<p style=\"text-align:justify\">Em Soledade, o tempo firme, as temperaturas amenas e a radia\u00e7\u00e3o solar favoreceram o desenvolvimento, intensificando a colora\u00e7\u00e3o verde das lavouras. Contudo, \u00e1reas conduzidas com baixa tecnologia apresentam defici\u00eancia nutricional agravada por processos erosivos causados por chuvas intensas. A Emater\/RS-Ascar indica que essas \u00e1reas ainda podem se recuperar com a aplica\u00e7\u00e3o complementar de adubos nitrogenados, de acordo com o est\u00e1gio das plantas.&#13;\n<\/p>\n<\/p><\/div>\n<p><script data-cfasync=\"false\">\n    !function (f, b, e, v, n, t, s) {\n        if (f.fbq) return; n = f.fbq = function () {\n            n.callMethod ?\n                n.callMethod.apply(n, arguments) : n.queue.push(arguments)\n        };\n        if (!f._fbq) f._fbq = n; n.push = n; n.loaded = !0; n.version = '2.0';\n        n.queue = []; t = b.createElement(e); t.async = !0;\n        t.src = v; s = b.getElementsByTagName(e)[0];\n        s.parentNode.insertBefore(t, s)\n    }(window, document, 'script',\n        'https:\/\/connect.facebook.net\/en_US\/fbevents.js');\n    fbq('init', '522546078623747');\n    fbq('track', 'PageView');\n<\/script><br \/>\n<br \/><br \/>\n<br \/><a href=\"https:\/\/www.agrolink.com.br\/noticias\/trigo-avanca-com-clima-favoravel-e-manejo-adequado_504811.html\">Source link <\/a><\/p>\n","protected":false},"excerpt":{"rendered":"<p>De acordo com o Informativo Conjuntural divulgado na quinta-feira (7) pela Emater\/RS-Ascar, as lavouras de trigo no Rio Grande do<\/p>\n","protected":false},"author":1,"featured_media":2035,"comment_status":"open","ping_status":"open","sticky":false,"template":"","format":"standard","meta":{"_monsterinsights_skip_tracking":false,"_monsterinsights_sitenote_active":false,"_monsterinsights_sitenote_note":"","_monsterinsights_sitenote_category":0,"_uf_show_specific_survey":0,"_uf_disable_surveys":false,"footnotes":""},"categories":[8,1,14],"tags":[],"class_list":["post-18449","post","type-post","status-publish","format-standard","has-post-thumbnail","hentry","category-agro","category-news","category-politica-agro"],"_links":{"self":[{"href":"https:\/\/agromt.news\/index.php?rest_route=\/wp\/v2\/posts\/18449"}],"collection":[{"href":"https:\/\/agromt.news\/index.php?rest_route=\/wp\/v2\/posts"}],"about":[{"href":"https:\/\/agromt.news\/index.php?rest_route=\/wp\/v2\/types\/post"}],"author":[{"embeddable":true,"href":"https:\/\/agromt.news\/index.php?rest_route=\/wp\/v2\/users\/1"}],"replies":[{"embeddable":true,"href":"https:\/\/agromt.news\/index.php?rest_route=%2Fwp%2Fv2%2Fcomments&post=18449"}],"version-history":[{"count":0,"href":"https:\/\/agromt.news\/index.php?rest_route=\/wp\/v2\/posts\/18449\/revisions"}],"wp:featuredmedia":[{"embeddable":true,"href":"https:\/\/agromt.news\/index.php?rest_route=\/wp\/v2\/media\/2035"}],"wp:attachment":[{"href":"https:\/\/agromt.news\/index.php?rest_route=%2Fwp%2Fv2%2Fmedia&parent=18449"}],"wp:term":[{"taxonomy":"category","embeddable":true,"href":"https:\/\/agromt.news\/index.php?rest_route=%2Fwp%2Fv2%2Fcategories&post=18449"},{"taxonomy":"post_tag","embeddable":true,"href":"https:\/\/agromt.news\/index.php?rest_route=%2Fwp%2Fv2%2Ftags&post=18449"}],"curies":[{"name":"wp","href":"https:\/\/api.w.org\/{rel}","templated":true}]}}