{"id":18439,"date":"2025-08-12T14:06:33","date_gmt":"2025-08-12T18:06:33","guid":{"rendered":"https:\/\/agromt.news\/?p=18439"},"modified":"2025-08-12T14:06:33","modified_gmt":"2025-08-12T18:06:33","slug":"mesmo-fora-do-tarifaco-setor-do-suco-de-laranja-pode-ter-prejuizo-de-r-15-bilhao","status":"publish","type":"post","link":"https:\/\/agromt.news\/?p=18439","title":{"rendered":"Mesmo fora do tarifa\u00e7o, setor do suco de laranja pode ter preju\u00edzo de R$ 1,5 bilh\u00e3o"},"content":{"rendered":"<p> <br \/>\n<br \/><img decoding=\"async\" src=\"https:\/\/agromt.news\/wp-content\/uploads\/2025\/03\/Estoques-de-suco-de-laranja-atingem-menor-nivel-da-serie.png\" \/><\/p>\n<div>\n<p>Apesar de ter <a href=\"https:\/\/www.canalrural.com.br\/agricultura\/hortifruti\/citros-setor-respira-aliviado-com-suco-de-laranja-fora-do-tarifaco\/\">sido inclu\u00eddo na lista de quase 700 exce\u00e7\u00f5es do tarifa\u00e7o<\/a>, o setor exportador de suco de laranja do pode registrar preju\u00edzo de RS 1,5 bilh\u00e3o, afirma a Associa\u00e7\u00e3o Nacional dos Exportadores de Sucos C\u00edtricos ( CitrusBR).<\/p>\n<p>De acordo com a Citrus BR, o preju\u00edzo decorre da inviabilidade econ\u00f4mica das exporta\u00e7\u00f5es de subprodutos, taxadas em 50%, que renderam US$ 177,8 milh\u00f5es na safra anterior. Soma-se a esse valor o impacto estimado da tarifa de 10% sobre o suco de laranja, calculado em US$ 103,6 milh\u00f5es (R$\u202f566,7 milh\u00f5es). Os valores consideram o volume registrado pela Secretaria de Com\u00e9rcio Exterior na safra 2024\/25.<\/p>\n<p><em>Veja em primeira m\u00e3o tudo sobre agricultura, pecu\u00e1ria, economia e previs\u00e3o do tempo:<\/em><a href=\"https:\/\/news.google.com\/publications\/CAAqBwgKMPKZlQswq_mqAw?hl=pt-BR&amp;gl=BR&amp;ceid=BR%3Apt-419\" target=\"_blank\" rel=\"noreferrer noopener\"><em>\u00a0siga o Canal Rural no Google News!<\/em><\/a><\/p>\n<p>Os subprodutos da cadeia citr\u00edcola s\u00e3o amplamente utilizados tanto pela ind\u00fastria de bebidas quanto pela de cosm\u00e9ticos. Nos Estados Unidos, cerca de 58% do consumo de suco \u00e9 composto por suco reconstitu\u00eddo, produto concentrado a 66% de partes s\u00f3lidas, com consist\u00eancia semelhante \u00e0 do leite condensado. Ap\u00f3s a importa\u00e7\u00e3o, esse suco recebe \u00e1gua at\u00e9 atingir sua dilui\u00e7\u00e3o natural, com cerca de 12% de partes s\u00f3lidas.<\/p>\n<\/div>\n<div>\n<p>\u201cMuitos desses produtos dependem de ingredientes como c\u00e9lulas c\u00edtricas, os gominhos da laranja,  e \u00f3leos essenciais respons\u00e1veis pelo aroma, e esses insumos est\u00e3o sobretaxados em 50%, o que inviabiliza a opera\u00e7\u00e3o\u201d, afirma o diretor-executivo da CitrusBR, Ibiapaba Netto. \u201cIsso pode ter efeito negativo na experi\u00eancia do consumidor, prejudicar as empresas americanas e, por consequ\u00eancia, impactar toda a cadeia brasileira.\u201d<\/p>\n<p>Os \u00f3leos essenciais tamb\u00e9m s\u00e3o fundamentais para a ind\u00fastria de cosm\u00e9ticos, pois conferem as notas c\u00edtricas aos perfumes. Os Estados Unidos respondem por fatias expressivas das exporta\u00e7\u00f5es brasileiras desses insumos: cerca de 36% no caso do \u00f3leo essencial prensado, 39% para o \u00f3leo comum e quase 60% para o d-limoneno, utilizado em fragr\u00e2ncias e solventes naturais. \u201cPode ser um impacto muito grande para esses setores\u201d, refor\u00e7a Netto.<\/p>\n<p>Al\u00e9m do impacto tarif\u00e1rio, o setor enfrenta uma forte retra\u00e7\u00e3o nos pre\u00e7os internacionais, consequ\u00eancia do aumento de 36% na oferta de frutas em rela\u00e7\u00e3o \u00e0 safra anterior, segundo dados do Fundecitrus. De acordo com a Secex, o pre\u00e7o m\u00e9dio da tonelada exportada para os Estados Unidos na safra passada foi de US$ 4.243. Na cota\u00e7\u00e3o de 7 de agosto, o valor caiu para US$ 3.387, uma redu\u00e7\u00e3o de 20,17%. Mantido o volume exportado, a perda estimada de receita com a desvaloriza\u00e7\u00e3o \u00e9 de US$ 261,8 milh\u00f5es.<\/p>\n<p>Somando os efeitos das tarifas \u00e0 queda nas cota\u00e7\u00f5es, as perdas totais do setor podem ultrapassar R$ 2,9 bilh\u00f5es. \u201cEmbora o setor esteja aliviado por ter sido inclu\u00eddo na lista de exce\u00e7\u00f5es, os impactos s\u00e3o significativos, principalmente em um contexto de mercado desafiador como o deste ano\u201d, avalia Netto.<\/p>\n<\/p><\/div>\n<p><br \/>\n<br \/><a href=\"https:\/\/www.canalrural.com.br\/agricultura\/mesmo-fora-do-tarifaco-setor-do-suco-de-laranja-pode-ter-prejuizo-de-r-15-bilhao\/\">Source link <\/a><\/p>\n","protected":false},"excerpt":{"rendered":"<p>Apesar de ter sido inclu\u00eddo na lista de quase 700 exce\u00e7\u00f5es do tarifa\u00e7o, o setor exportador de suco de laranja<\/p>\n","protected":false},"author":1,"featured_media":10736,"comment_status":"open","ping_status":"open","sticky":false,"template":"","format":"standard","meta":{"_monsterinsights_skip_tracking":false,"_monsterinsights_sitenote_active":false,"_monsterinsights_sitenote_note":"","_monsterinsights_sitenote_category":0,"_uf_show_specific_survey":0,"_uf_disable_surveys":false,"footnotes":""},"categories":[1],"tags":[],"class_list":["post-18439","post","type-post","status-publish","format-standard","has-post-thumbnail","hentry","category-news"],"_links":{"self":[{"href":"https:\/\/agromt.news\/index.php?rest_route=\/wp\/v2\/posts\/18439"}],"collection":[{"href":"https:\/\/agromt.news\/index.php?rest_route=\/wp\/v2\/posts"}],"about":[{"href":"https:\/\/agromt.news\/index.php?rest_route=\/wp\/v2\/types\/post"}],"author":[{"embeddable":true,"href":"https:\/\/agromt.news\/index.php?rest_route=\/wp\/v2\/users\/1"}],"replies":[{"embeddable":true,"href":"https:\/\/agromt.news\/index.php?rest_route=%2Fwp%2Fv2%2Fcomments&post=18439"}],"version-history":[{"count":0,"href":"https:\/\/agromt.news\/index.php?rest_route=\/wp\/v2\/posts\/18439\/revisions"}],"wp:featuredmedia":[{"embeddable":true,"href":"https:\/\/agromt.news\/index.php?rest_route=\/wp\/v2\/media\/10736"}],"wp:attachment":[{"href":"https:\/\/agromt.news\/index.php?rest_route=%2Fwp%2Fv2%2Fmedia&parent=18439"}],"wp:term":[{"taxonomy":"category","embeddable":true,"href":"https:\/\/agromt.news\/index.php?rest_route=%2Fwp%2Fv2%2Fcategories&post=18439"},{"taxonomy":"post_tag","embeddable":true,"href":"https:\/\/agromt.news\/index.php?rest_route=%2Fwp%2Fv2%2Ftags&post=18439"}],"curies":[{"name":"wp","href":"https:\/\/api.w.org\/{rel}","templated":true}]}}